{"id":120297,"date":"2019-10-02T10:45:39","date_gmt":"2019-10-02T13:45:39","guid":{"rendered":"https:\/\/senoticias.com.br\/se\/?p=120297"},"modified":"2019-10-02T18:55:03","modified_gmt":"2019-10-02T21:55:03","slug":"tentativa-de-fuga-deixa-agentes-feridos-no-cenam","status":"publish","type":"post","link":"https:\/\/senoticias.com.br\/se\/tentativa-de-fuga-deixa-agentes-feridos-no-cenam\/","title":{"rendered":"Tentativa de fuga deixa agentes feridos no Cenam"},"content":{"rendered":"<p style=\"text-align: justify;\">Uma tentativa de fuga foi registrada no in\u00edcio da noite da \u00faltima ter\u00e7a-feira, 1\u00ba de outubro, no Centro de Atendimento ao Menor (Cenam). Dois agentes socioeducativos acabaram feridos com golpes de arma branca durante a conten\u00e7\u00e3o dos envolvidos e precisaram ser levados para o Hospital de Urg\u00eancias de Sergipe (Huse).<\/p>\n<div id=\"attachment_120298\" style=\"width: 560px\" class=\"wp-caption aligncenter\"><a href=\"https:\/\/senoticias.com.br\/se\/wp-content\/uploads\/2019\/10\/agentes-machucados-foto-enviada-por-internauta-021002019-e1570023869876.jpg\"><img loading=\"lazy\" decoding=\"async\" aria-describedby=\"caption-attachment-120298\" class=\"size-full wp-image-120298\" src=\"https:\/\/senoticias.com.br\/se\/wp-content\/uploads\/2019\/10\/agentes-machucados-foto-enviada-por-internauta-021002019-e1570023869876.jpg\" alt=\"\" width=\"550\" height=\"307\" \/><\/a><p id=\"caption-attachment-120298\" class=\"wp-caption-text\">Dois agentes socioeducativos acabaram feridos com golpes de arma branca (foto enviada ao Portal por Internauta)<\/p><\/div>\n<p style=\"text-align: justify;\">As primeiras informa\u00e7\u00f5es sobre o fato d\u00e3o conta de que a tentativa frustrada se deu na Ala 7, quando os agentes tentavam efetuar a transfer\u00eancia do interno. \u201cEles se recusaram a sair da ala e houve o conflito. Os menores partiram para cima deles com \u2018chuchos\u2019 e barras de ferro\u201d, indica o presidente do Sindicato dos Agentes Socioeducativos de Sergipe (Sindasse), Clichardson Hip\u00f3lito.<\/p>\n<p style=\"text-align: justify;\">Clichardson afirma que a categoria tomar\u00e1 medidas urgentes para cobrar do Governo de Sergipe pol\u00edticas de prote\u00e7\u00e3o aos agentes. \u201cEm menos de dois dias, por pouco, quatro agentes n\u00e3o vieram a \u00f3bito. O sindicato vai tomar as devidas provid\u00eancias mais uma vez em rela\u00e7\u00e3o a essa pol\u00edtica que est\u00e1 sendo tomada em rela\u00e7\u00e3o aos agentes socioeducativos.\u201d, critica o sindicalista.<\/p>\n<p style=\"text-align: justify;\">Paralisa\u00e7\u00e3o da categoria<\/p>\n<p style=\"text-align: justify;\">O presidente do Sindasse tamb\u00e9m indicou a possibilidade de paralisa\u00e7\u00e3o das categorias a partir das pr\u00f3ximas reuni\u00f5es entre os agentes. Segundo ele, a pr\u00f3xima sexta-feira, 4, ser\u00e1 um dia crucial para deliberar ou n\u00e3o esse momento de mobiliza\u00e7\u00e3o.<\/p>\n<p style=\"text-align: justify;\">De acordo com a Funda\u00e7\u00e3o Renascer, na noite da \u00faltima ter\u00e7a-feira, 01, um grupo de adolescentes tentou evadir e, durante o conflito, dois profissionais tiveram ferimentos pr\u00f3ximo ao rosto e pesco\u00e7o. De acordo com informa\u00e7\u00f5es da dire\u00e7\u00e3o da Funda\u00e7\u00e3o, do grupo de socioeducandos envolvido, dois eram maiores de idade [a depender do ato infracional cometido e da medida determinada em ju\u00edzo, eles podem permanecer na unidade at\u00e9 os 21 anos].<\/p>\n<p style=\"text-align: justify;\">Os adolescentes foram encaminhados para prestar depoimento na delegacia, a fim de que a Justi\u00e7a avalie a ado\u00e7\u00e3o de provid\u00eancias, a exemplo da possibilidade de agravamento da medida socioeducativa determinada. Os agentes atingidos foram encaminhados para o HUSE, onde foram atendidos e liberados. Um deles permanecer\u00e1 em repouso por 30 dias, para restabelecimento.<\/p>\n<p style=\"text-align: justify;\">por Daniel Rezende<\/p>\n<p><a href=\"https:\/\/senoticias.com.br\/se\/wp-content\/uploads\/2019\/09\/Logo-novo-fone-1.jpg\"><img loading=\"lazy\" decoding=\"async\" class=\"aligncenter size-full wp-image-119884\" src=\"https:\/\/senoticias.com.br\/se\/wp-content\/uploads\/2019\/09\/Logo-novo-fone-1.jpg\" alt=\"\" width=\"599\" height=\"78\" srcset=\"https:\/\/senoticias.com.br\/se\/wp-content\/uploads\/2019\/09\/Logo-novo-fone-1.jpg 599w, https:\/\/senoticias.com.br\/se\/wp-content\/uploads\/2019\/09\/Logo-novo-fone-1-300x39.jpg 300w\" sizes=\"(max-width: 599px) 100vw, 599px\" \/><\/a><\/p>\n<p><em><strong>Acompanhe tamb\u00e9m o SE Not\u00edcias no\u00a0<a href=\"https:\/\/twitter.com\/Senoticias\" target=\"_blank\" rel=\"noopener\">Twitter<\/a>,\u00a0<a href=\"https:\/\/www.facebook.com\/senoticias1\" target=\"_blank\" rel=\"noopener\">Facebook<\/a>\u00a0e no\u00a0<a href=\"https:\/\/www.instagram.com\/senoticias\/\" target=\"_blank\" rel=\"noopener\">Instagram<\/a><\/strong><\/em><\/p>\n","protected":false},"excerpt":{"rendered":"<p>Uma tentativa de fuga foi registrada no in\u00edcio da noite da \u00faltima ter\u00e7a-feira, 1\u00ba de outubro, no Centro de Atendimento ao Menor (Cenam). Dois agentes socioeducativos acabaram feridos com golpes de arma branca durante a conten\u00e7\u00e3o dos envolvidos e precisaram ser levados para o Hospital de Urg\u00eancias de Sergipe (Huse). As primeiras informa\u00e7\u00f5es sobre o [&hellip;]<\/p>\n","protected":false},"author":6557,"featured_media":0,"comment_status":"closed","ping_status":"closed","sticky":false,"template":"","format":"standard","meta":{"footnotes":""},"categories":[15,7],"tags":[13141,3690,13140],"class_list":{"0":"post-120297","1":"post","2":"type-post","3":"status-publish","4":"format-standard","6":"category-destaques","7":"category-policia","8":"tag-cenam","9":"tag-fuga","10":"tag-tentativa"},"_links":{"self":[{"href":"https:\/\/senoticias.com.br\/se\/wp-json\/wp\/v2\/posts\/120297"}],"collection":[{"href":"https:\/\/senoticias.com.br\/se\/wp-json\/wp\/v2\/posts"}],"about":[{"href":"https:\/\/senoticias.com.br\/se\/wp-json\/wp\/v2\/types\/post"}],"author":[{"embeddable":true,"href":"https:\/\/senoticias.com.br\/se\/wp-json\/wp\/v2\/users\/6557"}],"replies":[{"embeddable":true,"href":"https:\/\/senoticias.com.br\/se\/wp-json\/wp\/v2\/comments?post=120297"}],"version-history":[{"count":0,"href":"https:\/\/senoticias.com.br\/se\/wp-json\/wp\/v2\/posts\/120297\/revisions"}],"wp:attachment":[{"href":"https:\/\/senoticias.com.br\/se\/wp-json\/wp\/v2\/media?parent=120297"}],"wp:term":[{"taxonomy":"category","embeddable":true,"href":"https:\/\/senoticias.com.br\/se\/wp-json\/wp\/v2\/categories?post=120297"},{"taxonomy":"post_tag","embeddable":true,"href":"https:\/\/senoticias.com.br\/se\/wp-json\/wp\/v2\/tags?post=120297"}],"curies":[{"name":"wp","href":"https:\/\/api.w.org\/{rel}","templated":true}]}}