{"id":120262,"date":"2019-09-29T18:00:46","date_gmt":"2019-09-29T21:00:46","guid":{"rendered":"https:\/\/senoticias.com.br\/se\/?p=120262"},"modified":"2019-09-29T18:00:46","modified_gmt":"2019-09-29T21:00:46","slug":"duda-e-agatha-sao-campeas-de-etapa-do-open-em-vila-velha-es","status":"publish","type":"post","link":"https:\/\/senoticias.com.br\/se\/duda-e-agatha-sao-campeas-de-etapa-do-open-em-vila-velha-es\/","title":{"rendered":"Duda e \u00c1gatha s\u00e3o campe\u00e3s de etapa do Open em Vila Velha-ES"},"content":{"rendered":"<div class=\"mc-column content-text active-extra-styles active-capital-letter\" data-block-type=\"unstyled\" data-block-weight=\"33\" data-block-id=\"1\">\n<p style=\"text-align: justify;\">A sergipana Duda Lisboa e a paranaense \u00c1gatha Rippel come\u00e7aram a temporada 2019-2020 com o p\u00e9 direito. Neste s\u00e1bado, 28, elas foram campe\u00e3s da etapa de Vila Velha-ES do Open nacional de v\u00f4lei de praia \u2013 a primeira parada do circuito nacional. Na decis\u00e3o, a sergipana e a paranaense derrotaram Ana Patr\u00edcia e Rebecca (MG\/CE) por 2 sets a 0 \u2013 parciais de 21-17 e 21-14. O bronze ficou com B\u00e1rbara Seixas e Fernanda (RJ).<\/p>\n<div id=\"attachment_120263\" style=\"width: 609px\" class=\"wp-caption aligncenter\"><a href=\"https:\/\/senoticias.com.br\/se\/wp-content\/uploads\/2019\/09\/agatha-e-duda-largam-na-frente-na-temporada-20192020-e1569790618869.jpg\"><img loading=\"lazy\" decoding=\"async\" aria-describedby=\"caption-attachment-120263\" class=\"size-full wp-image-120263\" src=\"https:\/\/senoticias.com.br\/se\/wp-content\/uploads\/2019\/09\/agatha-e-duda-largam-na-frente-na-temporada-20192020-e1569790618869.jpg\" alt=\"\" width=\"599\" height=\"399\" \/><\/a><p id=\"caption-attachment-120263\" class=\"wp-caption-text\">P\u00f3dio feminino completo em Vila Velha (ES) (Cr\u00e9ditos: William Lucas\/Inovafoto\/CBV)<\/p><\/div>\n<p style=\"text-align: justify;\">Antes da final, ainda neste s\u00e1bado, Duda e \u00c1gatha haviam eliminado nas semifinais as cariocas B\u00e1rbara Seixas e Fernanda por 2 sets a 1 \u2013 parciais de 21-16, 16-21 e 15-13. Na campanha da etapa, Duda e \u00c1gatha obtiveram seis vit\u00f3rias em seis jogos e perderam apenas um set.<\/p>\n<p style=\"text-align: justify;\">A segunda parada do Brasileiro ocorre em Cuiab\u00e1 (MT), de 23 a 27 de outubro. A terceira etapa, em novembro de 2019 e as outras quatro a serem realizadas no primeiro semestre de 2020 ainda ter\u00e3o datas e cidades divulgadas pela CBV.<\/p>\n<\/div>\n<p><a href=\"https:\/\/senoticias.com.br\/se\/wp-content\/uploads\/2019\/09\/Logo-novo-fone-1.jpg\"><img loading=\"lazy\" decoding=\"async\" class=\"aligncenter size-full wp-image-119884\" src=\"https:\/\/senoticias.com.br\/se\/wp-content\/uploads\/2019\/09\/Logo-novo-fone-1.jpg\" alt=\"\" width=\"599\" height=\"78\" srcset=\"https:\/\/senoticias.com.br\/se\/wp-content\/uploads\/2019\/09\/Logo-novo-fone-1.jpg 599w, https:\/\/senoticias.com.br\/se\/wp-content\/uploads\/2019\/09\/Logo-novo-fone-1-300x39.jpg 300w\" sizes=\"(max-width: 599px) 100vw, 599px\" \/><\/a><\/p>\n<div class=\"mc-column content-text active-extra-styles active-capital-letter\" data-block-type=\"unstyled\" data-block-weight=\"33\" data-block-id=\"1\">\n<p style=\"text-align: justify;\"><em>Com informa\u00e7\u00f5es da Confedera\u00e7\u00e3o Brasileira de V\u00f4lei<\/em><\/p>\n<\/div>\n<p><em><strong>Acompanhe tamb\u00e9m o SE Not\u00edcias no\u00a0<a href=\"https:\/\/twitter.com\/Senoticias\" target=\"_blank\" rel=\"noopener\">Twitter<\/a>,\u00a0<a href=\"https:\/\/www.facebook.com\/senoticias1\" target=\"_blank\" rel=\"noopener\">Facebook<\/a>\u00a0e no\u00a0<a href=\"https:\/\/www.instagram.com\/senoticias\/\" target=\"_blank\" rel=\"noopener\">Instagram<\/a><\/strong><\/em><\/p>\n","protected":false},"excerpt":{"rendered":"<p>A sergipana Duda Lisboa e a paranaense \u00c1gatha Rippel come\u00e7aram a temporada 2019-2020 com o p\u00e9 direito. Neste s\u00e1bado, 28, elas foram campe\u00e3s da etapa de Vila Velha-ES do Open nacional de v\u00f4lei de praia \u2013 a primeira parada do circuito nacional. Na decis\u00e3o, a sergipana e a paranaense derrotaram Ana Patr\u00edcia e Rebecca (MG\/CE) [&hellip;]<\/p>\n","protected":false},"author":6552,"featured_media":120263,"comment_status":"closed","ping_status":"closed","sticky":false,"template":"","format":"standard","meta":{"footnotes":""},"categories":[15,26],"tags":[4552,12291],"class_list":{"0":"post-120262","1":"post","2":"type-post","3":"status-publish","4":"format-standard","5":"has-post-thumbnail","7":"category-destaques","8":"category-esportes","9":"tag-duda-e-agatha","10":"tag-duda-e-agatha-sao-campeas"},"_links":{"self":[{"href":"https:\/\/senoticias.com.br\/se\/wp-json\/wp\/v2\/posts\/120262"}],"collection":[{"href":"https:\/\/senoticias.com.br\/se\/wp-json\/wp\/v2\/posts"}],"about":[{"href":"https:\/\/senoticias.com.br\/se\/wp-json\/wp\/v2\/types\/post"}],"author":[{"embeddable":true,"href":"https:\/\/senoticias.com.br\/se\/wp-json\/wp\/v2\/users\/6552"}],"replies":[{"embeddable":true,"href":"https:\/\/senoticias.com.br\/se\/wp-json\/wp\/v2\/comments?post=120262"}],"version-history":[{"count":0,"href":"https:\/\/senoticias.com.br\/se\/wp-json\/wp\/v2\/posts\/120262\/revisions"}],"wp:featuredmedia":[{"embeddable":true,"href":"https:\/\/senoticias.com.br\/se\/wp-json\/wp\/v2\/media\/120263"}],"wp:attachment":[{"href":"https:\/\/senoticias.com.br\/se\/wp-json\/wp\/v2\/media?parent=120262"}],"wp:term":[{"taxonomy":"category","embeddable":true,"href":"https:\/\/senoticias.com.br\/se\/wp-json\/wp\/v2\/categories?post=120262"},{"taxonomy":"post_tag","embeddable":true,"href":"https:\/\/senoticias.com.br\/se\/wp-json\/wp\/v2\/tags?post=120262"}],"curies":[{"name":"wp","href":"https:\/\/api.w.org\/{rel}","templated":true}]}}