{"id":120223,"date":"2019-09-25T14:51:43","date_gmt":"2019-09-25T17:51:43","guid":{"rendered":"https:\/\/senoticias.com.br\/se\/?p=120223"},"modified":"2019-09-25T18:08:37","modified_gmt":"2019-09-25T21:08:37","slug":"deputados-irao-homenagear-general-mourao-com-maior-honraria-da-casa","status":"publish","type":"post","link":"https:\/\/senoticias.com.br\/se\/deputados-irao-homenagear-general-mourao-com-maior-honraria-da-casa\/","title":{"rendered":"Assembleia Legislativa de Sergipe vai homenagear vice-presidente da Rep\u00fablica com maior honraria da Casa"},"content":{"rendered":"<p style=\"text-align: justify;\">No pr\u00f3ximo dia 4 de outubro, o vice-presidente da Rep\u00fablica, General Ant\u00f4nio Hamilton Martins Mour\u00e3o receber\u00e1 a mais alta honraria da Assembleia Legislativa de Sergipe (Alese), a Medalha da Ordem de M\u00e9rito Parlamentar. A Solenidade ocorrer\u00e1 no plen\u00e1rio do Poder Legislativo, \u00e0s 14h30, quando o presidente da Alese e deputado estadual, Luciano Bispo (MDB), far\u00e1 \u00e0s honras do ato solene ao homenageado. O autor da propositura \u00e9 o deputado estadual Capit\u00e3o Samuel (PSC).<\/p>\n<div id=\"attachment_120224\" style=\"width: 560px\" class=\"wp-caption aligncenter\"><a href=\"https:\/\/senoticias.com.br\/se\/wp-content\/uploads\/2019\/09\/mourao-foto-marcelo-camargo-agencia-brasil.jpg\"><img loading=\"lazy\" decoding=\"async\" aria-describedby=\"caption-attachment-120224\" class=\"size-full wp-image-120224\" src=\"https:\/\/senoticias.com.br\/se\/wp-content\/uploads\/2019\/09\/mourao-foto-marcelo-camargo-agencia-brasil.jpg\" alt=\"\" width=\"550\" height=\"330\" srcset=\"https:\/\/senoticias.com.br\/se\/wp-content\/uploads\/2019\/09\/mourao-foto-marcelo-camargo-agencia-brasil.jpg 550w, https:\/\/senoticias.com.br\/se\/wp-content\/uploads\/2019\/09\/mourao-foto-marcelo-camargo-agencia-brasil-300x180.jpg 300w\" sizes=\"(max-width: 550px) 100vw, 550px\" \/><\/a><p id=\"caption-attachment-120224\" class=\"wp-caption-text\">O presidente em exerc\u00edcio, General Hamilton Mour\u00e3o, ao sair de seu gabinete no Pal\u00e1cio do Planalto (foto: Ag\u00eancia Brasil)<\/p><\/div>\n<p style=\"text-align: justify;\">A Medalha da Ordem do M\u00e9rito Parlamentar \u00e9 concedida a pessoas f\u00edsicas ou jur\u00eddicas que contribuem para o engrandecimento do Estado de Sergipe e do Poder Legislativo ou M\u00e9rito Excepcional, aprovada pelo Conselho da \u201cOrdem do M\u00e9rito Parlamentar\u201d, composto por deputados, membros da Mesa Diretora, l\u00edderes da bancada dos partidos que tenham representantes na Assembleia Legislativa e pelo \u00faltimo ex-presidente da Assembleia Legislativa de Sergipe. A Medalha foi criada por Decreto legislativo de n\u00ba 02\/87, em 29 de junho de 1987.Homenageado<\/p>\n<p style=\"text-align: justify;\">Hamilton Mour\u00e3o (1953) \u00e9 um general da reserva do Ex\u00e9rcito Brasileiro e o vice-presidente da Rep\u00fablica no governo de Jair Bolsonaro. Ant\u00f4nio Hamilton Martins Mour\u00e3o nasceu em Porto Alegre, Rio Grande do Sul, no dia 15 de agosto de 1953. Filho dos amazonenses, Ant\u00f4nio Hamilton Mour\u00e3o, general de divis\u00e3o, e de Wanda Martins Mour\u00e3o.<\/p>\n<p style=\"text-align: justify;\">Fonte: Alese<\/p>\n<p><a href=\"https:\/\/senoticias.com.br\/se\/wp-content\/uploads\/2019\/09\/Logo-novo-fone-1.jpg\"><img loading=\"lazy\" decoding=\"async\" class=\"aligncenter size-full wp-image-119884\" src=\"https:\/\/senoticias.com.br\/se\/wp-content\/uploads\/2019\/09\/Logo-novo-fone-1.jpg\" alt=\"\" width=\"599\" height=\"78\" srcset=\"https:\/\/senoticias.com.br\/se\/wp-content\/uploads\/2019\/09\/Logo-novo-fone-1.jpg 599w, https:\/\/senoticias.com.br\/se\/wp-content\/uploads\/2019\/09\/Logo-novo-fone-1-300x39.jpg 300w\" sizes=\"(max-width: 599px) 100vw, 599px\" \/><\/a><\/p>\n<p><em><strong>Acompanhe tamb\u00e9m o SE Not\u00edcias no\u00a0<a href=\"https:\/\/twitter.com\/Senoticias\" target=\"_blank\" rel=\"noopener\">Twitter<\/a>,\u00a0<a href=\"https:\/\/www.facebook.com\/senoticias1\" target=\"_blank\" rel=\"noopener\">Facebook<\/a>\u00a0e no\u00a0<a href=\"https:\/\/www.instagram.com\/senoticias\/\" target=\"_blank\" rel=\"noopener\">Instagram<\/a><\/strong><\/em><\/p>\n","protected":false},"excerpt":{"rendered":"<p>No pr\u00f3ximo dia 4 de outubro, o vice-presidente da Rep\u00fablica, General Ant\u00f4nio Hamilton Martins Mour\u00e3o receber\u00e1 a mais alta honraria da Assembleia Legislativa de Sergipe (Alese), a Medalha da Ordem de M\u00e9rito Parlamentar. A Solenidade ocorrer\u00e1 no plen\u00e1rio do Poder Legislativo, \u00e0s 14h30, quando o presidente da Alese e deputado estadual, Luciano Bispo (MDB), far\u00e1 [&hellip;]<\/p>\n","protected":false},"author":6557,"featured_media":0,"comment_status":"closed","ping_status":"closed","sticky":false,"template":"","format":"standard","meta":{"footnotes":""},"categories":[15,6],"tags":[5328,3129,13011],"class_list":{"0":"post-120223","1":"post","2":"type-post","3":"status-publish","4":"format-standard","6":"category-destaques","7":"category-politica","8":"tag-deputados","9":"tag-homenagem","10":"tag-mourao"},"_links":{"self":[{"href":"https:\/\/senoticias.com.br\/se\/wp-json\/wp\/v2\/posts\/120223"}],"collection":[{"href":"https:\/\/senoticias.com.br\/se\/wp-json\/wp\/v2\/posts"}],"about":[{"href":"https:\/\/senoticias.com.br\/se\/wp-json\/wp\/v2\/types\/post"}],"author":[{"embeddable":true,"href":"https:\/\/senoticias.com.br\/se\/wp-json\/wp\/v2\/users\/6557"}],"replies":[{"embeddable":true,"href":"https:\/\/senoticias.com.br\/se\/wp-json\/wp\/v2\/comments?post=120223"}],"version-history":[{"count":0,"href":"https:\/\/senoticias.com.br\/se\/wp-json\/wp\/v2\/posts\/120223\/revisions"}],"wp:attachment":[{"href":"https:\/\/senoticias.com.br\/se\/wp-json\/wp\/v2\/media?parent=120223"}],"wp:term":[{"taxonomy":"category","embeddable":true,"href":"https:\/\/senoticias.com.br\/se\/wp-json\/wp\/v2\/categories?post=120223"},{"taxonomy":"post_tag","embeddable":true,"href":"https:\/\/senoticias.com.br\/se\/wp-json\/wp\/v2\/tags?post=120223"}],"curies":[{"name":"wp","href":"https:\/\/api.w.org\/{rel}","templated":true}]}}