{"id":120208,"date":"2019-09-24T08:53:05","date_gmt":"2019-09-24T11:53:05","guid":{"rendered":"https:\/\/senoticias.com.br\/se\/?p=120208"},"modified":"2019-09-24T08:53:05","modified_gmt":"2019-09-24T11:53:05","slug":"prefeitura-de-sao-cristovao-anuncia-concurso-para-agente-de-transito","status":"publish","type":"post","link":"https:\/\/senoticias.com.br\/se\/prefeitura-de-sao-cristovao-anuncia-concurso-para-agente-de-transito\/","title":{"rendered":"Prefeitura de S\u00e3o Crist\u00f3v\u00e3o anuncia concurso para agente de tr\u00e2nsito"},"content":{"rendered":"<p style=\"text-align: justify;\">A prefeitura de S\u00e3o Crist\u00f3v\u00e3o comemorou o dia do Agente de Tr\u00e2nsito nesta segunda-feira (23) com an\u00fancio de concurso para a \u00e1rea. O prefeito Marcos Santana coordenou a solenidade e destacou a import\u00e2ncia do trabalho dos agentes para a mobilidade urbana e seguran\u00e7a de pedestres e condutores.<\/p>\n<div id=\"attachment_120209\" style=\"width: 560px\" class=\"wp-caption aligncenter\"><a href=\"https:\/\/senoticias.com.br\/se\/wp-content\/uploads\/2019\/09\/saocristovao_anuncioconcurso_230919-e1569284472155.jpeg\"><img loading=\"lazy\" decoding=\"async\" aria-describedby=\"caption-attachment-120209\" class=\"size-full wp-image-120209\" src=\"https:\/\/senoticias.com.br\/se\/wp-content\/uploads\/2019\/09\/saocristovao_anuncioconcurso_230919-e1569284472155.jpeg\" alt=\"\" width=\"550\" height=\"367\" srcset=\"https:\/\/senoticias.com.br\/se\/wp-content\/uploads\/2019\/09\/saocristovao_anuncioconcurso_230919-e1569284472155.jpeg 550w, https:\/\/senoticias.com.br\/se\/wp-content\/uploads\/2019\/09\/saocristovao_anuncioconcurso_230919-e1569284472155-300x200.jpeg 300w, https:\/\/senoticias.com.br\/se\/wp-content\/uploads\/2019\/09\/saocristovao_anuncioconcurso_230919-e1569284472155-90x60.jpeg 90w, https:\/\/senoticias.com.br\/se\/wp-content\/uploads\/2019\/09\/saocristovao_anuncioconcurso_230919-e1569284472155-180x120.jpeg 180w, https:\/\/senoticias.com.br\/se\/wp-content\/uploads\/2019\/09\/saocristovao_anuncioconcurso_230919-e1569284472155-95x64.jpeg 95w\" sizes=\"(max-width: 550px) 100vw, 550px\" \/><\/a><p id=\"caption-attachment-120209\" class=\"wp-caption-text\">O gestor anunciou a realiza\u00e7\u00e3o de concurso para o \u00f3rg\u00e3o, que atualmente conta apenas com 11 agentes. (Foto: Prefeitura de S\u00e3o Crist\u00f3v\u00e3o)<\/p><\/div>\n<p style=\"text-align: justify;\">Na ocasi\u00e3o, o gestor anunciou a realiza\u00e7\u00e3o de concurso para o \u00f3rg\u00e3o, que atualmente conta apenas com 11 agentes. O edital est\u00e1 em fase de prepara\u00e7\u00e3o para posterior publica\u00e7\u00e3o.\u201cN\u00f3s, que somos servidores, precisamos pensar que a administra\u00e7\u00e3o n\u00e3o atua para si mesmo, mas para a popula\u00e7\u00e3o. N\u00e3o administramos pensando em categorias, mas no bem comum. Essa administra\u00e7\u00e3o respeita o trabalho de voc\u00eas. Iremos realizar concurso ap\u00f3s 19 anos para melhorar a qualidade do trabalho ofertado. Somos uma cidade de 100 mil habitantes, precisamos de uma SMTT equipada e atuante para garantir a seguran\u00e7a das pessoas\u201d.<\/p>\n<p style=\"text-align: justify;\">Tamb\u00e9m ocorreu assinatura do contrato para a reforma da sede da SMTT. Com prazo para execu\u00e7\u00e3o de 180 dias, a obra ser\u00e1 realizada com recursos pr\u00f3prios no valor de R$ 179.317,76. Para o superintendente da SMTT de S\u00e3o Crist\u00f3v\u00e3o, F\u00e1bio Lemos, este \u00e9 um grande momento para os agentes, que segundo ele, cumprem um papel primordial no munic\u00edpio. \u201cEssa \u00e9 uma forma de prestigiar os funcion\u00e1rios efetivos que vem h\u00e1 anos prestando relevantes servi\u00e7os. Hoje n\u00f3s tamb\u00e9m entregamos um certificado de reconhecimento por esses servi\u00e7os desempenhados aqui, mostrando para eles a import\u00e2ncia que eles tem em nosso munic\u00edpio na quest\u00e3o da mobilidade urbana. O nosso objetivo aqui \u00e9 lembrar deles e saudar a todos nessa Semana Nacional do Tr\u00e2nsito\u201d, pontuou.<\/p>\n<p style=\"text-align: justify;\">Com informa\u00e7\u00f5es da Prefeitura de S\u00e3o Crist\u00f3v\u00e3o<\/p>\n<p><a href=\"https:\/\/senoticias.com.br\/se\/wp-content\/uploads\/2019\/09\/Logo-novo-fone-1.jpg\"><img loading=\"lazy\" decoding=\"async\" class=\"aligncenter size-full wp-image-119884\" src=\"https:\/\/senoticias.com.br\/se\/wp-content\/uploads\/2019\/09\/Logo-novo-fone-1.jpg\" alt=\"\" width=\"599\" height=\"78\" srcset=\"https:\/\/senoticias.com.br\/se\/wp-content\/uploads\/2019\/09\/Logo-novo-fone-1.jpg 599w, https:\/\/senoticias.com.br\/se\/wp-content\/uploads\/2019\/09\/Logo-novo-fone-1-300x39.jpg 300w\" sizes=\"(max-width: 599px) 100vw, 599px\" \/><\/a><\/p>\n<p>&nbsp;<\/p>\n<p><em><strong>Acompanhe tamb\u00e9m o SE Not\u00edcias no\u00a0<a href=\"https:\/\/twitter.com\/Senoticias\" target=\"_blank\" rel=\"noopener\">Twitter<\/a>,\u00a0<a href=\"https:\/\/www.facebook.com\/senoticias1\" target=\"_blank\" rel=\"noopener\">Facebook<\/a>\u00a0e no\u00a0<a href=\"https:\/\/www.instagram.com\/senoticias\/\" target=\"_blank\" rel=\"noopener\">Instagram<\/a><\/strong><\/em><\/p>\n","protected":false},"excerpt":{"rendered":"<p>A prefeitura de S\u00e3o Crist\u00f3v\u00e3o comemorou o dia do Agente de Tr\u00e2nsito nesta segunda-feira (23) com an\u00fancio de concurso para a \u00e1rea. O prefeito Marcos Santana coordenou a solenidade e destacou a import\u00e2ncia do trabalho dos agentes para a mobilidade urbana e seguran\u00e7a de pedestres e condutores. Na ocasi\u00e3o, o gestor anunciou a realiza\u00e7\u00e3o de [&hellip;]<\/p>\n","protected":false},"author":6557,"featured_media":0,"comment_status":"closed","ping_status":"closed","sticky":false,"template":"","format":"standard","meta":{"footnotes":""},"categories":[15],"tags":[13102,412,81],"class_list":{"0":"post-120208","1":"post","2":"type-post","3":"status-publish","4":"format-standard","6":"category-destaques","7":"tag-agente-de-transito","8":"tag-concurso","9":"tag-prefeitura-de-sao-cristovao"},"_links":{"self":[{"href":"https:\/\/senoticias.com.br\/se\/wp-json\/wp\/v2\/posts\/120208"}],"collection":[{"href":"https:\/\/senoticias.com.br\/se\/wp-json\/wp\/v2\/posts"}],"about":[{"href":"https:\/\/senoticias.com.br\/se\/wp-json\/wp\/v2\/types\/post"}],"author":[{"embeddable":true,"href":"https:\/\/senoticias.com.br\/se\/wp-json\/wp\/v2\/users\/6557"}],"replies":[{"embeddable":true,"href":"https:\/\/senoticias.com.br\/se\/wp-json\/wp\/v2\/comments?post=120208"}],"version-history":[{"count":0,"href":"https:\/\/senoticias.com.br\/se\/wp-json\/wp\/v2\/posts\/120208\/revisions"}],"wp:attachment":[{"href":"https:\/\/senoticias.com.br\/se\/wp-json\/wp\/v2\/media?parent=120208"}],"wp:term":[{"taxonomy":"category","embeddable":true,"href":"https:\/\/senoticias.com.br\/se\/wp-json\/wp\/v2\/categories?post=120208"},{"taxonomy":"post_tag","embeddable":true,"href":"https:\/\/senoticias.com.br\/se\/wp-json\/wp\/v2\/tags?post=120208"}],"curies":[{"name":"wp","href":"https:\/\/api.w.org\/{rel}","templated":true}]}}