{"id":120185,"date":"2019-09-23T15:43:40","date_gmt":"2019-09-23T18:43:40","guid":{"rendered":"https:\/\/senoticias.com.br\/se\/?p=120185"},"modified":"2019-09-23T15:43:40","modified_gmt":"2019-09-23T18:43:40","slug":"pai-tenta-matar-o-filho-e-morre-em-confronto-no-interior-de-sergipe","status":"publish","type":"post","link":"https:\/\/senoticias.com.br\/se\/pai-tenta-matar-o-filho-e-morre-em-confronto-no-interior-de-sergipe\/","title":{"rendered":"Pai tenta matar o filho e morre em confronto no interior de Sergipe"},"content":{"rendered":"<p style=\"text-align: justify;\">\nUm homem morreu em confronto com a pol\u00edcia, na madrugada do domingo, 22, ap\u00f3s tentar matar o pr\u00f3prio filho no munic\u00edpio de Tobias Barreto.<\/p>\n<p style=\"text-align: justify;\">Segundo a pol\u00edcia de Tobias Barreto, o homem estaria perseguindo o filho, por motivos ainda desconhecidos, quando vizinhos tentaram conter o acusado e tamb\u00e9m foram perseguidos em via p\u00fablica.<\/p>\n<div id=\"attachment_108951\" style=\"width: 609px\" class=\"wp-caption aligncenter\"><a href=\"https:\/\/senoticias.com.br\/se\/wp-content\/uploads\/2017\/12\/iml-SENOTICIAS.jpeg\"><img loading=\"lazy\" decoding=\"async\" aria-describedby=\"caption-attachment-108951\" class=\"size-full wp-image-108951\" src=\"https:\/\/senoticias.com.br\/se\/wp-content\/uploads\/2017\/12\/iml-SENOTICIAS.jpeg\" alt=\"\" width=\"599\" height=\"399\" srcset=\"https:\/\/senoticias.com.br\/se\/wp-content\/uploads\/2017\/12\/iml-SENOTICIAS.jpeg 599w, https:\/\/senoticias.com.br\/se\/wp-content\/uploads\/2017\/12\/iml-SENOTICIAS-300x200.jpeg 300w, https:\/\/senoticias.com.br\/se\/wp-content\/uploads\/2017\/12\/iml-SENOTICIAS-90x60.jpeg 90w, https:\/\/senoticias.com.br\/se\/wp-content\/uploads\/2017\/12\/iml-SENOTICIAS-180x120.jpeg 180w, https:\/\/senoticias.com.br\/se\/wp-content\/uploads\/2017\/12\/iml-SENOTICIAS-95x64.jpeg 95w\" sizes=\"(max-width: 599px) 100vw, 599px\" \/><\/a><p id=\"caption-attachment-108951\" class=\"wp-caption-text\">Corpo foi encaminhado ao IML (foto: arquivo\/M\u00e1rcio Garcez)<\/p><\/div>\n<p style=\"text-align: justify;\">De acordo com o capit\u00e3o Teixeira, comandante da 1\u00aa Companhia do 11\u00ba Batalh\u00e3o, os policiais foram acionados atrav\u00e9s do 190. \u201cRecebemos um chamado para o bairro Cruz onde um cidad\u00e3o estaria amea\u00e7ando o filho e populares em via p\u00fablica com um rev\u00f3lver. Ao chegar ao local, os policiais deram ordem para que ele parasse, mas ele se virou e disparou contra os policiais\u201d, conta o capit\u00e3o.<\/p>\n<p style=\"text-align: justify;\">Ap\u00f3s os disparos, os policiais revidaram a a\u00e7\u00e3o, vindo a atingir o acusado que foi encaminhado a um hospital, mas veio a \u00f3bito.<\/p>\n<p style=\"text-align: justify;\">Com o homem, os policiais apreenderam a arma calibre 22 com cinco muni\u00e7\u00f5es utilizada na a\u00e7\u00e3o.<\/p>\n<p>&nbsp;<\/p>\n<p><a href=\"https:\/\/senoticias.com.br\/se\/wp-content\/uploads\/2019\/09\/Logo-novo-fone-1.jpg\"><img loading=\"lazy\" decoding=\"async\" class=\"aligncenter size-full wp-image-119884\" src=\"https:\/\/senoticias.com.br\/se\/wp-content\/uploads\/2019\/09\/Logo-novo-fone-1.jpg\" alt=\"\" width=\"599\" height=\"78\" srcset=\"https:\/\/senoticias.com.br\/se\/wp-content\/uploads\/2019\/09\/Logo-novo-fone-1.jpg 599w, https:\/\/senoticias.com.br\/se\/wp-content\/uploads\/2019\/09\/Logo-novo-fone-1-300x39.jpg 300w\" sizes=\"(max-width: 599px) 100vw, 599px\" \/><\/a><\/p>\n<p>&nbsp;<\/p>\n<p><em><strong>Acompanhe tamb\u00e9m o SE Not\u00edcias no\u00a0<a href=\"https:\/\/twitter.com\/Senoticias\" target=\"_blank\" rel=\"noopener\">Twitter<\/a>,\u00a0<a href=\"https:\/\/www.facebook.com\/senoticias1\" target=\"_blank\" rel=\"noopener\">Facebook<\/a>\u00a0e no\u00a0<a href=\"https:\/\/www.instagram.com\/senoticias\/\" target=\"_blank\" rel=\"noopener\">Instagram<\/a><\/strong><\/em><\/p>\n<p><em>Com informa\u00e7\u00f5es de\u00a0\u00a0Aisla Vasconcelos do portal Infonet<\/em><\/p>\n","protected":false},"excerpt":{"rendered":"<p>Um homem morreu em confronto com a pol\u00edcia, na madrugada do domingo, 22, ap\u00f3s tentar matar o pr\u00f3prio filho no munic\u00edpio de Tobias Barreto. Segundo a pol\u00edcia de Tobias Barreto, o homem estaria perseguindo o filho, por motivos ainda desconhecidos, quando vizinhos tentaram conter o acusado e tamb\u00e9m foram perseguidos em via p\u00fablica. De acordo [&hellip;]<\/p>\n","protected":false},"author":6557,"featured_media":108951,"comment_status":"closed","ping_status":"closed","sticky":false,"template":"","format":"standard","meta":{"footnotes":""},"categories":[15,7],"tags":[13092,468,13093],"class_list":{"0":"post-120185","1":"post","2":"type-post","3":"status-publish","4":"format-standard","5":"has-post-thumbnail","7":"category-destaques","8":"category-policia","9":"tag-pai-tenta-matar-o-filho","10":"tag-tobias-barreto","11":"tag-violencia-em-tobias-barreto"},"_links":{"self":[{"href":"https:\/\/senoticias.com.br\/se\/wp-json\/wp\/v2\/posts\/120185"}],"collection":[{"href":"https:\/\/senoticias.com.br\/se\/wp-json\/wp\/v2\/posts"}],"about":[{"href":"https:\/\/senoticias.com.br\/se\/wp-json\/wp\/v2\/types\/post"}],"author":[{"embeddable":true,"href":"https:\/\/senoticias.com.br\/se\/wp-json\/wp\/v2\/users\/6557"}],"replies":[{"embeddable":true,"href":"https:\/\/senoticias.com.br\/se\/wp-json\/wp\/v2\/comments?post=120185"}],"version-history":[{"count":0,"href":"https:\/\/senoticias.com.br\/se\/wp-json\/wp\/v2\/posts\/120185\/revisions"}],"wp:featuredmedia":[{"embeddable":true,"href":"https:\/\/senoticias.com.br\/se\/wp-json\/wp\/v2\/media\/108951"}],"wp:attachment":[{"href":"https:\/\/senoticias.com.br\/se\/wp-json\/wp\/v2\/media?parent=120185"}],"wp:term":[{"taxonomy":"category","embeddable":true,"href":"https:\/\/senoticias.com.br\/se\/wp-json\/wp\/v2\/categories?post=120185"},{"taxonomy":"post_tag","embeddable":true,"href":"https:\/\/senoticias.com.br\/se\/wp-json\/wp\/v2\/tags?post=120185"}],"curies":[{"name":"wp","href":"https:\/\/api.w.org\/{rel}","templated":true}]}}