{"id":120178,"date":"2019-09-23T09:18:19","date_gmt":"2019-09-23T12:18:19","guid":{"rendered":"https:\/\/senoticias.com.br\/se\/?p=120178"},"modified":"2019-09-23T15:24:11","modified_gmt":"2019-09-23T18:24:11","slug":"previdencia-reforma-pode-ser-votada-em-1o-turno-nesta-terca","status":"publish","type":"post","link":"https:\/\/senoticias.com.br\/se\/previdencia-reforma-pode-ser-votada-em-1o-turno-nesta-terca\/","title":{"rendered":"Previd\u00eancia: reforma pode ser votada em 1\u00ba turno nesta ter\u00e7a"},"content":{"rendered":"<p style=\"text-align: justify;\">A Reforma da Previd\u00eancia ter\u00e1 um cap\u00edtulo decisivo nesta semana. Est\u00e1 marcada para a pr\u00f3xima ter\u00e7a-feira (24), no plen\u00e1rio do Senado, a vota\u00e7\u00e3o em primeiro turno da Proposta de Emenda Constitucional (PEC) da reforma. Segundo parlamentares, o clima \u00e9 favor\u00e1vel a uma aprova\u00e7\u00e3o.A presidente da Comiss\u00e3o de Constitui\u00e7\u00e3o e Justi\u00e7a (CCJ), Simone Tebet (MDB-MS), disse que a reforma da Previd\u00eancia est\u00e1 \u201cblindada\u201d. Pela manh\u00e3, ser\u00e1 votado na Comiss\u00e3o de Constitui\u00e7\u00e3o e Justi\u00e7a (CCJ), o relat\u00f3rio referente \u00e0s emendas recebidas em plen\u00e1rio. Ap\u00f3s, a PEC para o plen\u00e1rio. A expectativa \u00e9 cumprir o calend\u00e1rio, votando em segundo turno no dia 10 de outubro.\u201cNa semana seguinte, come\u00e7armos a vota\u00e7\u00e3o em segundo turno. Em 10 de outubro, temos condi\u00e7\u00f5es de entregar para o Brasil a reforma da Previd\u00eancia\u201d, disse Tebet.<\/p>\n<div id=\"attachment_120180\" style=\"width: 560px\" class=\"wp-caption aligncenter\"><a href=\"https:\/\/senoticias.com.br\/se\/wp-content\/uploads\/2019\/09\/camara-dos-deputados-10072019193349288-1-600x403-e1569240913171.jpeg\"><img loading=\"lazy\" decoding=\"async\" aria-describedby=\"caption-attachment-120180\" class=\"size-full wp-image-120180\" src=\"https:\/\/senoticias.com.br\/se\/wp-content\/uploads\/2019\/09\/camara-dos-deputados-10072019193349288-1-600x403-e1569240913171.jpeg\" alt=\"\" width=\"550\" height=\"369\" \/><\/a><p id=\"caption-attachment-120180\" class=\"wp-caption-text\">Foto: Imagem\/ Reprodu\u00e7\u00e3o Internet<\/p><\/div>\n<p style=\"text-align: justify;\">Na primeira passagem da reforma pela CCJ, o relator da PEC, Tasso Jereissati (PSDB-CE), leu e submeteu seu parecer \u00e0 comiss\u00e3o, que foi aprovado por 18 votos a 7 e levado ao plen\u00e1rio. No plen\u00e1rio, foram realizadas cinco sess\u00f5es de discuss\u00e3o do tema.<\/p>\n<p style=\"text-align: justify;\">Nem todas as sess\u00f5es reservadas \u00e0 reforma tiveram um qu\u00f3rum alto. Em algumas, poucos senadores pediram espa\u00e7o para fala. O deputado Paulo Paim (PT-RS) pediu altera\u00e7\u00e3o das regras de aposentadoria especial, para profiss\u00f5es danosas \u00e0 sa\u00fade e mudan\u00e7as nas regras de pens\u00e3o por morte.<\/p>\n<p style=\"text-align: justify;\">Em seu relat\u00f3rio, referente \u00e0s emendas de plen\u00e1rio, Jereissati rejeitou 76 emendas recebidas no plen\u00e1rio do Senado que poderiam modificar a proposta e obrigar a volta do texto \u00e0 an\u00e1lise dos deputados. O relator, no entanto, mudou a reda\u00e7\u00e3o sobre o ponto que trata da cria\u00e7\u00e3o de uma al\u00edquota de contribui\u00e7\u00e3o mais baixa para os trabalhadores informais.<\/p>\n<p style=\"text-align: justify;\">Cientes de que o relator n\u00e3o far\u00e1 mudan\u00e7as que provoquem a volta do texto \u00e0 C\u00e2mara, alguns senadores jogam suas fichas na chamada PEC Paralela. A PEC, tamb\u00e9m relatada pelo tucano, promete trazer regras mais ben\u00e9ficas aos trabalhadores e foi criada para evitar altera\u00e7\u00f5es na PEC principal e, consequentemente, possibilitar uma aprova\u00e7\u00e3o em outubro.<\/p>\n<p style=\"text-align: justify;\">A expectativa de Jereissati e Tebet \u00e9 que haja uma diferen\u00e7a de 15 dias entre as vota\u00e7\u00f5es da PEC original e as vota\u00e7\u00f5es da paralela. No caso desta, por\u00e9m, a aprova\u00e7\u00e3o definitiva ainda levar\u00e1 tempo, uma vez que ainda precisa ser apreciada pela C\u00e2mara dos Deputados.<\/p>\n<p>Por Ag\u00eancia Brasil<\/p>\n<p><a href=\"https:\/\/senoticias.com.br\/se\/wp-content\/uploads\/2019\/09\/Logo-novo-fone-1.jpg\"><img loading=\"lazy\" decoding=\"async\" class=\"aligncenter size-full wp-image-119884\" src=\"https:\/\/senoticias.com.br\/se\/wp-content\/uploads\/2019\/09\/Logo-novo-fone-1.jpg\" alt=\"\" width=\"599\" height=\"78\" srcset=\"https:\/\/senoticias.com.br\/se\/wp-content\/uploads\/2019\/09\/Logo-novo-fone-1.jpg 599w, https:\/\/senoticias.com.br\/se\/wp-content\/uploads\/2019\/09\/Logo-novo-fone-1-300x39.jpg 300w\" sizes=\"(max-width: 599px) 100vw, 599px\" \/><\/a><\/p>\n<p><em><strong>Acompanhe tamb\u00e9m o SE Not\u00edcias no\u00a0<a href=\"https:\/\/twitter.com\/Senoticias\" target=\"_blank\" rel=\"noopener\">Twitter<\/a>,\u00a0<a href=\"https:\/\/www.facebook.com\/senoticias1\" target=\"_blank\" rel=\"noopener\">Facebook<\/a>\u00a0e no\u00a0<a href=\"https:\/\/www.instagram.com\/senoticias\/\" target=\"_blank\" rel=\"noopener\">Instagram<\/a><\/strong><\/em><\/p>\n","protected":false},"excerpt":{"rendered":"<p>A Reforma da Previd\u00eancia ter\u00e1 um cap\u00edtulo decisivo nesta semana. Est\u00e1 marcada para a pr\u00f3xima ter\u00e7a-feira (24), no plen\u00e1rio do Senado, a vota\u00e7\u00e3o em primeiro turno da Proposta de Emenda Constitucional (PEC) da reforma. Segundo parlamentares, o clima \u00e9 favor\u00e1vel a uma aprova\u00e7\u00e3o.A presidente da Comiss\u00e3o de Constitui\u00e7\u00e3o e Justi\u00e7a (CCJ), Simone Tebet (MDB-MS), disse [&hellip;]<\/p>\n","protected":false},"author":6557,"featured_media":0,"comment_status":"closed","ping_status":"closed","sticky":false,"template":"","format":"standard","meta":{"footnotes":""},"categories":[15,2961],"tags":[3348,3445],"class_list":{"0":"post-120178","1":"post","2":"type-post","3":"status-publish","4":"format-standard","6":"category-destaques","7":"category-nacional","8":"tag-reforma-da-previdencia","9":"tag-votacao"},"_links":{"self":[{"href":"https:\/\/senoticias.com.br\/se\/wp-json\/wp\/v2\/posts\/120178"}],"collection":[{"href":"https:\/\/senoticias.com.br\/se\/wp-json\/wp\/v2\/posts"}],"about":[{"href":"https:\/\/senoticias.com.br\/se\/wp-json\/wp\/v2\/types\/post"}],"author":[{"embeddable":true,"href":"https:\/\/senoticias.com.br\/se\/wp-json\/wp\/v2\/users\/6557"}],"replies":[{"embeddable":true,"href":"https:\/\/senoticias.com.br\/se\/wp-json\/wp\/v2\/comments?post=120178"}],"version-history":[{"count":0,"href":"https:\/\/senoticias.com.br\/se\/wp-json\/wp\/v2\/posts\/120178\/revisions"}],"wp:attachment":[{"href":"https:\/\/senoticias.com.br\/se\/wp-json\/wp\/v2\/media?parent=120178"}],"wp:term":[{"taxonomy":"category","embeddable":true,"href":"https:\/\/senoticias.com.br\/se\/wp-json\/wp\/v2\/categories?post=120178"},{"taxonomy":"post_tag","embeddable":true,"href":"https:\/\/senoticias.com.br\/se\/wp-json\/wp\/v2\/tags?post=120178"}],"curies":[{"name":"wp","href":"https:\/\/api.w.org\/{rel}","templated":true}]}}