{"id":120116,"date":"2019-09-18T08:24:52","date_gmt":"2019-09-18T11:24:52","guid":{"rendered":"https:\/\/senoticias.com.br\/se\/?p=120116"},"modified":"2019-09-18T08:24:52","modified_gmt":"2019-09-18T11:24:52","slug":"policia-apreende-trio-de-menores-acusados-de-assalto-a-onibus","status":"publish","type":"post","link":"https:\/\/senoticias.com.br\/se\/policia-apreende-trio-de-menores-acusados-de-assalto-a-onibus\/","title":{"rendered":"Pol\u00edcia apreende trio de menores acusados de assalto a \u00f4nibus"},"content":{"rendered":"<p style=\"text-align: justify;\">Policiais da Companhia de Tr\u00e2nsito da Pol\u00edcia Militar (CPTran) agiram r\u00e1pido e apreenderam um trio formado por menores de idade na noite da \u00faltima ter\u00e7a-feira, 17, na Zona Norte de Aracaju. Os adolescentes s\u00e3o acusados de assaltarem passageiros de um \u00f4nibus coletivo que transitava pela avenida Maranh\u00e3o.<\/p>\n<div id=\"attachment_120117\" style=\"width: 560px\" class=\"wp-caption aligncenter\"><a href=\"https:\/\/senoticias.com.br\/se\/wp-content\/uploads\/2019\/09\/celulares-assalto-avmaranhao-18092019.jpg\"><img loading=\"lazy\" decoding=\"async\" aria-describedby=\"caption-attachment-120117\" class=\"size-full wp-image-120117\" src=\"https:\/\/senoticias.com.br\/se\/wp-content\/uploads\/2019\/09\/celulares-assalto-avmaranhao-18092019.jpg\" alt=\"\" width=\"550\" height=\"330\" srcset=\"https:\/\/senoticias.com.br\/se\/wp-content\/uploads\/2019\/09\/celulares-assalto-avmaranhao-18092019.jpg 550w, https:\/\/senoticias.com.br\/se\/wp-content\/uploads\/2019\/09\/celulares-assalto-avmaranhao-18092019-300x180.jpg 300w\" sizes=\"(max-width: 550px) 100vw, 550px\" \/><\/a><p id=\"caption-attachment-120117\" class=\"wp-caption-text\">Celulares recuperados pela PM ap\u00f3s assalto. (Foto: PM\/SE)<\/p><\/div>\n<p style=\"text-align: justify;\">De acordo com o comandante da CPTran, capit\u00e3o Silveira, os adolescentes utilizaram de facas para amea\u00e7ar e efetuar o assalto. \u201cEles entraram armados com faca e come\u00e7aram a roubar dinheiro e celulares dos passageiros, quando foram surpreendidos por populares e acabaram sendo imobilizados e conduzidos pelos policiais que chegaram ao local.\u201d, informa o policial.<\/p>\n<p style=\"text-align: justify;\">Segundo Silveira, os acusados foram levados para uma delegacia da regi\u00e3o, onde foi feito o devido procedimento e os pertences tomados de assalto foram devolvidos aos propriet\u00e1rios.<\/p>\n<p style=\"text-align: justify;\">por Daniel Rezende com informa\u00e7\u00f5es da CPTran<\/p>\n<p><a href=\"https:\/\/senoticias.com.br\/se\/wp-content\/uploads\/2019\/09\/Logo-novo-fone-1.jpg\"><img loading=\"lazy\" decoding=\"async\" class=\"aligncenter size-full wp-image-119884\" src=\"https:\/\/senoticias.com.br\/se\/wp-content\/uploads\/2019\/09\/Logo-novo-fone-1.jpg\" alt=\"\" width=\"599\" height=\"78\" srcset=\"https:\/\/senoticias.com.br\/se\/wp-content\/uploads\/2019\/09\/Logo-novo-fone-1.jpg 599w, https:\/\/senoticias.com.br\/se\/wp-content\/uploads\/2019\/09\/Logo-novo-fone-1-300x39.jpg 300w\" sizes=\"(max-width: 599px) 100vw, 599px\" \/><\/a><\/p>\n<p><em><strong>Acompanhe tamb\u00e9m o SE not\u00edcias no\u00a0<a href=\"https:\/\/twitter.com\/Senoticias\" target=\"_blank\" rel=\"noopener\">Twitter<\/a>,\u00a0<a href=\"https:\/\/www.facebook.com\/senoticias1\" target=\"_blank\" rel=\"noopener\">Facebook<\/a>\u00a0e no\u00a0<a href=\"https:\/\/www.instagram.com\/senoticias\/\" target=\"_blank\" rel=\"noopener\">Instagram<\/a><\/strong><\/em><\/p>\n","protected":false},"excerpt":{"rendered":"<p>Policiais da Companhia de Tr\u00e2nsito da Pol\u00edcia Militar (CPTran) agiram r\u00e1pido e apreenderam um trio formado por menores de idade na noite da \u00faltima ter\u00e7a-feira, 17, na Zona Norte de Aracaju. Os adolescentes s\u00e3o acusados de assaltarem passageiros de um \u00f4nibus coletivo que transitava pela avenida Maranh\u00e3o. De acordo com o comandante da CPTran, capit\u00e3o [&hellip;]<\/p>\n","protected":false},"author":6557,"featured_media":0,"comment_status":"closed","ping_status":"closed","sticky":false,"template":"","format":"standard","meta":{"footnotes":""},"categories":[15,7],"tags":[11418,13045,13044],"class_list":{"0":"post-120116","1":"post","2":"type-post","3":"status-publish","4":"format-standard","6":"category-destaques","7":"category-policia","8":"tag-assalto-a-onibus","9":"tag-menores","10":"tag-policia-prende"},"_links":{"self":[{"href":"https:\/\/senoticias.com.br\/se\/wp-json\/wp\/v2\/posts\/120116"}],"collection":[{"href":"https:\/\/senoticias.com.br\/se\/wp-json\/wp\/v2\/posts"}],"about":[{"href":"https:\/\/senoticias.com.br\/se\/wp-json\/wp\/v2\/types\/post"}],"author":[{"embeddable":true,"href":"https:\/\/senoticias.com.br\/se\/wp-json\/wp\/v2\/users\/6557"}],"replies":[{"embeddable":true,"href":"https:\/\/senoticias.com.br\/se\/wp-json\/wp\/v2\/comments?post=120116"}],"version-history":[{"count":0,"href":"https:\/\/senoticias.com.br\/se\/wp-json\/wp\/v2\/posts\/120116\/revisions"}],"wp:attachment":[{"href":"https:\/\/senoticias.com.br\/se\/wp-json\/wp\/v2\/media?parent=120116"}],"wp:term":[{"taxonomy":"category","embeddable":true,"href":"https:\/\/senoticias.com.br\/se\/wp-json\/wp\/v2\/categories?post=120116"},{"taxonomy":"post_tag","embeddable":true,"href":"https:\/\/senoticias.com.br\/se\/wp-json\/wp\/v2\/tags?post=120116"}],"curies":[{"name":"wp","href":"https:\/\/api.w.org\/{rel}","templated":true}]}}