{"id":120113,"date":"2019-09-18T06:16:16","date_gmt":"2019-09-18T09:16:16","guid":{"rendered":"https:\/\/senoticias.com.br\/se\/?p=120113"},"modified":"2019-09-18T06:37:14","modified_gmt":"2019-09-18T09:37:14","slug":"tse-mantem-cassacao-de-vereadores-envolvidos-em-caso-de-candidaturas-laranjas","status":"publish","type":"post","link":"https:\/\/senoticias.com.br\/se\/tse-mantem-cassacao-de-vereadores-envolvidos-em-caso-de-candidaturas-laranjas\/","title":{"rendered":"TSE mant\u00e9m cassa\u00e7\u00e3o de vereadores envolvidos em caso de candidaturas femininas fantasmas"},"content":{"rendered":"<p>Por maioria de votos, o Tribunal Superior Eleitoral (TSE) decidiu manter a cassa\u00e7\u00e3o e a inelegibilidade de seis vereadores eleitos em 2016 na cidade de Valen\u00e7a do Piau\u00ed (PI). Eles foram acusados de se beneficiar de candidaturas fict\u00edcias de mulheres que n\u00e3o chegaram sequer a fazer campanha eleitoral. O julgamento, que teve in\u00edcio no dia 14 de mar\u00e7o deste ano, foi retomado na sess\u00e3o plen\u00e1ria desta ter\u00e7a-feira (17).<\/p>\n<div id=\"attachment_120114\" style=\"width: 553px\" class=\"wp-caption aligncenter\"><a href=\"https:\/\/senoticias.com.br\/se\/wp-content\/uploads\/2019\/09\/d26fd4ca-eca1-4e78-8552-6df42cfa9f03.jpeg\"><img loading=\"lazy\" decoding=\"async\" aria-describedby=\"caption-attachment-120114\" class=\"size-full wp-image-120114\" src=\"https:\/\/senoticias.com.br\/se\/wp-content\/uploads\/2019\/09\/d26fd4ca-eca1-4e78-8552-6df42cfa9f03.jpeg\" alt=\"\" width=\"543\" height=\"263\" srcset=\"https:\/\/senoticias.com.br\/se\/wp-content\/uploads\/2019\/09\/d26fd4ca-eca1-4e78-8552-6df42cfa9f03.jpeg 543w, https:\/\/senoticias.com.br\/se\/wp-content\/uploads\/2019\/09\/d26fd4ca-eca1-4e78-8552-6df42cfa9f03-300x145.jpeg 300w\" sizes=\"(max-width: 543px) 100vw, 543px\" \/><\/a><p id=\"caption-attachment-120114\" class=\"wp-caption-text\">Pol\u00edticos foram condenados por lan\u00e7ar candidatas fict\u00edcias com o intuito de alcan\u00e7ar a cota de g\u00eanero de 30% prevista na Lei das Elei\u00e7\u00f5es (foto: Ag\u00eancia TSE)<\/p><\/div>\n<p style=\"text-align: justify;\">Ap\u00f3s os votos dos ministros Tarcisio Vieira de Carvalho Neto e Lu\u00eds Roberto Barroso acompanhando o relator da mat\u00e9ria, ministro Jorge Mussi, e do ministro S\u00e9rgio Banhos seguindo a diverg\u00eancia aberta pelo ministro Edson Fachin e referendada pelo ministro Og Fernandes, a presidente da Corte Eleitoral, ministra Rosa Weber, desempatou o placar em favor da tese do relator pela cassa\u00e7\u00e3o de todos os candidatos eleitos pelas coliga\u00e7\u00f5es Compromisso com Valen\u00e7a 1 e 2.<\/p>\n<p style=\"text-align: justify;\">Os vereadores foram condenados pelo Tribunal Regional Eleitoral do Piau\u00ed (TRE-PI) por supostamente lan\u00e7arem candidaturas femininas fict\u00edcias para alcan\u00e7ar o m\u00ednimo previsto na Lei n\u00ba 9.504\/1997 (Lei das Elei\u00e7\u00f5es) de 30% de mulheres nas duas coliga\u00e7\u00f5es e se beneficiarem dessas candidaturas fantasmas. Ao todo, entre eleitos e n\u00e3o eleitos, 29 candidatos registrados pelas duas coliga\u00e7\u00f5es tiveram o registro indeferido pelo mesmo motivo.<\/p>\n<p style=\"text-align: justify;\">Em seu voto, a presidente do TSE ressaltou a import\u00e2ncia do papel da Justi\u00e7a Eleitoral para corrigir a distor\u00e7\u00e3o hist\u00f3rica que envolve a participa\u00e7\u00e3o feminina no cen\u00e1rio pol\u00edtico nacional. \u201cEste Tribunal Superior tem protagonizado a implementa\u00e7\u00e3o de pr\u00e1ticas que garantam o incremento da voz ativa da mulher na pol\u00edtica brasileira, mediante a sinaliza\u00e7\u00e3o de posicionamento rigoroso quanto ao cumprimento das normas que disciplinam a\u00e7\u00f5es afirmativas sobre o tema\u201d, afirmou.<\/p>\n<p style=\"text-align: justify;\">J\u00e1 o ministro Barroso lembrou que, embora a cota de g\u00eanero exista h\u00e1 mais de dez anos, a medida ainda n\u00e3o produziu nenhum impacto no Parlamento brasileiro. \u201cO que se identifica aqui \u00e9 um claro descompromisso dos partidos pol\u00edticos quanto \u00e0 recomenda\u00e7\u00e3o que vigora desde 1997\u201d, observou.<\/p>\n<p style=\"text-align: justify;\">No mesmo sentido, o ministro Tarcisio disse n\u00e3o ver com perplexidade a consequ\u00eancia pr\u00e1tica de se retirar do cen\u00e1rio pol\u00edtico candidaturas femininas em raz\u00e3o da fraude \u00e0 cota de g\u00eanero. \u201cAs candidaturas femininas fict\u00edcias propiciaram uma falsa competi\u00e7\u00e3o pelo voto popular\u201d, constatou.<\/p>\n<p style=\"text-align: justify;\">Na conclus\u00e3o, o Plen\u00e1rio do TSE determinou a cassa\u00e7\u00e3o do registro dos vereadores eleitos Raimundo Nonato Soares (PSDB), Benoni Jos\u00e9 de Souza (PDT), Ariana Maria Rosa (PMN), F\u00e1tima Bezerra Caetano (PTC), Stenio Rommel da Cruz (PPS) e Leonardo Nogueira Pereira (Pros). Eles tamb\u00e9m foram declarados ineleg\u00edveis por oito anos, bem como o candidato Ant\u00f4nio Gomes da Rocha (PSL), n\u00e3o eleito.<\/p>\n<p style=\"text-align: justify;\">Por fim, ao negar provimento aos recursos dos candidatos das duas coliga\u00e7\u00f5es, sendo revogada a liminar concedida em a\u00e7\u00e3o cautelar, o TSE determinou a execu\u00e7\u00e3o imediata das san\u00e7\u00f5es ap\u00f3s a publica\u00e7\u00e3o do ac\u00f3rd\u00e3o.<\/p>\n<p><strong>Diverg\u00eancia<\/strong><\/p>\n<p style=\"text-align: justify;\">A diverg\u00eancia inaugurada pelo ministro Edson Fachin na sess\u00e3o do dia 21 de maio entendia que, entre outros pontos, a cassa\u00e7\u00e3o do diploma deveria incidir somente aos candidatos que participaram da fraude ou dela se beneficiaram, ou seja, Leonardo Nogueira Pereira e Ant\u00f4nio Gomes da Rocha.<\/p>\n<p>&nbsp;<\/p>\n<p><a href=\"https:\/\/senoticias.com.br\/se\/wp-content\/uploads\/2019\/09\/Logo-novo-fone-1.jpg\"><img loading=\"lazy\" decoding=\"async\" class=\"aligncenter size-full wp-image-119884\" src=\"https:\/\/senoticias.com.br\/se\/wp-content\/uploads\/2019\/09\/Logo-novo-fone-1.jpg\" alt=\"\" width=\"599\" height=\"78\" srcset=\"https:\/\/senoticias.com.br\/se\/wp-content\/uploads\/2019\/09\/Logo-novo-fone-1.jpg 599w, https:\/\/senoticias.com.br\/se\/wp-content\/uploads\/2019\/09\/Logo-novo-fone-1-300x39.jpg 300w\" sizes=\"(max-width: 599px) 100vw, 599px\" \/><\/a><\/p>\n<p>&nbsp;<\/p>\n<p><em><strong>Acompanhe tamb\u00e9m o SE not\u00edcias no\u00a0<a href=\"https:\/\/twitter.com\/Senoticias\" target=\"_blank\" rel=\"noopener\">Twitter<\/a>,\u00a0<a href=\"https:\/\/www.facebook.com\/senoticias1\" target=\"_blank\" rel=\"noopener\">Facebook<\/a>\u00a0e no\u00a0<a href=\"https:\/\/www.instagram.com\/senoticias\/\" target=\"_blank\" rel=\"noopener\">Instagram<\/a><\/strong><\/em><\/p>\n<p>&nbsp;<\/p>\n<p><em>Por Ag\u00eancia TSE<\/em><\/p>\n<p>&nbsp;<\/p>\n","protected":false},"excerpt":{"rendered":"<p>Por maioria de votos, o Tribunal Superior Eleitoral (TSE) decidiu manter a cassa\u00e7\u00e3o e a inelegibilidade de seis vereadores eleitos em 2016 na cidade de Valen\u00e7a do Piau\u00ed (PI). Eles foram acusados de se beneficiar de candidaturas fict\u00edcias de mulheres que n\u00e3o chegaram sequer a fazer campanha eleitoral. O julgamento, que teve in\u00edcio no dia [&hellip;]<\/p>\n","protected":false},"author":6552,"featured_media":120114,"comment_status":"closed","ping_status":"closed","sticky":false,"template":"","format":"standard","meta":{"footnotes":""},"categories":[15,6],"tags":[13043,549],"class_list":{"0":"post-120113","1":"post","2":"type-post","3":"status-publish","4":"format-standard","5":"has-post-thumbnail","7":"category-destaques","8":"category-politica","9":"tag-candidaturas-femininas","10":"tag-tribunal-superior-eleitoral"},"_links":{"self":[{"href":"https:\/\/senoticias.com.br\/se\/wp-json\/wp\/v2\/posts\/120113"}],"collection":[{"href":"https:\/\/senoticias.com.br\/se\/wp-json\/wp\/v2\/posts"}],"about":[{"href":"https:\/\/senoticias.com.br\/se\/wp-json\/wp\/v2\/types\/post"}],"author":[{"embeddable":true,"href":"https:\/\/senoticias.com.br\/se\/wp-json\/wp\/v2\/users\/6552"}],"replies":[{"embeddable":true,"href":"https:\/\/senoticias.com.br\/se\/wp-json\/wp\/v2\/comments?post=120113"}],"version-history":[{"count":0,"href":"https:\/\/senoticias.com.br\/se\/wp-json\/wp\/v2\/posts\/120113\/revisions"}],"wp:featuredmedia":[{"embeddable":true,"href":"https:\/\/senoticias.com.br\/se\/wp-json\/wp\/v2\/media\/120114"}],"wp:attachment":[{"href":"https:\/\/senoticias.com.br\/se\/wp-json\/wp\/v2\/media?parent=120113"}],"wp:term":[{"taxonomy":"category","embeddable":true,"href":"https:\/\/senoticias.com.br\/se\/wp-json\/wp\/v2\/categories?post=120113"},{"taxonomy":"post_tag","embeddable":true,"href":"https:\/\/senoticias.com.br\/se\/wp-json\/wp\/v2\/tags?post=120113"}],"curies":[{"name":"wp","href":"https:\/\/api.w.org\/{rel}","templated":true}]}}