{"id":120109,"date":"2019-09-17T19:18:35","date_gmt":"2019-09-17T22:18:35","guid":{"rendered":"https:\/\/senoticias.com.br\/se\/?p=120109"},"modified":"2019-09-17T20:51:36","modified_gmt":"2019-09-17T23:51:36","slug":"prefeitura-de-sao-cristovao-transmitira-canonizacao-de-irma-dulce","status":"publish","type":"post","link":"https:\/\/senoticias.com.br\/se\/prefeitura-de-sao-cristovao-transmitira-canonizacao-de-irma-dulce\/","title":{"rendered":"Prefeitura de S\u00e3o Crist\u00f3v\u00e3o transmitir\u00e1 canoniza\u00e7\u00e3o de Irm\u00e3 Dulce"},"content":{"rendered":"<p style=\"text-align: justify;\">Primeira santa brasileira, Irm\u00e3 Dulce ser\u00e1 canonizada pr\u00f3ximo dia 13 de outubro. A prefeitura de S\u00e3o Crist\u00f3v\u00e3o, juntamente com a Igreja Cat\u00f3lica, por meio dos Frades Carmelitas, organiza programa\u00e7\u00e3o especial para a data.<\/p>\n<div id=\"attachment_120110\" style=\"width: 560px\" class=\"wp-caption aligncenter\"><a href=\"https:\/\/senoticias.com.br\/se\/wp-content\/uploads\/2019\/09\/aca784e1-aec4-481f-a7a0-a73f7d0a1626-e1568758565951.jpg\"><img loading=\"lazy\" decoding=\"async\" aria-describedby=\"caption-attachment-120110\" class=\"size-full wp-image-120110\" src=\"https:\/\/senoticias.com.br\/se\/wp-content\/uploads\/2019\/09\/aca784e1-aec4-481f-a7a0-a73f7d0a1626-e1568758565951.jpg\" alt=\"\" width=\"550\" height=\"1164\" \/><\/a><p id=\"caption-attachment-120110\" class=\"wp-caption-text\">Transmiss\u00e3o vai acontecer no Convento do Carmo, em S\u00e3o Crist\u00f3v\u00e3o. (foto: Or\u00e1cio Oliveira\/SE Not\u00edcias)<\/p><\/div>\n<p style=\"text-align: justify;\">Em reuni\u00e3o entre representantes da Funda\u00e7\u00e3o de Cultura e Turismo do munic\u00edpio e os freis Cl\u00e1udio e S\u00e9rgio, ficou acordado que ser\u00e1 realizada vig\u00edlia do dia 12 para o dia 13 na gruta Nossa Senhora de Lourdes, anexo ao convento do Carmo. No dia 13, ser\u00e1 ofertado um caf\u00e9 da manh\u00e3 para os fi\u00e9is e ser\u00e1 realizada a transmiss\u00e3o da cerim\u00f4nia de canoniza\u00e7\u00e3o ser\u00e1 transmitida ao vivo.<\/p>\n<p style=\"text-align: justify;\">A beatifica\u00e7\u00e3o de Irm\u00e3 Dulce promete ser um marco no turismo religioso de S\u00e3o Crist\u00f3v\u00e3o. A freira iniciou sua forma\u00e7\u00e3o religiosa na cidade e tem sua hist\u00f3ria ligada ao munic\u00edpio. A gest\u00e3o municipal pretende implantar o roteiro tur\u00edstico religioso com memorial de Irm\u00e3 Dulce, loja de artigos religiosos, visita guiada ao convento que a primeira santa brasileira frequentou e reconstru\u00e7\u00e3o dos sete passos de Dulce ao chegar no Centro Hist\u00f3rico. Para isso, t\u00e9cnicos de turismo da Prefeitura t\u00eam negociado com a C\u00faria Metropolitana de Aracaju e com a Organiza\u00e7\u00e3o Sociais de Irm\u00e3 Dulce, em Salvador.<\/p>\n<p>&nbsp;<\/p>\n<p><a href=\"https:\/\/senoticias.com.br\/se\/wp-content\/uploads\/2019\/09\/Logo-novo-fone-1.jpg\"><img loading=\"lazy\" decoding=\"async\" class=\"aligncenter size-full wp-image-119884\" src=\"https:\/\/senoticias.com.br\/se\/wp-content\/uploads\/2019\/09\/Logo-novo-fone-1.jpg\" alt=\"\" width=\"599\" height=\"78\" srcset=\"https:\/\/senoticias.com.br\/se\/wp-content\/uploads\/2019\/09\/Logo-novo-fone-1.jpg 599w, https:\/\/senoticias.com.br\/se\/wp-content\/uploads\/2019\/09\/Logo-novo-fone-1-300x39.jpg 300w\" sizes=\"(max-width: 599px) 100vw, 599px\" \/><\/a><\/p>\n<p>&nbsp;<\/p>\n<p><em><strong>Acompanhe tamb\u00e9m o SE Not\u00edcias no\u00a0<a href=\"https:\/\/twitter.com\/Senoticias\" target=\"_blank\" rel=\"noopener\">Twitter<\/a>,\u00a0<a href=\"https:\/\/www.facebook.com\/senoticias1\" target=\"_blank\" rel=\"noopener\">Facebook<\/a>\u00a0e no\u00a0<a href=\"https:\/\/www.instagram.com\/senoticias\/\" target=\"_blank\" rel=\"noopener\">Instagram<\/a><\/strong><\/em><\/p>\n<p>&nbsp;<\/p>\n<p><em>Com informa\u00e7\u00f5es da Assessoria de Imprensa\/PMSC<\/em><\/p>\n","protected":false},"excerpt":{"rendered":"<p>Primeira santa brasileira, Irm\u00e3 Dulce ser\u00e1 canonizada pr\u00f3ximo dia 13 de outubro. A prefeitura de S\u00e3o Crist\u00f3v\u00e3o, juntamente com a Igreja Cat\u00f3lica, por meio dos Frades Carmelitas, organiza programa\u00e7\u00e3o especial para a data. Em reuni\u00e3o entre representantes da Funda\u00e7\u00e3o de Cultura e Turismo do munic\u00edpio e os freis Cl\u00e1udio e S\u00e9rgio, ficou acordado que ser\u00e1 [&hellip;]<\/p>\n","protected":false},"author":6557,"featured_media":0,"comment_status":"closed","ping_status":"closed","sticky":false,"template":"","format":"standard","meta":{"footnotes":""},"categories":[15,38,46],"tags":[13038,117,81],"class_list":{"0":"post-120109","1":"post","2":"type-post","3":"status-publish","4":"format-standard","6":"category-destaques","7":"category-municipios","8":"category-religiao","9":"tag-colonizacao","10":"tag-irma-dulce","11":"tag-prefeitura-de-sao-cristovao"},"_links":{"self":[{"href":"https:\/\/senoticias.com.br\/se\/wp-json\/wp\/v2\/posts\/120109"}],"collection":[{"href":"https:\/\/senoticias.com.br\/se\/wp-json\/wp\/v2\/posts"}],"about":[{"href":"https:\/\/senoticias.com.br\/se\/wp-json\/wp\/v2\/types\/post"}],"author":[{"embeddable":true,"href":"https:\/\/senoticias.com.br\/se\/wp-json\/wp\/v2\/users\/6557"}],"replies":[{"embeddable":true,"href":"https:\/\/senoticias.com.br\/se\/wp-json\/wp\/v2\/comments?post=120109"}],"version-history":[{"count":0,"href":"https:\/\/senoticias.com.br\/se\/wp-json\/wp\/v2\/posts\/120109\/revisions"}],"wp:attachment":[{"href":"https:\/\/senoticias.com.br\/se\/wp-json\/wp\/v2\/media?parent=120109"}],"wp:term":[{"taxonomy":"category","embeddable":true,"href":"https:\/\/senoticias.com.br\/se\/wp-json\/wp\/v2\/categories?post=120109"},{"taxonomy":"post_tag","embeddable":true,"href":"https:\/\/senoticias.com.br\/se\/wp-json\/wp\/v2\/tags?post=120109"}],"curies":[{"name":"wp","href":"https:\/\/api.w.org\/{rel}","templated":true}]}}