{"id":120108,"date":"2019-09-17T20:33:52","date_gmt":"2019-09-17T23:33:52","guid":{"rendered":"https:\/\/senoticias.com.br\/se\/?p=120108"},"modified":"2019-09-17T20:33:52","modified_gmt":"2019-09-17T23:33:52","slug":"cantora-sergipana-lari-lima-se-apresenta-nesta-quarta-feira-18-no-ile-akara","status":"publish","type":"post","link":"https:\/\/senoticias.com.br\/se\/cantora-sergipana-lari-lima-se-apresenta-nesta-quarta-feira-18-no-ile-akara\/","title":{"rendered":"Cantora sergipana Lari Lima se apresenta nesta quarta-feira, 18, no Il\u00ea Akar\u00e1"},"content":{"rendered":"<p style=\"text-align: justify;\">A cantora sergipana <strong>Lari Lima<\/strong> \u00e9 a convidada desta semana no <strong>Il\u00ea Akar\u00e1<\/strong> &#8211; A casa do Acaraj\u00e9, no bairro Aeroporto. No repert\u00f3rio, m\u00fasicas autorais e interpreta\u00e7\u00f5es de outros compositores brasileiros. Com refer\u00eancia em muitas outras cantoras da MPB, Lari tira inspira\u00e7\u00e3o tamb\u00e9m das pessoas an\u00f4nimas do cotidiano. &#8220;Tenho grandes refer\u00eancias no cen\u00e1rio musical com: Elza Soares, Bia Ferreira, Luedji Luna, Mariene de Castro, mas a minha maior refer\u00eancia s\u00e3o as pessoas. Elas fazem com que eu continue nessa luta di\u00e1ria de conquistar o meu espa\u00e7o&#8221;, explica a artista, que est\u00e1 h\u00e1 seis anos no mercado musical.<\/p>\n<div id=\"attachment_120111\" style=\"width: 609px\" class=\"wp-caption aligncenter\"><a href=\"https:\/\/senoticias.com.br\/se\/wp-content\/uploads\/2019\/09\/Cantora-Lari-Lima-SE-Noticias.jpeg\"><img loading=\"lazy\" decoding=\"async\" aria-describedby=\"caption-attachment-120111\" class=\"size-full wp-image-120111\" src=\"https:\/\/senoticias.com.br\/se\/wp-content\/uploads\/2019\/09\/Cantora-Lari-Lima-SE-Noticias-e1568763134907.jpeg\" alt=\"\" width=\"599\" height=\"399\" \/><\/a><p id=\"caption-attachment-120111\" class=\"wp-caption-text\">Cantora Lari Lima leva show &#8216;Conectando Energias&#8217; para o Il\u00ea Akar\u00e1 (foto: Fernando Correia)<\/p><\/div>\n<p style=\"text-align: justify;\"><strong>Il\u00ea Akar\u00e1<\/strong><\/p>\n<p>O Il\u00ea Akar\u00e1 \u00e9 um projeto da Par\u00eaa Culin\u00e1ria Artesanal, que promove noites de cultura e gastronomia afrobrasileira no Conjunto Beira Mar I, no Aeroporto. &#8220;Nossa proposta \u00e9 que possamos promover um espa\u00e7o de cultura e valoriza\u00e7\u00e3o da musicalidade sergipana, al\u00e9m de valorizar e perpetuar a tradi\u00e7\u00e3o do tabuleiro de acaraj\u00e9&#8221;, explica Ra\u00edssa Stefan\u00ed, uma das criadoras do empreendimento.<\/p>\n<p style=\"text-align: justify;\">As portas do Il\u00ea Akar\u00e1 se abrem \u00e0s 18h, todas as quartas-feiras.<\/p>\n<p><strong>SERVI\u00c7O<\/strong>:<br \/>\nLari Lima no Il\u00ea Akar\u00e1<br \/>\n<strong>Data:<\/strong> 18\/09<br \/>\n<strong>Hora:<\/strong> 19h<br \/>\n<strong>Endere\u00e7o:<\/strong> Rua dos Aba\u00eds, 175. Conjunto Beira Mar I<br \/>\n<strong>Couvert:<\/strong> R$ 5,00<\/p>\n<p>&nbsp;<\/p>\n<p><a href=\"https:\/\/senoticias.com.br\/se\/wp-content\/uploads\/2019\/09\/Logo-novo-fone-1.jpg\"><img loading=\"lazy\" decoding=\"async\" class=\"aligncenter size-full wp-image-119884\" src=\"https:\/\/senoticias.com.br\/se\/wp-content\/uploads\/2019\/09\/Logo-novo-fone-1.jpg\" alt=\"\" width=\"599\" height=\"78\" srcset=\"https:\/\/senoticias.com.br\/se\/wp-content\/uploads\/2019\/09\/Logo-novo-fone-1.jpg 599w, https:\/\/senoticias.com.br\/se\/wp-content\/uploads\/2019\/09\/Logo-novo-fone-1-300x39.jpg 300w\" sizes=\"(max-width: 599px) 100vw, 599px\" \/><\/a><\/p>\n<p>&nbsp;<\/p>\n<p><em><strong>Acompanhe tamb\u00e9m o SE Not\u00edcias no\u00a0<a href=\"https:\/\/twitter.com\/Senoticias\" target=\"_blank\" rel=\"noopener\">Twitter<\/a>,\u00a0<a href=\"https:\/\/www.facebook.com\/senoticias1\" target=\"_blank\" rel=\"noopener\">Facebook<\/a>\u00a0e no\u00a0<a href=\"https:\/\/www.instagram.com\/senoticias\/\" target=\"_blank\" rel=\"noopener\">Instagram<\/a><\/strong><\/em><\/p>\n<p><em>Com informa\u00e7\u00f5es da Assessoria de Imprensa<\/em><\/p>\n","protected":false},"excerpt":{"rendered":"<p>A cantora sergipana Lari Lima \u00e9 a convidada desta semana no Il\u00ea Akar\u00e1 &#8211; A casa do Acaraj\u00e9, no bairro Aeroporto. No repert\u00f3rio, m\u00fasicas autorais e interpreta\u00e7\u00f5es de outros compositores brasileiros. Com refer\u00eancia em muitas outras cantoras da MPB, Lari tira inspira\u00e7\u00e3o tamb\u00e9m das pessoas an\u00f4nimas do cotidiano. &#8220;Tenho grandes refer\u00eancias no cen\u00e1rio musical com: [&hellip;]<\/p>\n","protected":false},"author":6552,"featured_media":120111,"comment_status":"closed","ping_status":"closed","sticky":false,"template":"","format":"standard","meta":{"footnotes":""},"categories":[15,21],"tags":[13040,13042,13039,13041],"class_list":{"0":"post-120108","1":"post","2":"type-post","3":"status-publish","4":"format-standard","5":"has-post-thumbnail","7":"category-destaques","8":"category-entretenimento","9":"tag-cantora-sergipana-lari-lima","10":"tag-conectando-energias","11":"tag-ile-akara","12":"tag-parea-culinaria-artesanal"},"_links":{"self":[{"href":"https:\/\/senoticias.com.br\/se\/wp-json\/wp\/v2\/posts\/120108"}],"collection":[{"href":"https:\/\/senoticias.com.br\/se\/wp-json\/wp\/v2\/posts"}],"about":[{"href":"https:\/\/senoticias.com.br\/se\/wp-json\/wp\/v2\/types\/post"}],"author":[{"embeddable":true,"href":"https:\/\/senoticias.com.br\/se\/wp-json\/wp\/v2\/users\/6552"}],"replies":[{"embeddable":true,"href":"https:\/\/senoticias.com.br\/se\/wp-json\/wp\/v2\/comments?post=120108"}],"version-history":[{"count":0,"href":"https:\/\/senoticias.com.br\/se\/wp-json\/wp\/v2\/posts\/120108\/revisions"}],"wp:featuredmedia":[{"embeddable":true,"href":"https:\/\/senoticias.com.br\/se\/wp-json\/wp\/v2\/media\/120111"}],"wp:attachment":[{"href":"https:\/\/senoticias.com.br\/se\/wp-json\/wp\/v2\/media?parent=120108"}],"wp:term":[{"taxonomy":"category","embeddable":true,"href":"https:\/\/senoticias.com.br\/se\/wp-json\/wp\/v2\/categories?post=120108"},{"taxonomy":"post_tag","embeddable":true,"href":"https:\/\/senoticias.com.br\/se\/wp-json\/wp\/v2\/tags?post=120108"}],"curies":[{"name":"wp","href":"https:\/\/api.w.org\/{rel}","templated":true}]}}