{"id":120101,"date":"2019-09-17T16:10:57","date_gmt":"2019-09-17T19:10:57","guid":{"rendered":"https:\/\/senoticias.com.br\/se\/?p=120101"},"modified":"2019-09-17T20:54:27","modified_gmt":"2019-09-17T23:54:27","slug":"presidente-jair-bolsonaro-sanciona-lei-que-amplia-posse-de-arma-no-campo","status":"publish","type":"post","link":"https:\/\/senoticias.com.br\/se\/presidente-jair-bolsonaro-sanciona-lei-que-amplia-posse-de-arma-no-campo\/","title":{"rendered":"Presidente Jair Bolsonaro sanciona lei que amplia posse de arma no campo"},"content":{"rendered":"<p style=\"text-align: justify;\">O presidente Jair Bolsonaro sancionou nesta ter\u00e7a-feira (17) o Projeto de Lei 3.715\/19, que amplia a posse de arma em propriedades rurais. A medida foi aprovada pela C\u00e2mara dos Deputados no dia 21 de agosto. Bolsonaro confirmou a san\u00e7\u00e3o diretamente do Pal\u00e1cio do Alvorada, onde despacha no primeiro dia de trabalho, ap\u00f3s ter ficado afastado do cargo para a realiza\u00e7\u00e3o de uma cirurgia no abd\u00f4men, ocorrida no dia 8 de setembro.<\/p>\n<div id=\"attachment_120102\" style=\"width: 470px\" class=\"wp-caption aligncenter\"><a href=\"https:\/\/senoticias.com.br\/se\/wp-content\/uploads\/2019\/09\/jair-bolsonaro-divulgacao-1500-10042019064328866.jpeg\"><img loading=\"lazy\" decoding=\"async\" aria-describedby=\"caption-attachment-120102\" class=\"size-full wp-image-120102\" src=\"https:\/\/senoticias.com.br\/se\/wp-content\/uploads\/2019\/09\/jair-bolsonaro-divulgacao-1500-10042019064328866.jpeg\" alt=\"\" width=\"460\" height=\"305\" srcset=\"https:\/\/senoticias.com.br\/se\/wp-content\/uploads\/2019\/09\/jair-bolsonaro-divulgacao-1500-10042019064328866.jpeg 460w, https:\/\/senoticias.com.br\/se\/wp-content\/uploads\/2019\/09\/jair-bolsonaro-divulgacao-1500-10042019064328866-300x199.jpeg 300w, https:\/\/senoticias.com.br\/se\/wp-content\/uploads\/2019\/09\/jair-bolsonaro-divulgacao-1500-10042019064328866-90x60.jpeg 90w, https:\/\/senoticias.com.br\/se\/wp-content\/uploads\/2019\/09\/jair-bolsonaro-divulgacao-1500-10042019064328866-180x120.jpeg 180w, https:\/\/senoticias.com.br\/se\/wp-content\/uploads\/2019\/09\/jair-bolsonaro-divulgacao-1500-10042019064328866-95x64.jpeg 95w\" sizes=\"(max-width: 460px) 100vw, 460px\" \/><\/a><p id=\"caption-attachment-120102\" class=\"wp-caption-text\">Presidente Jair Bolsonaro sanciona lei que amplia posse de arma no campo. Foto: Imagem\/reprodu\u00e7\u00e3o internet<\/p><\/div>\n<p style=\"text-align: justify;\">Segundo o projeto aprovado pelo Legislativo, fica autorizada a posse de arma em toda a extens\u00e3o de uma propriedade rural. A medida garante ao dono de uma fazenda, por exemplo, o direito de andar com uma arma de fogo em qualquer parte de sua propriedade. At\u00e9 ent\u00e3o, a posse s\u00f3 era permitida no per\u00edmetro da sede do im\u00f3vel rural.<\/p>\n<p style=\"text-align: justify;\">Vaquejada<br \/>\nO presidente da Rep\u00fablica tamb\u00e9m sancionou outros tr\u00eas projetos de lei. Um deles \u00e9 o PL que regulamenta as pr\u00e1ticas da vaquejada, do rodeio e do la\u00e7o no Brasil. O projeto \u00e9 resultado da Emenda Constitucional 96 que, entre outros pontos, reconheceu a vaquejada como bem de natureza imaterial integrante do patrim\u00f4nio cultural brasileiro.<\/p>\n<p style=\"text-align: justify;\">A emenda determinou a regulamenta\u00e7\u00e3o da pr\u00e1tica por uma lei espec\u00edfica, que assegure o bem-estar dos animais envolvidos. De acordo com o texto aprovado no dia 20 de agosto, e que foi sancionado sem vetos pelo presidente, ficam reconhecidos o rodeio, a vaquejada e o la\u00e7o como express\u00f5es esportivas e culturais pertencentes ao patrim\u00f4nio cultural brasileiro de natureza imaterial.<\/p>\n<p style=\"text-align: justify;\">A proposta aprovada define as modalidades que passam a ser reconhecidas como esportivas, equestres e tradicionais. Na lista est\u00e3o, entre outras, o adestramento, o concurso completo de equita\u00e7\u00e3o, o enduro, o hipismo rural, as provas de la\u00e7o e velocidade, a cavalgada, a cavalhada, o concurso de marcha, a corrida, as provas de rodeio e o polo equestre.<\/p>\n<p style=\"text-align: justify;\">Viol\u00eancia dom\u00e9stica<br \/>\nJair Bolsonaro tamb\u00e9m sancionou o Projeto de Lei 2.438\/19, que prev\u00ea a responsabilidade do agressor de ressarcir os custos dos servi\u00e7os de sa\u00fade prestados pelo Sistema \u00danico de Sa\u00fade (SUS) em situa\u00e7\u00f5es relacionadas \u00e0s v\u00edtimas de viol\u00eancia dom\u00e9stica e familiar. Segundo o texto aprovado, o agressor que, por a\u00e7\u00e3o ou omiss\u00e3o, causar les\u00e3o, viol\u00eancia f\u00edsica, sexual ou psicol\u00f3gica e dano moral ou patrimonial \u00e0 mulher ser\u00e1 obrigado a ressarcir todos os danos causados, inclusive os custos dos servi\u00e7os de sa\u00fade prestados pelo SUS para o total tratamento das v\u00edtimas. A medida entrar\u00e1 em vigor em 45 dias.<\/p>\n<p style=\"text-align: justify;\">Amamenta\u00e7\u00e3o em concursos<br \/>\nO presidente da Rep\u00fablica ainda sancionou, sem vetos, o Projeto de Lei n\u00ba 3.220, de 2015, que estabelece o direito de as m\u00e3es amamentarem seus filhos de at\u00e9 6 meses de idade durante a realiza\u00e7\u00e3o de provas de concursos p\u00fablicos na administra\u00e7\u00e3o p\u00fablica direta e indireta da Uni\u00e3o. De acordo com o texto, a m\u00e3e poder\u00e1 amamentar cada filho pelo per\u00edodo de trinta minutos a cada duas horas e o tempo utilizado na amamenta\u00e7\u00e3o ser\u00e1 compensado durante a realiza\u00e7\u00e3o da prova. Para garantir o direito, a m\u00e3e deve fazer uma solicita\u00e7\u00e3o pr\u00e9via \u00e0 institui\u00e7\u00e3o organizadora do concurso.<\/p>\n<p>&nbsp;<\/p>\n<p>Por Ag\u00eancia Brasil<\/p>\n<p><a href=\"https:\/\/senoticias.com.br\/se\/wp-content\/uploads\/2019\/09\/Logo-novo-fone-1.jpg\"><img loading=\"lazy\" decoding=\"async\" class=\"aligncenter size-full wp-image-119884\" src=\"https:\/\/senoticias.com.br\/se\/wp-content\/uploads\/2019\/09\/Logo-novo-fone-1.jpg\" alt=\"\" width=\"599\" height=\"78\" srcset=\"https:\/\/senoticias.com.br\/se\/wp-content\/uploads\/2019\/09\/Logo-novo-fone-1.jpg 599w, https:\/\/senoticias.com.br\/se\/wp-content\/uploads\/2019\/09\/Logo-novo-fone-1-300x39.jpg 300w\" sizes=\"(max-width: 599px) 100vw, 599px\" \/><\/a><\/p>\n<p><em><strong>Acompanhe tamb\u00e9m o SE Not\u00edcias no\u00a0<a href=\"https:\/\/twitter.com\/Senoticias\" target=\"_blank\" rel=\"noopener\">Twitter<\/a>,\u00a0<a href=\"https:\/\/www.facebook.com\/senoticias1\" target=\"_blank\" rel=\"noopener\">Facebook<\/a>\u00a0e no\u00a0<a href=\"https:\/\/www.instagram.com\/senoticias\/\" target=\"_blank\" rel=\"noopener\">Instagram<\/a><\/strong><\/em><\/p>\n","protected":false},"excerpt":{"rendered":"<p>O presidente Jair Bolsonaro sancionou nesta ter\u00e7a-feira (17) o Projeto de Lei 3.715\/19, que amplia a posse de arma em propriedades rurais. A medida foi aprovada pela C\u00e2mara dos Deputados no dia 21 de agosto. Bolsonaro confirmou a san\u00e7\u00e3o diretamente do Pal\u00e1cio do Alvorada, onde despacha no primeiro dia de trabalho, ap\u00f3s ter ficado afastado [&hellip;]<\/p>\n","protected":false},"author":6557,"featured_media":0,"comment_status":"closed","ping_status":"closed","sticky":false,"template":"","format":"standard","meta":{"footnotes":""},"categories":[15,2961],"tags":[4404,3272,13035,8008,2782],"class_list":{"0":"post-120101","1":"post","2":"type-post","3":"status-publish","4":"format-standard","6":"category-destaques","7":"category-nacional","8":"tag-arma","9":"tag-bolsonaro","10":"tag-campo","11":"tag-posse","12":"tag-presidente"},"_links":{"self":[{"href":"https:\/\/senoticias.com.br\/se\/wp-json\/wp\/v2\/posts\/120101"}],"collection":[{"href":"https:\/\/senoticias.com.br\/se\/wp-json\/wp\/v2\/posts"}],"about":[{"href":"https:\/\/senoticias.com.br\/se\/wp-json\/wp\/v2\/types\/post"}],"author":[{"embeddable":true,"href":"https:\/\/senoticias.com.br\/se\/wp-json\/wp\/v2\/users\/6557"}],"replies":[{"embeddable":true,"href":"https:\/\/senoticias.com.br\/se\/wp-json\/wp\/v2\/comments?post=120101"}],"version-history":[{"count":0,"href":"https:\/\/senoticias.com.br\/se\/wp-json\/wp\/v2\/posts\/120101\/revisions"}],"wp:attachment":[{"href":"https:\/\/senoticias.com.br\/se\/wp-json\/wp\/v2\/media?parent=120101"}],"wp:term":[{"taxonomy":"category","embeddable":true,"href":"https:\/\/senoticias.com.br\/se\/wp-json\/wp\/v2\/categories?post=120101"},{"taxonomy":"post_tag","embeddable":true,"href":"https:\/\/senoticias.com.br\/se\/wp-json\/wp\/v2\/tags?post=120101"}],"curies":[{"name":"wp","href":"https:\/\/api.w.org\/{rel}","templated":true}]}}