{"id":120093,"date":"2019-09-17T08:24:48","date_gmt":"2019-09-17T11:24:48","guid":{"rendered":"https:\/\/senoticias.com.br\/se\/?p=120093"},"modified":"2019-09-17T08:24:48","modified_gmt":"2019-09-17T11:24:48","slug":"consumidores-poderao-saber-o-preco-dos-produtos-sem-os-impostos","status":"publish","type":"post","link":"https:\/\/senoticias.com.br\/se\/consumidores-poderao-saber-o-preco-dos-produtos-sem-os-impostos\/","title":{"rendered":"Consumidores poder\u00e3o saber o pre\u00e7o dos produtos sem os impostos"},"content":{"rendered":"<p style=\"text-align: justify;\">A Comiss\u00e3o de Transpar\u00eancia, Fiscaliza\u00e7\u00e3o e Controle (CTFC) pode votar na ter\u00e7a-feira, 17, o projeto do senador Randolfe Rodrigues (Rede-AP) que obriga os fornecedores de produtos a informarem qual o pre\u00e7o do que vendem sem os impostos (PL 990\/2019). O projeto tem o parecer pela aprova\u00e7\u00e3o feito pelo senador Dario Berger (MDB-SC) e, caso aprovado, poder\u00e1 seguir para a an\u00e1lise da C\u00e2mara dos Deputados.<\/p>\n<div id=\"attachment_120094\" style=\"width: 560px\" class=\"wp-caption aligncenter\"><a href=\"https:\/\/senoticias.com.br\/se\/wp-content\/uploads\/2019\/09\/imposto-duvidas-reforma-tributaria-foto-pixabay_13082019-e1568719429299.jpg\"><img loading=\"lazy\" decoding=\"async\" aria-describedby=\"caption-attachment-120094\" class=\"size-full wp-image-120094\" src=\"https:\/\/senoticias.com.br\/se\/wp-content\/uploads\/2019\/09\/imposto-duvidas-reforma-tributaria-foto-pixabay_13082019-e1568719429299.jpg\" alt=\"\" width=\"550\" height=\"303\" \/><\/a><p id=\"caption-attachment-120094\" class=\"wp-caption-text\">A informa\u00e7\u00e3o dever\u00e1 estar exposta aos consumidores de maneira clara, precisa e ostensiva (Foto: Pixabay)<\/p><\/div>\n<p style=\"text-align: justify;\">O texto deixa claro que a transpar\u00eancia em rela\u00e7\u00e3o \u00e0 carga tribut\u00e1ria valer\u00e1 n\u00e3o s\u00f3 no com\u00e9rcio de produtos, mas tamb\u00e9m de servi\u00e7os. E a informa\u00e7\u00e3o dever\u00e1 estar exposta aos consumidores de maneira clara, precisa e ostensiva.\u201cNa maior parte dos pa\u00edses desenvolvidos isso j\u00e1 \u00e9 feito h\u00e1 d\u00e9cadas. A informa\u00e7\u00e3o que mais interessa ao consumidor \u00e9 saber qual seria o pre\u00e7o sem os impostos. Qual \u00e9 o custo real do produto? No Brasil, o pre\u00e7o final sofre acr\u00e9scimos substanciais devido ao ICMS (Imposto sobre Circula\u00e7\u00e3o de Mercadorias e Servi\u00e7os), ao PIS\/Pasep e \u00e0 Cofins (Contribui\u00e7\u00e3o para o Financiamento da Seguridade Social)\u201d, argumenta Randolfe na justificativa.<\/p>\n<p style=\"text-align: justify;\">O senador ainda defende que explicitar os dados sobre a carga tribut\u00e1ria possibilitar\u00e1 aos consumidores saber o quanto de imposto poder\u00e1 ser sonegado, caso n\u00e3o pe\u00e7a a nota fiscal. Randolfe acredita que isso far\u00e1 com que os contribuintes solicitem o documento com mais freq\u00fc\u00eancia, contribuindo para reduzir a sonega\u00e7\u00e3o fiscal.<\/p>\n<p style=\"text-align: justify;\">Fonte: Ag\u00eancia Senado<\/p>\n<p><a href=\"https:\/\/senoticias.com.br\/se\/wp-content\/uploads\/2019\/09\/Logo-novo-fone-1.jpg\"><img loading=\"lazy\" decoding=\"async\" class=\"aligncenter size-full wp-image-119884\" src=\"https:\/\/senoticias.com.br\/se\/wp-content\/uploads\/2019\/09\/Logo-novo-fone-1.jpg\" alt=\"\" width=\"599\" height=\"78\" srcset=\"https:\/\/senoticias.com.br\/se\/wp-content\/uploads\/2019\/09\/Logo-novo-fone-1.jpg 599w, https:\/\/senoticias.com.br\/se\/wp-content\/uploads\/2019\/09\/Logo-novo-fone-1-300x39.jpg 300w\" sizes=\"(max-width: 599px) 100vw, 599px\" \/><\/a><\/p>\n<p><em><strong>Acompanhe tamb\u00e9m o SE Not\u00edcias no\u00a0<a href=\"https:\/\/twitter.com\/Senoticias\" target=\"_blank\" rel=\"noopener\">Twitter<\/a>,\u00a0<a href=\"https:\/\/www.facebook.com\/senoticias1\" target=\"_blank\" rel=\"noopener\">Facebook<\/a>\u00a0e no\u00a0<a href=\"https:\/\/www.instagram.com\/senoticias\/\" target=\"_blank\" rel=\"noopener\">Instagram<\/a><\/strong><\/em><\/p>\n","protected":false},"excerpt":{"rendered":"<p>A Comiss\u00e3o de Transpar\u00eancia, Fiscaliza\u00e7\u00e3o e Controle (CTFC) pode votar na ter\u00e7a-feira, 17, o projeto do senador Randolfe Rodrigues (Rede-AP) que obriga os fornecedores de produtos a informarem qual o pre\u00e7o do que vendem sem os impostos (PL 990\/2019). O projeto tem o parecer pela aprova\u00e7\u00e3o feito pelo senador Dario Berger (MDB-SC) e, caso aprovado, [&hellip;]<\/p>\n","protected":false},"author":6557,"featured_media":0,"comment_status":"closed","ping_status":"closed","sticky":false,"template":"","format":"standard","meta":{"footnotes":""},"categories":[15],"tags":[13030,4191,3133],"class_list":{"0":"post-120093","1":"post","2":"type-post","3":"status-publish","4":"format-standard","6":"category-destaques","7":"tag-consumidores","8":"tag-imposto","9":"tag-transparencia"},"_links":{"self":[{"href":"https:\/\/senoticias.com.br\/se\/wp-json\/wp\/v2\/posts\/120093"}],"collection":[{"href":"https:\/\/senoticias.com.br\/se\/wp-json\/wp\/v2\/posts"}],"about":[{"href":"https:\/\/senoticias.com.br\/se\/wp-json\/wp\/v2\/types\/post"}],"author":[{"embeddable":true,"href":"https:\/\/senoticias.com.br\/se\/wp-json\/wp\/v2\/users\/6557"}],"replies":[{"embeddable":true,"href":"https:\/\/senoticias.com.br\/se\/wp-json\/wp\/v2\/comments?post=120093"}],"version-history":[{"count":0,"href":"https:\/\/senoticias.com.br\/se\/wp-json\/wp\/v2\/posts\/120093\/revisions"}],"wp:attachment":[{"href":"https:\/\/senoticias.com.br\/se\/wp-json\/wp\/v2\/media?parent=120093"}],"wp:term":[{"taxonomy":"category","embeddable":true,"href":"https:\/\/senoticias.com.br\/se\/wp-json\/wp\/v2\/categories?post=120093"},{"taxonomy":"post_tag","embeddable":true,"href":"https:\/\/senoticias.com.br\/se\/wp-json\/wp\/v2\/tags?post=120093"}],"curies":[{"name":"wp","href":"https:\/\/api.w.org\/{rel}","templated":true}]}}