{"id":120091,"date":"2019-09-17T08:12:57","date_gmt":"2019-09-17T11:12:57","guid":{"rendered":"https:\/\/senoticias.com.br\/se\/?p=120091"},"modified":"2019-09-17T08:12:57","modified_gmt":"2019-09-17T11:12:57","slug":"beira-mar-continuara-em-meia-pista-nesta-terca-feira-17","status":"publish","type":"post","link":"https:\/\/senoticias.com.br\/se\/beira-mar-continuara-em-meia-pista-nesta-terca-feira-17\/","title":{"rendered":"Beira Mar continuar\u00e1 em meia pista nesta ter\u00e7a-feira, 17"},"content":{"rendered":"<p style=\"text-align: justify;\">Em continuidade \u00e0 obra de recupera\u00e7\u00e3o total da avenida Beira Mar, executada pela Prefeitura de Aracaju, a execu\u00e7\u00e3o dos servi\u00e7os, nesta ter\u00e7a-feira, 17, ser\u00e1 feita em duas frentes: no sentido sul da via, entre o cruzamento da avenida Francisco Porto \u00e0 R\u00f3tula do Caju e, no sentido norte, da R\u00f3tula do Caju \u00e0 avenida Francisco Porto.<\/p>\n<div id=\"attachment_120092\" style=\"width: 560px\" class=\"wp-caption aligncenter\"><a href=\"https:\/\/senoticias.com.br\/se\/wp-content\/uploads\/2019\/09\/trecho_beiramar_interditado__foto-smtt_130519-e1568718715857.jpg\"><img loading=\"lazy\" decoding=\"async\" aria-describedby=\"caption-attachment-120092\" class=\"size-full wp-image-120092\" src=\"https:\/\/senoticias.com.br\/se\/wp-content\/uploads\/2019\/09\/trecho_beiramar_interditado__foto-smtt_130519-e1568718715857.jpg\" alt=\"\" width=\"550\" height=\"426\" \/><\/a><p id=\"caption-attachment-120092\" class=\"wp-caption-text\">O tr\u00e1fego no local ficar\u00e1 em meia pista, das 5h \u00e0s 17h (Foto: Ilustrativa SMTT)<\/p><\/div>\n<p style=\"text-align: justify;\">Para isso, o tr\u00e1fego no local ficar\u00e1 em meia pista, das 5h \u00e0s 17h, e o tr\u00e2nsito na regi\u00e3o ser\u00e1 orientado por agentes de tr\u00e2nsito da Superintend\u00eancia Municipal de Transportes e Tr\u00e2nsito (SMTT), durante todo este per\u00edodo.Com o avan\u00e7o da obra, na quarta e quinta-feira, dias 18 e 19, o servi\u00e7o ser\u00e1 executado somente no sentido norte da avenida Beira Mar, quando as equipes estar\u00e3o trabalhando do cruzamento da Francisco Porto \u00e0 avenida An\u00edsio Azevedo e da R\u00f3tula do Caju \u00e0 Francisco Porto.<\/p>\n<p style=\"text-align: justify;\">Rotas alternativas<\/p>\n<p style=\"text-align: justify;\">Apesar de n\u00e3o haver bloqueio total na avenida Beira Mar, a SMTT recomenda aos condutores a utiliza\u00e7\u00e3o de rotas alternativas para evitar poss\u00edveis congestionamentos. Assim, para quem segue do Centro da cidade com destino \u00e0 regi\u00e3o das praias, recomenda-se acessar, por exemplo, as ruas Arau\u00e1, Santa Luzia e as avenidas Acr\u00edsio Cruz, Augusto Maynard, Hermes Fontes, Rio de Janeiro, An\u00edsio Azevedo e Pedro Calazans. J\u00e1 quem sai da regi\u00e3o das praias para o Centro, a orienta\u00e7\u00e3o \u00e9 utilizar as avenidas Jos\u00e9 Carlos Silva e Tancredo Neves.<\/p>\n<p style=\"text-align: justify;\">Fonte: PMA<\/p>\n<p><a href=\"https:\/\/senoticias.com.br\/se\/wp-content\/uploads\/2019\/09\/Logo-novo-fone-1.jpg\"><img loading=\"lazy\" decoding=\"async\" class=\"aligncenter size-full wp-image-119884\" src=\"https:\/\/senoticias.com.br\/se\/wp-content\/uploads\/2019\/09\/Logo-novo-fone-1.jpg\" alt=\"\" width=\"599\" height=\"78\" srcset=\"https:\/\/senoticias.com.br\/se\/wp-content\/uploads\/2019\/09\/Logo-novo-fone-1.jpg 599w, https:\/\/senoticias.com.br\/se\/wp-content\/uploads\/2019\/09\/Logo-novo-fone-1-300x39.jpg 300w\" sizes=\"(max-width: 599px) 100vw, 599px\" \/><\/a><\/p>\n<p><em><strong>Acompanhe tamb\u00e9m o SE Not\u00edcias no\u00a0<a href=\"https:\/\/twitter.com\/Senoticias\" target=\"_blank\" rel=\"noopener\">Twitter<\/a>,\u00a0<a href=\"https:\/\/www.facebook.com\/senoticias1\" target=\"_blank\" rel=\"noopener\">Facebook<\/a>\u00a0e no\u00a0<a href=\"https:\/\/www.instagram.com\/senoticias\/\" target=\"_blank\" rel=\"noopener\">Instagram<\/a><\/strong><\/em><\/p>\n","protected":false},"excerpt":{"rendered":"<p>Em continuidade \u00e0 obra de recupera\u00e7\u00e3o total da avenida Beira Mar, executada pela Prefeitura de Aracaju, a execu\u00e7\u00e3o dos servi\u00e7os, nesta ter\u00e7a-feira, 17, ser\u00e1 feita em duas frentes: no sentido sul da via, entre o cruzamento da avenida Francisco Porto \u00e0 R\u00f3tula do Caju e, no sentido norte, da R\u00f3tula do Caju \u00e0 avenida Francisco [&hellip;]<\/p>\n","protected":false},"author":6557,"featured_media":0,"comment_status":"closed","ping_status":"closed","sticky":false,"template":"","format":"standard","meta":{"footnotes":""},"categories":[15],"tags":[13025],"class_list":{"0":"post-120091","1":"post","2":"type-post","3":"status-publish","4":"format-standard","6":"category-destaques","7":"tag-avenida-beira-mar"},"_links":{"self":[{"href":"https:\/\/senoticias.com.br\/se\/wp-json\/wp\/v2\/posts\/120091"}],"collection":[{"href":"https:\/\/senoticias.com.br\/se\/wp-json\/wp\/v2\/posts"}],"about":[{"href":"https:\/\/senoticias.com.br\/se\/wp-json\/wp\/v2\/types\/post"}],"author":[{"embeddable":true,"href":"https:\/\/senoticias.com.br\/se\/wp-json\/wp\/v2\/users\/6557"}],"replies":[{"embeddable":true,"href":"https:\/\/senoticias.com.br\/se\/wp-json\/wp\/v2\/comments?post=120091"}],"version-history":[{"count":0,"href":"https:\/\/senoticias.com.br\/se\/wp-json\/wp\/v2\/posts\/120091\/revisions"}],"wp:attachment":[{"href":"https:\/\/senoticias.com.br\/se\/wp-json\/wp\/v2\/media?parent=120091"}],"wp:term":[{"taxonomy":"category","embeddable":true,"href":"https:\/\/senoticias.com.br\/se\/wp-json\/wp\/v2\/categories?post=120091"},{"taxonomy":"post_tag","embeddable":true,"href":"https:\/\/senoticias.com.br\/se\/wp-json\/wp\/v2\/tags?post=120091"}],"curies":[{"name":"wp","href":"https:\/\/api.w.org\/{rel}","templated":true}]}}