{"id":120049,"date":"2019-09-13T15:00:42","date_gmt":"2019-09-13T18:00:42","guid":{"rendered":"https:\/\/senoticias.com.br\/se\/?p=120049"},"modified":"2019-09-14T16:01:15","modified_gmt":"2019-09-14T19:01:15","slug":"transito-na-beira-mar-e-santos-dumont-alterado-fim-semana","status":"publish","type":"post","link":"https:\/\/senoticias.com.br\/se\/transito-na-beira-mar-e-santos-dumont-alterado-fim-semana\/","title":{"rendered":"Tr\u00e2nsito na Beira Mar e Santos Dumont ser\u00e1 alterado neste final de semana"},"content":{"rendered":"<p style=\"text-align: justify;\">Devido \u00e0 realiza\u00e7\u00e3o de eventos, o tr\u00e2nsito nas avenidas Beira Mar e Santos Dumont ser\u00e1 alterado, temporariamente, em alguns hor\u00e1rios neste final de semana. A Superintend\u00eancia Municipal de Transportes e Tr\u00e2nsito (SMTT) de Aracaju montou opera\u00e7\u00f5es para garantir a mobilidade da cidade durante os eventos.<\/p>\n<div id=\"attachment_120050\" style=\"width: 410px\" class=\"wp-caption aligncenter\"><a href=\"https:\/\/senoticias.com.br\/se\/wp-content\/uploads\/2019\/09\/thumbs.jpg\"><img loading=\"lazy\" decoding=\"async\" aria-describedby=\"caption-attachment-120050\" class=\"size-full wp-image-120050\" src=\"https:\/\/senoticias.com.br\/se\/wp-content\/uploads\/2019\/09\/thumbs.jpg\" alt=\"\" width=\"400\" height=\"251\" srcset=\"https:\/\/senoticias.com.br\/se\/wp-content\/uploads\/2019\/09\/thumbs.jpg 400w, https:\/\/senoticias.com.br\/se\/wp-content\/uploads\/2019\/09\/thumbs-300x188.jpg 300w, https:\/\/senoticias.com.br\/se\/wp-content\/uploads\/2019\/09\/thumbs-120x76.jpg 120w, https:\/\/senoticias.com.br\/se\/wp-content\/uploads\/2019\/09\/thumbs-274x173.jpg 274w, https:\/\/senoticias.com.br\/se\/wp-content\/uploads\/2019\/09\/thumbs-308x192.jpg 308w\" sizes=\"(max-width: 400px) 100vw, 400px\" \/><\/a><p id=\"caption-attachment-120050\" class=\"wp-caption-text\">Agentes de tr\u00e2nsito estar\u00e3o na regi\u00e3o para fazer os bloqueios, sinaliza\u00e7\u00f5es e orientar os condutores (foto: arquivo\/SMTT)\u00a0<\/p><\/div>\n<p style=\"text-align: justify;\">No s\u00e1bado, dia 14, a partir das 14h ,a SMTT far\u00e1 o fechamento da via onde ser\u00e1 realizada uma corrida de rua saindo do Parque da Sementeira \u00e0s 15h, seguindo pela avenida Beira Mar at\u00e9 o cruzamento com a avenida Jos\u00e9 Carlos Silva (antiga Her\u00e1clito Rollemberg) e retornando ao Parque pela mesma via.<\/p>\n<p style=\"text-align: justify;\">O tr\u00e2nsito da avenida Beira Mar ficar\u00e1 interrompido no sentido sul\/norte durante a corrida. Por esse motivo, os acessos \u00e0 avenida estar\u00e3o fechados do Parque da Sementeira at\u00e9 ao cruzamento com a Avenida Jos\u00e9 Carlos Silva (antiga Her\u00e1clito Rollemberg), por exemplo, e os acessos feitos pelas avenidas Tancredo Neves, Murilo Dantas e rua Rosalina tamb\u00e9m estar\u00e3o fechados.<\/p>\n<p style=\"text-align: justify;\">O condutor que vir da Orla da Atalaia ter\u00e1 que acessar \u00e0 avenida Jos\u00e9 Carlos Silva.<\/p>\n<p style=\"text-align: justify;\">Tamb\u00e9m no s\u00e1bado, no per\u00edodo da tarde, haver\u00e1 um evento na regi\u00e3o da avenida Santos Dumont, na Orla da Atalaia. O tr\u00e2nsito ser\u00e1 interrompido no sentido sul-norte durante a realiza\u00e7\u00e3o do evento, do retorno do Corpo de Bombeiros at\u00e9 ao Ocean\u00e1rio de Aracaju. Agentes de tr\u00e2nsito tamb\u00e9m ser\u00e3o respons\u00e1veis pela organiza\u00e7\u00e3o do fluxo e orienta\u00e7\u00e3o dos condutores.<\/p>\n<p style=\"text-align: justify;\"><strong>Domingo<\/strong><\/p>\n<p style=\"text-align: justify;\">J\u00e1 no domingo, haver\u00e1 um passeio cicl\u00edstico saindo do Parque da Sementeira. O trajeto inclui as avenidas Beira Mar (sentido Sul-Norte), An\u00edsio Azevedo, rua Cedro, av. Augusto Maynard, Ivo do Prado, rua Leonardo Leite (antiga Vila Cristina), terminando em frente ao Museu da Gente Sergipana. O tr\u00e2nsito vai sendo liberado \u00e0 medida que os ciclistas forem passando.<\/p>\n<p style=\"text-align: justify;\">Ainda no domingo, 15, ser\u00e1 realizado um desfile c\u00edvico na rua S\u00e3o Francisco de Assis, no trecho entre a rua Jonaldo Bomfim e Jackson de Figueiredo, no bairro Santos Dumont, e o tr\u00e2nsito ser\u00e1 interrompido na regi\u00e3o a partir das 7 horas.<\/p>\n<p style=\"text-align: justify;\">\u201cSer\u00e3o realizados eventos em vias importantes da cidade, mas em hor\u00e1rios de pouco fluxo de ve\u00edculos e com curta dura\u00e7\u00e3o. O tr\u00e2nsito ser\u00e1 alterado e interrompido, temporariamente, e nossos agentes estar\u00e3o atuando nas regi\u00f5es para minimizar ao m\u00e1ximo os transtornos. A popula\u00e7\u00e3o deve ficar atenta \u00e0s sinaliza\u00e7\u00f5es e, se poss\u00edvel, optar por rotas alternativas para n\u00e3o enfrentar poss\u00edveis congestionamentos\u201d, orienta o diretor de Tr\u00e2nsito da SMTT, Thiago Alc\u00e2ntara.<\/p>\n<p style=\"text-align: justify;\"><strong>Transporte P\u00fablico<\/strong><\/p>\n<p style=\"text-align: justify;\">Por causa do evento a ser realizado no s\u00e1bado, na avenida Beira Mar, a partir das 14h, as linhas de \u00f4nibus que circulam pela via sofrer\u00e3o altera\u00e7\u00f5es de itiner\u00e1rio, s\u00e3o elas: 004 \u2013 Santa Maria\/Mercado, 007 \u2013 Fernando Collor\/Atalaia, 100 CS1 \u2013 Circular Shoppings 01, 409 \u2013 Riomar\/D.I.A., 410 \u2013 In\u00e1cio Barbosa\/Jardins\/D.I.A., 411B \u2013 In\u00e1cio Barbosa\/D.I.A. e 702 \u2013 Augusto Franco\/Beira Mar.<\/p>\n<p style=\"text-align: justify;\">J\u00e1 no domingo, devido ao evento na Orla da Atalaia, tamb\u00e9m a partir das 15h, as linhas de \u00f4nibus 008 \u2013 Porto Sul\/B. Industrial, 051 \u2013 Atalaia\/Centro e 100 CS2 \u2013 Circular Shoppings 02 tamb\u00e9m ter\u00e3o os itiner\u00e1rios alterados.<\/p>\n<p style=\"text-align: justify;\">Por SMTT<\/p>\n<p><a href=\"https:\/\/senoticias.com.br\/se\/wp-content\/uploads\/2019\/09\/Logo-novo-fone-1.jpg\"><img loading=\"lazy\" decoding=\"async\" class=\"aligncenter size-full wp-image-119884\" src=\"https:\/\/senoticias.com.br\/se\/wp-content\/uploads\/2019\/09\/Logo-novo-fone-1.jpg\" alt=\"\" width=\"599\" height=\"78\" srcset=\"https:\/\/senoticias.com.br\/se\/wp-content\/uploads\/2019\/09\/Logo-novo-fone-1.jpg 599w, https:\/\/senoticias.com.br\/se\/wp-content\/uploads\/2019\/09\/Logo-novo-fone-1-300x39.jpg 300w\" sizes=\"(max-width: 599px) 100vw, 599px\" \/><\/a><\/p>\n<p><em><strong>Acompanhe tamb\u00e9m o SE not\u00edcias no\u00a0<a href=\"https:\/\/twitter.com\/Senoticias\" target=\"_blank\" rel=\"noopener\">Twitter<\/a>,\u00a0<a href=\"https:\/\/www.facebook.com\/senoticias1\" target=\"_blank\" rel=\"noopener\">Facebook<\/a>\u00a0e no\u00a0<a href=\"https:\/\/www.instagram.com\/senoticias\/\" target=\"_blank\" rel=\"noopener\">Instagram<\/a><\/strong><\/em><\/p>\n","protected":false},"excerpt":{"rendered":"<p>Devido \u00e0 realiza\u00e7\u00e3o de eventos, o tr\u00e2nsito nas avenidas Beira Mar e Santos Dumont ser\u00e1 alterado, temporariamente, em alguns hor\u00e1rios neste final de semana. A Superintend\u00eancia Municipal de Transportes e Tr\u00e2nsito (SMTT) de Aracaju montou opera\u00e7\u00f5es para garantir a mobilidade da cidade durante os eventos. No s\u00e1bado, dia 14, a partir das 14h ,a SMTT [&hellip;]<\/p>\n","protected":false},"author":6557,"featured_media":0,"comment_status":"closed","ping_status":"closed","sticky":false,"template":"","format":"standard","meta":{"footnotes":""},"categories":[15,6],"tags":[13012,2979,4082],"class_list":{"0":"post-120049","1":"post","2":"type-post","3":"status-publish","4":"format-standard","6":"category-destaques","7":"category-politica","8":"tag-alteracao-no-transito","9":"tag-smtt","10":"tag-smtt-aracaju"},"_links":{"self":[{"href":"https:\/\/senoticias.com.br\/se\/wp-json\/wp\/v2\/posts\/120049"}],"collection":[{"href":"https:\/\/senoticias.com.br\/se\/wp-json\/wp\/v2\/posts"}],"about":[{"href":"https:\/\/senoticias.com.br\/se\/wp-json\/wp\/v2\/types\/post"}],"author":[{"embeddable":true,"href":"https:\/\/senoticias.com.br\/se\/wp-json\/wp\/v2\/users\/6557"}],"replies":[{"embeddable":true,"href":"https:\/\/senoticias.com.br\/se\/wp-json\/wp\/v2\/comments?post=120049"}],"version-history":[{"count":0,"href":"https:\/\/senoticias.com.br\/se\/wp-json\/wp\/v2\/posts\/120049\/revisions"}],"wp:attachment":[{"href":"https:\/\/senoticias.com.br\/se\/wp-json\/wp\/v2\/media?parent=120049"}],"wp:term":[{"taxonomy":"category","embeddable":true,"href":"https:\/\/senoticias.com.br\/se\/wp-json\/wp\/v2\/categories?post=120049"},{"taxonomy":"post_tag","embeddable":true,"href":"https:\/\/senoticias.com.br\/se\/wp-json\/wp\/v2\/tags?post=120049"}],"curies":[{"name":"wp","href":"https:\/\/api.w.org\/{rel}","templated":true}]}}