{"id":119988,"date":"2019-09-09T17:07:46","date_gmt":"2019-09-09T20:07:46","guid":{"rendered":"https:\/\/senoticias.com.br\/se\/?p=119988"},"modified":"2019-09-09T17:07:46","modified_gmt":"2019-09-09T20:07:46","slug":"petrobras-avalia-possibilidade-de-fechar-predios-em-sergipe","status":"publish","type":"post","link":"https:\/\/senoticias.com.br\/se\/petrobras-avalia-possibilidade-de-fechar-predios-em-sergipe\/","title":{"rendered":"Petrobras avalia possibilidade de fechar pr\u00e9dios em Sergipe"},"content":{"rendered":"<p style=\"text-align: justify;\">A Petrobras avalia oportunidades de redu\u00e7\u00e3o de custos em todos os seus processos e atividades, incluindo a ocupa\u00e7\u00e3o predial. Esse movimento n\u00e3o \u00e9 pontual em uma regi\u00e3o espec\u00edfica; ele \u00e9 cont\u00ednuo e faz parte de uma gest\u00e3o respons\u00e1vel dos recursos. Em contato com o Portal Infonet, a assessoria de imprensa da estatal informou que ainda n\u00e3o h\u00e1 datas espec\u00edficas, mas h\u00e1 estudos t\u00e9cnicos em andamento para definir como ficar\u00e1 a nova estrutura da Petrobras em Sergipe.Esse ano, por exemplo, j\u00e1 foi desocupado o Edisp, em S\u00e3o Paulo, contratadas novas instala\u00e7\u00f5es e realocadas algumas equipes, gerando uma economia anual de cerca de R$ 20 milh\u00f5es para a companhia. Com o mesmo intuito, est\u00e3o sendo desocupados o Edif\u00edcio Ventura, no Centro do Rio de Janeiro, e o Edif\u00edcio Novo Cavaleiros, em Maca\u00e9. Est\u00e3o em andamento estudos sobre outras instala\u00e7\u00f5es, de forma a adequar a ocupa\u00e7\u00e3o dos espa\u00e7os \u00e0 estrat\u00e9gia de neg\u00f3cio da Petrobras.<\/p>\n<div id=\"attachment_119989\" style=\"width: 560px\" class=\"wp-caption aligncenter\"><a href=\"https:\/\/senoticias.com.br\/se\/wp-content\/uploads\/2019\/09\/petrobras_sede_rua_acre_foto_reproducao_google_maps_09092019-750x430-e1568059115413.jpg\"><img loading=\"lazy\" decoding=\"async\" aria-describedby=\"caption-attachment-119989\" class=\"size-full wp-image-119989\" src=\"https:\/\/senoticias.com.br\/se\/wp-content\/uploads\/2019\/09\/petrobras_sede_rua_acre_foto_reproducao_google_maps_09092019-750x430-e1568059115413.jpg\" alt=\"\" width=\"550\" height=\"315\" \/><\/a><p id=\"caption-attachment-119989\" class=\"wp-caption-text\">Sede da Petrobras em Sergipe pode ser esvaziada (Foto: reprodu\u00e7\u00e3o Google Maps)<\/p><\/div>\n<p style=\"text-align: justify;\">A mobilidade de pessoas entre pr\u00e9dios ou mesmo entre diferentes unidades ou \u00e1reas de atua\u00e7\u00e3o \u00e9 natural nas empresas. Alguns processos podem ser centralizados; para outros, a solu\u00e7\u00e3o pode ser utilizar espa\u00e7os dispon\u00edveis em instala\u00e7\u00f5es pr\u00f3ximas ou mesmo contratar novas instala\u00e7\u00f5es, mais otimizadas e menos onerosas, como ocorreu em S\u00e3o Paulo.<\/p>\n<p style=\"text-align: justify;\">Com informa\u00e7\u00f5es Ascom Petrobras<\/p>\n<p><a href=\"https:\/\/senoticias.com.br\/se\/wp-content\/uploads\/2019\/09\/Logo-novo-fone-1.jpg\"><img loading=\"lazy\" decoding=\"async\" class=\"aligncenter size-full wp-image-119884\" src=\"https:\/\/senoticias.com.br\/se\/wp-content\/uploads\/2019\/09\/Logo-novo-fone-1.jpg\" alt=\"\" width=\"599\" height=\"78\" srcset=\"https:\/\/senoticias.com.br\/se\/wp-content\/uploads\/2019\/09\/Logo-novo-fone-1.jpg 599w, https:\/\/senoticias.com.br\/se\/wp-content\/uploads\/2019\/09\/Logo-novo-fone-1-300x39.jpg 300w\" sizes=\"(max-width: 599px) 100vw, 599px\" \/><\/a><\/p>\n<p><em><strong>Acompanhe tamb\u00e9m o SE not\u00edcias no\u00a0<a href=\"https:\/\/twitter.com\/Senoticias\" target=\"_blank\" rel=\"noopener\">Twitter<\/a>,\u00a0<a href=\"https:\/\/www.facebook.com\/senoticias1\" target=\"_blank\" rel=\"noopener\">Facebook<\/a>\u00a0e no\u00a0<a href=\"https:\/\/www.instagram.com\/senoticias\/\" target=\"_blank\" rel=\"noopener\">Instagram<\/a><\/strong><\/em><\/p>\n","protected":false},"excerpt":{"rendered":"<p>A Petrobras avalia oportunidades de redu\u00e7\u00e3o de custos em todos os seus processos e atividades, incluindo a ocupa\u00e7\u00e3o predial. Esse movimento n\u00e3o \u00e9 pontual em uma regi\u00e3o espec\u00edfica; ele \u00e9 cont\u00ednuo e faz parte de uma gest\u00e3o respons\u00e1vel dos recursos. Em contato com o Portal Infonet, a assessoria de imprensa da estatal informou que ainda [&hellip;]<\/p>\n","protected":false},"author":6557,"featured_media":0,"comment_status":"closed","ping_status":"closed","sticky":false,"template":"","format":"standard","meta":{"footnotes":""},"categories":[15],"tags":[629,6405],"class_list":{"0":"post-119988","1":"post","2":"type-post","3":"status-publish","4":"format-standard","6":"category-destaques","7":"tag-petrobras","8":"tag-predio"},"_links":{"self":[{"href":"https:\/\/senoticias.com.br\/se\/wp-json\/wp\/v2\/posts\/119988"}],"collection":[{"href":"https:\/\/senoticias.com.br\/se\/wp-json\/wp\/v2\/posts"}],"about":[{"href":"https:\/\/senoticias.com.br\/se\/wp-json\/wp\/v2\/types\/post"}],"author":[{"embeddable":true,"href":"https:\/\/senoticias.com.br\/se\/wp-json\/wp\/v2\/users\/6557"}],"replies":[{"embeddable":true,"href":"https:\/\/senoticias.com.br\/se\/wp-json\/wp\/v2\/comments?post=119988"}],"version-history":[{"count":0,"href":"https:\/\/senoticias.com.br\/se\/wp-json\/wp\/v2\/posts\/119988\/revisions"}],"wp:attachment":[{"href":"https:\/\/senoticias.com.br\/se\/wp-json\/wp\/v2\/media?parent=119988"}],"wp:term":[{"taxonomy":"category","embeddable":true,"href":"https:\/\/senoticias.com.br\/se\/wp-json\/wp\/v2\/categories?post=119988"},{"taxonomy":"post_tag","embeddable":true,"href":"https:\/\/senoticias.com.br\/se\/wp-json\/wp\/v2\/tags?post=119988"}],"curies":[{"name":"wp","href":"https:\/\/api.w.org\/{rel}","templated":true}]}}