{"id":119944,"date":"2019-09-05T08:34:33","date_gmt":"2019-09-05T11:34:33","guid":{"rendered":"https:\/\/senoticias.com.br\/se\/?p=119944"},"modified":"2019-09-05T08:34:33","modified_gmt":"2019-09-05T11:34:33","slug":"pesquisa-aponta-queda-de-precos-do-gas-de-cozinha-em-aracaju","status":"publish","type":"post","link":"https:\/\/senoticias.com.br\/se\/pesquisa-aponta-queda-de-precos-do-gas-de-cozinha-em-aracaju\/","title":{"rendered":"Pesquisa aponta queda de pre\u00e7os do g\u00e1s de cozinha em Aracaju"},"content":{"rendered":"<p style=\"text-align: justify;\">A Prefeitura de Aracaju, por meio da Secretaria da Defesa Social e da Cidadania (Semdec) e coordenado pelo Programa Municipal de Prote\u00e7\u00e3o e Defesa do Consumidor (Procon Aracaju) realizou nesta quarta-feira, 4, a coleta dos pre\u00e7os do g\u00e1s de cozinha em 26 estabelecimentos comerciais.<\/p>\n<div id=\"attachment_119945\" style=\"width: 560px\" class=\"wp-caption aligncenter\"><a href=\"https:\/\/senoticias.com.br\/se\/wp-content\/uploads\/2019\/09\/botijao-de-gas-Foto-Marcello-Casal-Agencia-Brasil-03082019.jpg\"><img loading=\"lazy\" decoding=\"async\" aria-describedby=\"caption-attachment-119945\" class=\"size-full wp-image-119945\" src=\"https:\/\/senoticias.com.br\/se\/wp-content\/uploads\/2019\/09\/botijao-de-gas-Foto-Marcello-Casal-Agencia-Brasil-03082019.jpg\" alt=\"\" width=\"550\" height=\"330\" srcset=\"https:\/\/senoticias.com.br\/se\/wp-content\/uploads\/2019\/09\/botijao-de-gas-Foto-Marcello-Casal-Agencia-Brasil-03082019.jpg 550w, https:\/\/senoticias.com.br\/se\/wp-content\/uploads\/2019\/09\/botijao-de-gas-Foto-Marcello-Casal-Agencia-Brasil-03082019-300x180.jpg 300w\" sizes=\"(max-width: 550px) 100vw, 550px\" \/><\/a><p id=\"caption-attachment-119945\" class=\"wp-caption-text\">O Procon visitou 26 estabelecimentos (Foto: Marcello Casal\/Ag\u00eancia Brasil)<\/p><\/div>\n<p style=\"text-align: justify;\">Acesse a pesquisa dos estabelecimentos visitados , endere\u00e7os e pre\u00e7os praticados de acordo com a forma de pagamento.<\/p>\n<p style=\"text-align: justify;\">De acordo com o coordenador do Procon Aracaju, Igor Lopes, os dados obtidos permitiram observar que o m\u00eas de setembro, quando comparado aos meses anteriores, apresenta o menor valor \u00e0 vista encontrado para o produto pesquisado. \u201cEnquanto nas demais pesquisas, realizadas nos meses de fevereiro, maio e julho, o pre\u00e7o coletado foi de R$70,00, neste levantamento o menor valor registrado foi de R$ 60,00\u201d, indica Igor Lopes. J\u00e1 o menor pre\u00e7o observado para compras realizadas com o cart\u00e3o de cr\u00e9dito foi o mesmo em todas as pesquisas: R$75,00.<\/p>\n<p style=\"text-align: justify;\">As pesquisas fazem parte da programa\u00e7\u00e3o da Coordenadoria de Educa\u00e7\u00e3o e Pesquisa do Procon Aracaju. A coordenadora do setor, Grazielle Nery, explica de que forma s\u00e3o realizados os levantamentos. \u201cVisitamos estabelecimentos localizados na capital, onde os fornecedores s\u00e3o questionados sobre os pre\u00e7os praticados para pagamento \u00e0 vista e os praticados para venda por meio do cart\u00e3o de cr\u00e9dito\u201d, aponta. A coordenadora ressalta que, desde 2017, a distin\u00e7\u00e3o de pre\u00e7o a partir da forma de pagamento \u00e9 autorizada pela Lei Federal N\u00ba 13.455.Vale ressaltar que as varia\u00e7\u00f5es e pre\u00e7os apontados na tabela se referem aos valores encontrados no dia em que o levantamento foi realizado. Portanto, \u00e9 poss\u00edvel que, no momento da compra, o consumidor possa se deparar com altera\u00e7\u00e3o, por conta de eventuais descontos, ofertas e promo\u00e7\u00f5es. Al\u00e9m disso, estabelecimentos de uma mesma rede de distribui\u00e7\u00e3o podem praticar pre\u00e7os distintos.<\/p>\n<p style=\"text-align: justify;\">Atendimento<\/p>\n<p style=\"text-align: justify;\">Para agendar o atendimento presencial na sede do \u00f3rg\u00e3o, o consumidor conta com o servi\u00e7o de agendamento online, pelo qual pode marcar o dia e hor\u00e1rio por meio do site procon.aracaju.se.gov.br. O servi\u00e7o possibilita maior agilidade e efici\u00eancia para o atendimento, indicando, no calend\u00e1rio, os dias e hor\u00e1rios dispon\u00edveis. Em caso de d\u00favidas ou den\u00fancias, \u00e9 poss\u00edvel ligar para o SAC 151, de segunda a sexta-feira, das 8h \u00e0s 17h.<\/p>\n<p style=\"text-align: justify;\">O Procon Aracaju est\u00e1 localizado na Av. Bar\u00e3o de Maruim, n\u00ba867, bairro S\u00e3o Jos\u00e9.<\/p>\n<p style=\"text-align: justify;\">Fonte: PMA<\/p>\n<p>&nbsp;<\/p>\n<p><a href=\"https:\/\/senoticias.com.br\/se\/wp-content\/uploads\/2019\/09\/Logo-novo-fone-1.jpg\"><img loading=\"lazy\" decoding=\"async\" class=\"aligncenter size-full wp-image-119884\" src=\"https:\/\/senoticias.com.br\/se\/wp-content\/uploads\/2019\/09\/Logo-novo-fone-1.jpg\" alt=\"\" width=\"599\" height=\"78\" srcset=\"https:\/\/senoticias.com.br\/se\/wp-content\/uploads\/2019\/09\/Logo-novo-fone-1.jpg 599w, https:\/\/senoticias.com.br\/se\/wp-content\/uploads\/2019\/09\/Logo-novo-fone-1-300x39.jpg 300w\" sizes=\"(max-width: 599px) 100vw, 599px\" \/><\/a><\/p>\n<p><em><strong>Acompanhe tamb\u00e9m o SE not\u00edcias no\u00a0<a href=\"https:\/\/twitter.com\/Senoticias\" target=\"_blank\" rel=\"noopener\">Twitter<\/a>,\u00a0<a href=\"https:\/\/www.facebook.com\/senoticias1\" target=\"_blank\" rel=\"noopener\">Facebook<\/a>\u00a0e no\u00a0<a href=\"https:\/\/www.instagram.com\/senoticias\/\" target=\"_blank\" rel=\"noopener\">Instagram<\/a><\/strong><\/em><\/p>\n","protected":false},"excerpt":{"rendered":"<p>A Prefeitura de Aracaju, por meio da Secretaria da Defesa Social e da Cidadania (Semdec) e coordenado pelo Programa Municipal de Prote\u00e7\u00e3o e Defesa do Consumidor (Procon Aracaju) realizou nesta quarta-feira, 4, a coleta dos pre\u00e7os do g\u00e1s de cozinha em 26 estabelecimentos comerciais. Acesse a pesquisa dos estabelecimentos visitados , endere\u00e7os e pre\u00e7os praticados [&hellip;]<\/p>\n","protected":false},"author":6557,"featured_media":0,"comment_status":"closed","ping_status":"closed","sticky":false,"template":"","format":"standard","meta":{"footnotes":""},"categories":[15],"tags":[339,3513,12957],"class_list":{"0":"post-119944","1":"post","2":"type-post","3":"status-publish","4":"format-standard","6":"category-destaques","7":"tag-aracaju","8":"tag-gas","9":"tag-queda-de-precos"},"_links":{"self":[{"href":"https:\/\/senoticias.com.br\/se\/wp-json\/wp\/v2\/posts\/119944"}],"collection":[{"href":"https:\/\/senoticias.com.br\/se\/wp-json\/wp\/v2\/posts"}],"about":[{"href":"https:\/\/senoticias.com.br\/se\/wp-json\/wp\/v2\/types\/post"}],"author":[{"embeddable":true,"href":"https:\/\/senoticias.com.br\/se\/wp-json\/wp\/v2\/users\/6557"}],"replies":[{"embeddable":true,"href":"https:\/\/senoticias.com.br\/se\/wp-json\/wp\/v2\/comments?post=119944"}],"version-history":[{"count":0,"href":"https:\/\/senoticias.com.br\/se\/wp-json\/wp\/v2\/posts\/119944\/revisions"}],"wp:attachment":[{"href":"https:\/\/senoticias.com.br\/se\/wp-json\/wp\/v2\/media?parent=119944"}],"wp:term":[{"taxonomy":"category","embeddable":true,"href":"https:\/\/senoticias.com.br\/se\/wp-json\/wp\/v2\/categories?post=119944"},{"taxonomy":"post_tag","embeddable":true,"href":"https:\/\/senoticias.com.br\/se\/wp-json\/wp\/v2\/tags?post=119944"}],"curies":[{"name":"wp","href":"https:\/\/api.w.org\/{rel}","templated":true}]}}