{"id":119925,"date":"2019-09-04T10:59:24","date_gmt":"2019-09-04T13:59:24","guid":{"rendered":"https:\/\/senoticias.com.br\/se\/?p=119925"},"modified":"2019-09-04T10:59:24","modified_gmt":"2019-09-04T13:59:24","slug":"turismo-luciano-pimentel-apresenta-dados-do-setor-e-destaca-atuacao-da-abih-em-sergipe","status":"publish","type":"post","link":"https:\/\/senoticias.com.br\/se\/turismo-luciano-pimentel-apresenta-dados-do-setor-e-destaca-atuacao-da-abih-em-sergipe\/","title":{"rendered":"Turismo: Luciano Pimentel apresenta dados do setor e destaca atua\u00e7\u00e3o da ABIH em Sergipe"},"content":{"rendered":"<p style=\"text-align: justify;\">Eleito secret\u00e1rio de Turismo e Desenvolvimento Social da Uni\u00e3o Nacional dos Legisladores e Legislativos Estaduais (UNALE), o deputado estadual Luciano Pimentel abordou na \u00faltima ter\u00e7a-feira, 3, aspectos relacionados ao cen\u00e1rio do turismo brasileiro.<\/p>\n<div id=\"attachment_119926\" style=\"width: 560px\" class=\"wp-caption aligncenter\"><a href=\"https:\/\/senoticias.com.br\/se\/wp-content\/uploads\/2019\/09\/8f747dae-a314-4232-9706-0eb2efafd113-e1567605470940.jpg\"><img loading=\"lazy\" decoding=\"async\" aria-describedby=\"caption-attachment-119926\" class=\"size-full wp-image-119926\" src=\"https:\/\/senoticias.com.br\/se\/wp-content\/uploads\/2019\/09\/8f747dae-a314-4232-9706-0eb2efafd113-e1567605470940.jpg\" alt=\"\" width=\"550\" height=\"363\" \/><\/a><p id=\"caption-attachment-119926\" class=\"wp-caption-text\">Foto: Edu Almeida<\/p><\/div>\n<p style=\"text-align: justify;\">Em pronunciamento na Assembleia Legislativa, o parlamentar apresentou alguns dados do setor tur\u00edstico, citando o n\u00famero de chegadas de turistas, os destinos mais visitados, os principais motivos da viagem, o tipo de hospedagem escolhido e o tempo m\u00e9dio de perman\u00eancia no pa\u00eds.<\/p>\n<p style=\"text-align: justify;\">Com base em informa\u00e7\u00f5es do Minist\u00e9rio do Turismo, Luciano Pimentel pontuou que mais de 37% dos turistas que desembarcam no Brasil s\u00e3o da Am\u00e9rica do Sul, sendo a maioria argentinos. J\u00e1 os visitantes de pa\u00edses europeus representam cerca de 16, 2%.<\/p>\n<p style=\"text-align: justify;\">\u201cDiante das potencialidades tur\u00edsticas do Brasil, podemos perceber que entre 2017 e 2018 tivemos um acr\u00e9scimo insignificante no n\u00famero de turistas que visitaram o pa\u00eds. Fomos de 6,59 milh\u00f5es em 2017 para 6,62 milh\u00f5es no ano passado. Isso mostra que ainda precisamos evoluir nesta \u00e1rea\u201d, considerou.<\/p>\n<p style=\"text-align: justify;\">O parlamentar, que desde o primeiro mandato pauta essa tem\u00e1tica, afirmou que intensificar\u00e1 sua participa\u00e7\u00e3o nas discuss\u00f5es sobre o setor. \u201cIrei me inserir nessa pol\u00edtica e darei minha contribui\u00e7\u00e3o estudando, ouvindo propostas e levantando informa\u00e7\u00f5es, atrav\u00e9s da Secretaria Nacional de Turismo e Desenvolvimento Social da Unale, para encontrar alternativas que auxiliem a expans\u00e3o do setor tur\u00edstico. Acredito que dessa forma estaremos tamb\u00e9m proporcionando melhores condi\u00e7\u00f5es de vida para nossa gente\u201d.<\/p>\n<p style=\"text-align: justify;\">Sergipe<\/p>\n<p style=\"text-align: justify;\">Trazendo o assunto para realidade sergipana, Luciano Pimentel destacou que o Governo do Estado, atrav\u00e9s da Secretaria Estadual de Turismo, est\u00e1 come\u00e7ando a tratar o setor com uma vis\u00e3o mais profissional, mas \u00e9 necess\u00e1rio que a Prefeitura de Aracaju e dos demais munic\u00edpios se somem a esse projeto.<\/p>\n<p style=\"text-align: justify;\">\u201c\u00c9 importante que n\u00f3s tenhamos essa atitude de levar e buscar o turismo para o Estado de Sergipe. N\u00f3s temos muito a mostrar tanto para os turistas brasileiros quanto para os internacionais. Mas para que possamos obter sucesso nesta \u00e1rea, precisamos realmente pensar o turismo com a seriedade\u201d, salientou.<\/p>\n<p style=\"text-align: justify;\">Neste sentido, Luciano Pimentel ressaltou o trabalho que tem sido executado pela Associa\u00e7\u00e3o Brasileira de Ind\u00fastria de Hot\u00e9is em Sergipe (ABIH-SE) para promover o turismo no Estado. Durante sua explana\u00e7\u00e3o, o deputado exibiu o v\u00eddeo publicit\u00e1rio produzido pela Associa\u00e7\u00e3o como parte das a\u00e7\u00f5es da campanha intitulada &#8220;Turismo forte, todos ganham!&#8221;.<\/p>\n<p style=\"text-align: justify;\">\u201cA ABIH \u00e9 presidida pelo jovem empres\u00e1rio Ant\u00f4nio Carlos Franco Sobrinho, que possui uma vis\u00e3o moderna, e tem atuado fortemente na divulga\u00e7\u00e3o do turismo sergipano. Esse v\u00eddeo integra uma campanha, criada com recursos dos pr\u00f3prios empres\u00e1rios, que visa estimular o crescimento do setor em Sergipe, ressaltando o qu\u00e3o importante \u00e9 o turismo para alavancar a economia e a gera\u00e7\u00e3o de emprego e renda\u201d, enfatizou.<\/p>\n<p style=\"text-align: justify;\">Produzida pela ABIH, a campanha foi lan\u00e7ada no \u00faltimo m\u00eas de agosto e al\u00e9m do v\u00eddeo conta com impulsionamento nas redes sociais, veicula\u00e7\u00e3o de outdoors e an\u00fancios em jornais.<\/p>\n<p style=\"text-align: justify;\">Assessoria Parlamentar<\/p>\n<p style=\"text-align: justify;\">Foto: Edu Almeida<\/p>\n<p>&nbsp;<\/p>\n<p><a href=\"https:\/\/senoticias.com.br\/se\/wp-content\/uploads\/2019\/09\/Logo-novo-fone-1.jpg\"><img loading=\"lazy\" decoding=\"async\" class=\"aligncenter size-full wp-image-119884\" src=\"https:\/\/senoticias.com.br\/se\/wp-content\/uploads\/2019\/09\/Logo-novo-fone-1.jpg\" alt=\"\" width=\"599\" height=\"78\" srcset=\"https:\/\/senoticias.com.br\/se\/wp-content\/uploads\/2019\/09\/Logo-novo-fone-1.jpg 599w, https:\/\/senoticias.com.br\/se\/wp-content\/uploads\/2019\/09\/Logo-novo-fone-1-300x39.jpg 300w\" sizes=\"(max-width: 599px) 100vw, 599px\" \/><\/a><\/p>\n<p>&nbsp;<\/p>\n<p><em><strong>Acompanhe tamb\u00e9m o SE not\u00edcias no\u00a0<a href=\"https:\/\/twitter.com\/Senoticias\" target=\"_blank\" rel=\"noopener\">Twitter<\/a>,\u00a0<a href=\"https:\/\/www.facebook.com\/senoticias1\" target=\"_blank\" rel=\"noopener\">Facebook<\/a>\u00a0e no\u00a0<a href=\"https:\/\/www.instagram.com\/senoticias\/\" target=\"_blank\" rel=\"noopener\">Instagram<\/a><\/strong><\/em><\/p>\n","protected":false},"excerpt":{"rendered":"<p>Eleito secret\u00e1rio de Turismo e Desenvolvimento Social da Uni\u00e3o Nacional dos Legisladores e Legislativos Estaduais (UNALE), o deputado estadual Luciano Pimentel abordou na \u00faltima ter\u00e7a-feira, 3, aspectos relacionados ao cen\u00e1rio do turismo brasileiro. Em pronunciamento na Assembleia Legislativa, o parlamentar apresentou alguns dados do setor tur\u00edstico, citando o n\u00famero de chegadas de turistas, os destinos [&hellip;]<\/p>\n","protected":false},"author":6557,"featured_media":0,"comment_status":"closed","ping_status":"closed","sticky":false,"template":"","format":"standard","meta":{"footnotes":""},"categories":[15],"tags":[12945,223,3705],"class_list":{"0":"post-119925","1":"post","2":"type-post","3":"status-publish","4":"format-standard","6":"category-destaques","7":"tag-deputado-estadual-luciano-pimentel","8":"tag-sergipe","9":"tag-turismo"},"_links":{"self":[{"href":"https:\/\/senoticias.com.br\/se\/wp-json\/wp\/v2\/posts\/119925"}],"collection":[{"href":"https:\/\/senoticias.com.br\/se\/wp-json\/wp\/v2\/posts"}],"about":[{"href":"https:\/\/senoticias.com.br\/se\/wp-json\/wp\/v2\/types\/post"}],"author":[{"embeddable":true,"href":"https:\/\/senoticias.com.br\/se\/wp-json\/wp\/v2\/users\/6557"}],"replies":[{"embeddable":true,"href":"https:\/\/senoticias.com.br\/se\/wp-json\/wp\/v2\/comments?post=119925"}],"version-history":[{"count":0,"href":"https:\/\/senoticias.com.br\/se\/wp-json\/wp\/v2\/posts\/119925\/revisions"}],"wp:attachment":[{"href":"https:\/\/senoticias.com.br\/se\/wp-json\/wp\/v2\/media?parent=119925"}],"wp:term":[{"taxonomy":"category","embeddable":true,"href":"https:\/\/senoticias.com.br\/se\/wp-json\/wp\/v2\/categories?post=119925"},{"taxonomy":"post_tag","embeddable":true,"href":"https:\/\/senoticias.com.br\/se\/wp-json\/wp\/v2\/tags?post=119925"}],"curies":[{"name":"wp","href":"https:\/\/api.w.org\/{rel}","templated":true}]}}