{"id":119866,"date":"2019-08-30T16:24:38","date_gmt":"2019-08-30T19:24:38","guid":{"rendered":"https:\/\/senoticias.com.br\/se\/?p=119866"},"modified":"2019-08-30T16:48:25","modified_gmt":"2019-08-30T19:48:25","slug":"prefeitura-divulga-edital-para-concurso-publico-em-sao-cristovao","status":"publish","type":"post","link":"https:\/\/senoticias.com.br\/se\/prefeitura-divulga-edital-para-concurso-publico-em-sao-cristovao\/","title":{"rendered":"Prefeitura divulga edital para concurso p\u00fablico em S\u00e3o Crist\u00f3v\u00e3o"},"content":{"rendered":"<p style=\"text-align: justify;\">Nesta quinta-feira, 29, a Prefeitura de S\u00e3o Crist\u00f3v\u00e3o, atrav\u00e9s do\u00a0 Centro Brasileiro de Pesquisa em Avalia\u00e7\u00e3o e Sele\u00e7\u00e3o e de Promo\u00e7\u00e3o de Eventos (Cebraspe \u2013UNB), divulgou o edital para o concurso p\u00fablico do magist\u00e9rio em S\u00e3o Crist\u00f3v\u00e3o.<\/p>\n<p style=\"text-align: justify;\">\n<div id=\"attachment_107796\" style=\"width: 609px\" class=\"wp-caption alignnone\"><a href=\"https:\/\/senoticias.com.br\/se\/wp-content\/uploads\/2017\/10\/WhatsApp-Image-2017-10-29-at-12.33.11-e1509289307888.jpeg\"><img loading=\"lazy\" decoding=\"async\" aria-describedby=\"caption-attachment-107796\" class=\"size-full wp-image-107796\" src=\"https:\/\/senoticias.com.br\/se\/wp-content\/uploads\/2017\/10\/WhatsApp-Image-2017-10-29-at-12.33.11-e1509289307888.jpeg\" alt=\"\" width=\"599\" height=\"306\" \/><\/a><p id=\"caption-attachment-107796\" class=\"wp-caption-text\"><br \/>Ap\u00f3s 18 anos Prefeitura de S\u00e3o Crist\u00f3v\u00e3o realiza concurso p\u00fablico (foto: arquivo\/SE Not\u00edcias)<\/p><\/div>\n<p style=\"text-align: justify;\">\u201cO concurso \u00e9 um marco na trajet\u00f3ria da educa\u00e7\u00e3o de S\u00e3o Crist\u00f3v\u00e3o. \u00c9 muito importante perceber o esfor\u00e7o e a prioridade que a gest\u00e3o municipal vem dando a educa\u00e7\u00e3o em todos os seus \u00e2mbitos, seja na amplia\u00e7\u00e3o de matr\u00edcula, na readequa\u00e7\u00e3o dos espa\u00e7os escolares, no conforto para o professor ensinar e o aluno aprender ou na aquisi\u00e7\u00e3o de material pedag\u00f3gico, S\u00e3o Crist\u00f3v\u00e3o tem feito um investimento maci\u00e7o em educa\u00e7\u00e3o\u201d, disse a secret\u00e1ria municipal de educa\u00e7\u00e3o de S\u00e3o Crist\u00f3v\u00e3o, Quit\u00e9ria de Barros.<\/p>\n<p style=\"text-align: justify;\">\u201cA realiza\u00e7\u00e3o deste concurso dar\u00e1 outra dimens\u00e3o para a educa\u00e7\u00e3o de S\u00e3o Crist\u00f3v\u00e3o, hoje com a divulga\u00e7\u00e3o do edital chegamos a um momento de trabalho iniciado em 2017. Ampliar o n\u00famero de professores vai contribuir e oxigenar a rede municipal de ensino. N\u00e3o existe esperan\u00e7a para a transforma\u00e7\u00e3o de um pa\u00eds que n\u00e3o passe pela educa\u00e7\u00e3o, sobretudo com professores qualificados e motivados\u201d, destacou o prefeito Marcos Santana.<\/p>\n<p style=\"text-align: justify;\">O \u00faltimo concurso para magist\u00e9rio realizado no munic\u00edpio foi em 2001.Todas as etapas ser\u00e3o realizadas ainda este ano para que os aprovados possam ingressar no servi\u00e7o p\u00fablico no ano letivo de 2010. A carga hor\u00e1ria \u00e9 de 160 horas com remunera\u00e7\u00e3o com base no Piso do Magist\u00e9rio proporcional com a carga hor\u00e1ria.<\/p>\n<p>Para ver o edital e carga hor\u00e1ria clique <a href=\"https:\/\/cdn.cebraspe.org.br\/concursos\/PREF_SAO_CRISTOVAO_SE_19_PROF\/arquivos\/ED_1_2019_PREF_SAO_CRISTOVAO_PROFESSOR_ABERTURA.PDF\"><strong>aqui.<\/strong><\/a><\/p>\n<p>&nbsp;<\/p>\n<p><a href=\"https:\/\/senoticias.com.br\/se\/wp-content\/uploads\/2019\/08\/Logo-novo-fone.jpg\"><img loading=\"lazy\" decoding=\"async\" class=\"alignnone size-full wp-image-119612\" src=\"https:\/\/senoticias.com.br\/se\/wp-content\/uploads\/2019\/08\/Logo-novo-fone.jpg\" alt=\"\" width=\"599\" height=\"78\" srcset=\"https:\/\/senoticias.com.br\/se\/wp-content\/uploads\/2019\/08\/Logo-novo-fone.jpg 599w, https:\/\/senoticias.com.br\/se\/wp-content\/uploads\/2019\/08\/Logo-novo-fone-300x39.jpg 300w\" sizes=\"(max-width: 599px) 100vw, 599px\" \/><\/a><\/p>\n<p>&nbsp;<\/p>\n<p><em><strong>Acompanhe tamb\u00e9m o SE not\u00edcias no\u00a0<a href=\"https:\/\/twitter.com\/Senoticias\" target=\"_blank\" rel=\"noopener\">Twitter<\/a>,\u00a0<a href=\"https:\/\/www.facebook.com\/senoticias1\" target=\"_blank\" rel=\"noopener\">Facebook<\/a>\u00a0e no\u00a0<a href=\"https:\/\/www.instagram.com\/senoticias\/\" target=\"_blank\" rel=\"noopener\">Instagram<\/a><\/strong><\/em><\/p>\n<p>&nbsp;<\/p>\n<p><em>Reda\u00e7\u00e3o SE Not\u00edcias com informa\u00e7\u00f5es da ascom\/S\u00e3o Crist\u00f3v\u00e3o<\/em><\/p>\n<p>&nbsp;<\/p>\n<p>&nbsp;<\/p>\n","protected":false},"excerpt":{"rendered":"<p>Nesta quinta-feira, 29, a Prefeitura de S\u00e3o Crist\u00f3v\u00e3o, atrav\u00e9s do\u00a0 Centro Brasileiro de Pesquisa em Avalia\u00e7\u00e3o e Sele\u00e7\u00e3o e de Promo\u00e7\u00e3o de Eventos (Cebraspe \u2013UNB), divulgou o edital para o concurso p\u00fablico do magist\u00e9rio em S\u00e3o Crist\u00f3v\u00e3o. \u201cO concurso \u00e9 um marco na trajet\u00f3ria da educa\u00e7\u00e3o de S\u00e3o Crist\u00f3v\u00e3o. \u00c9 muito importante perceber o esfor\u00e7o [&hellip;]<\/p>\n","protected":false},"author":6552,"featured_media":107796,"comment_status":"closed","ping_status":"closed","sticky":false,"template":"","format":"standard","meta":{"footnotes":""},"categories":[9,15],"tags":[12923,12922,81],"class_list":{"0":"post-119866","1":"post","2":"type-post","3":"status-publish","4":"format-standard","5":"has-post-thumbnail","7":"category-concursos","8":"category-destaques","9":"tag-concurso-de-professores","10":"tag-concurso-do-magisterio","11":"tag-prefeitura-de-sao-cristovao"},"_links":{"self":[{"href":"https:\/\/senoticias.com.br\/se\/wp-json\/wp\/v2\/posts\/119866"}],"collection":[{"href":"https:\/\/senoticias.com.br\/se\/wp-json\/wp\/v2\/posts"}],"about":[{"href":"https:\/\/senoticias.com.br\/se\/wp-json\/wp\/v2\/types\/post"}],"author":[{"embeddable":true,"href":"https:\/\/senoticias.com.br\/se\/wp-json\/wp\/v2\/users\/6552"}],"replies":[{"embeddable":true,"href":"https:\/\/senoticias.com.br\/se\/wp-json\/wp\/v2\/comments?post=119866"}],"version-history":[{"count":0,"href":"https:\/\/senoticias.com.br\/se\/wp-json\/wp\/v2\/posts\/119866\/revisions"}],"wp:featuredmedia":[{"embeddable":true,"href":"https:\/\/senoticias.com.br\/se\/wp-json\/wp\/v2\/media\/107796"}],"wp:attachment":[{"href":"https:\/\/senoticias.com.br\/se\/wp-json\/wp\/v2\/media?parent=119866"}],"wp:term":[{"taxonomy":"category","embeddable":true,"href":"https:\/\/senoticias.com.br\/se\/wp-json\/wp\/v2\/categories?post=119866"},{"taxonomy":"post_tag","embeddable":true,"href":"https:\/\/senoticias.com.br\/se\/wp-json\/wp\/v2\/tags?post=119866"}],"curies":[{"name":"wp","href":"https:\/\/api.w.org\/{rel}","templated":true}]}}