{"id":119842,"date":"2019-08-29T11:51:43","date_gmt":"2019-08-29T14:51:43","guid":{"rendered":"https:\/\/senoticias.com.br\/se\/?p=119842"},"modified":"2019-08-29T12:02:05","modified_gmt":"2019-08-29T15:02:05","slug":"brasil-conquista-3o-lugar-geral-em-mundial-de-profissoes-tecnicas-na-russia","status":"publish","type":"post","link":"https:\/\/senoticias.com.br\/se\/brasil-conquista-3o-lugar-geral-em-mundial-de-profissoes-tecnicas-na-russia\/","title":{"rendered":"Brasil conquista 3\u00ba lugar geral em Mundial de profiss\u00f5es t\u00e9cnicas, na R\u00fassia"},"content":{"rendered":"<p style=\"text-align: justify;\">A delega\u00e7\u00e3o brasileira conquistou o 3\u00ba lugar geral no quadro de pontos da WorldSkills Competition em Kazan, na R\u00fassia, a olimp\u00edada mundial de profiss\u00f5es t\u00e9cnicas. Ao todo, foram duas medalhas de ouro, cinco de prata e oito de bronze, al\u00e9m de 28 Certificados de Excel\u00eancia em seis dias de competi\u00e7\u00f5es entre as 56 modalidades, com mais de 1.350 competidores de diferentes ocupa\u00e7\u00f5es e pa\u00edses que simularam as atividades do dia a dia do trabalhador nas diversas \u00e1reas da ind\u00fastria e de servi\u00e7os.<\/p>\n<div id=\"attachment_119844\" style=\"width: 609px\" class=\"wp-caption alignnone\"><a href=\"https:\/\/senoticias.com.br\/se\/wp-content\/uploads\/2019\/08\/O-instrutor-Reginaldo-Reis-e-o-competidor-Gabriel-Vieira-SE-Noticias-e1567090688967.jpg\"><img loading=\"lazy\" decoding=\"async\" aria-describedby=\"caption-attachment-119844\" class=\"size-full wp-image-119844\" src=\"https:\/\/senoticias.com.br\/se\/wp-content\/uploads\/2019\/08\/O-instrutor-Reginaldo-Reis-e-o-competidor-Gabriel-Vieira-SE-Noticias-e1567090688967.jpg\" alt=\"\" width=\"599\" height=\"599\" \/><\/a><p id=\"caption-attachment-119844\" class=\"wp-caption-text\">Sergipano da cidade de Est\u00e2ncia fica entre os melhores do mundo e ganha Medalha e Certificado de Excel\u00eancia (foto: divulga\u00e7\u00e3o)<\/p><\/div>\n<p style=\"text-align: justify;\">O Brasil foi representado por alunos do SENAI e o resultado alcan\u00e7ado pelos brasileiros comprova o alto n\u00edvel de conhecimento e dom\u00ednio no uso das tecnologias mostrando para o mundo a excel\u00eancia da educa\u00e7\u00e3o profissional no Brasil.<\/p>\n<p style=\"text-align: justify;\">\u201cAl\u00e9m do n\u00famero de medalhas, o padr\u00e3o de qualidade que n\u00f3s demonstramos, nesta edi\u00e7\u00e3o, em Kazan, em 73% das ocupa\u00e7\u00f5es, o Brasil estabeleceu um padr\u00e3o de excel\u00eancia. Ou seja, a cada quatro competidores brasileiros, tr\u00eas t\u00eam refer\u00eancia da WorldSkills, o que \u00e9 muito bom, o que nos coloca entre os melhores do mundo\u201d, pontua o diretor-geral do SENAI, Rafael Lucchesi.<\/p>\n<p style=\"text-align: justify;\">O competidor do SENAI Sergipe, Gabriel Vieira, ficou entre os melhores do mundo ap\u00f3s competir na modalidade \u2013 Arte 3D Digital para Games \u2013 e recebeu Certificado e Medalha de Excel\u00eancia, ficando acima da m\u00e9dia da maioria dos competidores da modalidade.<\/p>\n<p style=\"text-align: justify;\">Gabriel competiu com colegas de 11 pa\u00edses a exemplo da China, Singapura, R\u00fassia, Canad\u00e1, Cor\u00e9ia do Sul, \u00cdndia, Finl\u00e2ndia, Reino Unido, Espanha, al\u00e9m de Hong Kong. Ele \u00e9 aluno do SENAI em Sergipe, da cidade de Est\u00e2ncia, e estuda na escola de ensino m\u00e9dio e t\u00e9cnico do SESI &#8211; SENAI \u201cJo\u00e3o Batista da Rocha\u201d.<\/p>\n<p style=\"text-align: justify;\">A ida do competidor sergipano ao Mundial contou com o treinamento e orienta\u00e7\u00e3o do instrutor do SENAI Sergipe e Expert Internacional da ocupa\u00e7\u00e3o Jogos Digitais 3D, Reginaldo Reis, que percebeu e valorizou o potencial do aluno e planejou os treinamentos. \u201cFoi uma jornada espetacular, um caminho cheio de desafios. Representar o Brasil na maior competi\u00e7\u00e3o de educa\u00e7\u00e3o profissional do mundo \u00e9 sem d\u00favida muito enriquecedor. Estamos felizes por nosso aluno Gabriel de apenas 16 anos ter conquistado a medalha de excel\u00eancia, isso mostra a excel\u00eancia em sua dedica\u00e7\u00e3o, determina\u00e7\u00e3o e foco no resultado\u201d, comemora Reginaldo Reis.<\/p>\n<p style=\"text-align: justify;\">Para a gerente de Educa\u00e7\u00e3o Profissional do SENAI Sergipe, Silvia Delmondes, a conquista serve de exemplo aos jovens, mostrando que podem sonhar pois existe caminho para grandes conquistas quando se desafiam. \u201cEsse resultado comprova que o SENAI transforma o futuro dos jovens, desenvolvendo compet\u00eancias t\u00e9cnicas e habilidades socioemocionais para a vida e para a forma\u00e7\u00e3o do cidad\u00e3o que ser\u00e1 o profissional qualificado pronto para atuar no mercado de trabalho em qualquer lugar do mundo tendo o perfil necess\u00e1rio \u00e0 ind\u00fastria 4.0 em plena 4\u00aa Revolu\u00e7\u00e3o Industrial\u201d, ressalta a gestora.<\/p>\n<p>&nbsp;<\/p>\n<p>&nbsp;<\/p>\n<p><a href=\"https:\/\/senoticias.com.br\/se\/wp-content\/uploads\/2019\/08\/Logo-novo-fone.jpg\"><img loading=\"lazy\" decoding=\"async\" class=\"alignnone size-full wp-image-119612\" src=\"https:\/\/senoticias.com.br\/se\/wp-content\/uploads\/2019\/08\/Logo-novo-fone.jpg\" alt=\"\" width=\"599\" height=\"78\" srcset=\"https:\/\/senoticias.com.br\/se\/wp-content\/uploads\/2019\/08\/Logo-novo-fone.jpg 599w, https:\/\/senoticias.com.br\/se\/wp-content\/uploads\/2019\/08\/Logo-novo-fone-300x39.jpg 300w\" sizes=\"(max-width: 599px) 100vw, 599px\" \/><\/a><\/p>\n<p>&nbsp;<\/p>\n<p><em><strong>Acompanhe tamb\u00e9m o SE not\u00edcias no\u00a0<a href=\"https:\/\/twitter.com\/Senoticias\" target=\"_blank\" rel=\"noopener\">Twitter<\/a>,\u00a0<a href=\"https:\/\/www.facebook.com\/senoticias1\" target=\"_blank\" rel=\"noopener\">Facebook<\/a>\u00a0e no\u00a0<a href=\"https:\/\/www.instagram.com\/senoticias\/\" target=\"_blank\" rel=\"noopener\">Instagram<\/a><\/strong><\/em><\/p>\n<p style=\"text-align: justify;\"><em>Unidade de Comunica\u00e7\u00e3o do Sistema FIES \u2013 UNICOM\/FIES<\/em><br \/>\n<em>Federa\u00e7\u00e3o das Ind\u00fastrias do Estado de Sergip<\/em>e<\/p>\n","protected":false},"excerpt":{"rendered":"<p>A delega\u00e7\u00e3o brasileira conquistou o 3\u00ba lugar geral no quadro de pontos da WorldSkills Competition em Kazan, na R\u00fassia, a olimp\u00edada mundial de profiss\u00f5es t\u00e9cnicas. Ao todo, foram duas medalhas de ouro, cinco de prata e oito de bronze, al\u00e9m de 28 Certificados de Excel\u00eancia em seis dias de competi\u00e7\u00f5es entre as 56 modalidades, com [&hellip;]<\/p>\n","protected":false},"author":6552,"featured_media":119844,"comment_status":"closed","ping_status":"closed","sticky":false,"template":"","format":"standard","meta":{"footnotes":""},"categories":[15,6,1],"tags":[12911,12909,12910],"class_list":{"0":"post-119842","1":"post","2":"type-post","3":"status-publish","4":"format-standard","5":"has-post-thumbnail","7":"category-destaques","8":"category-politica","9":"category-sem-categoria","10":"tag-brasil-conquista-3o-lugar-geral-em-mundial-de-profissoes-tecnicas","11":"tag-senai-sergipe","12":"tag-worldskills-competition-em-kazan"},"_links":{"self":[{"href":"https:\/\/senoticias.com.br\/se\/wp-json\/wp\/v2\/posts\/119842"}],"collection":[{"href":"https:\/\/senoticias.com.br\/se\/wp-json\/wp\/v2\/posts"}],"about":[{"href":"https:\/\/senoticias.com.br\/se\/wp-json\/wp\/v2\/types\/post"}],"author":[{"embeddable":true,"href":"https:\/\/senoticias.com.br\/se\/wp-json\/wp\/v2\/users\/6552"}],"replies":[{"embeddable":true,"href":"https:\/\/senoticias.com.br\/se\/wp-json\/wp\/v2\/comments?post=119842"}],"version-history":[{"count":0,"href":"https:\/\/senoticias.com.br\/se\/wp-json\/wp\/v2\/posts\/119842\/revisions"}],"wp:featuredmedia":[{"embeddable":true,"href":"https:\/\/senoticias.com.br\/se\/wp-json\/wp\/v2\/media\/119844"}],"wp:attachment":[{"href":"https:\/\/senoticias.com.br\/se\/wp-json\/wp\/v2\/media?parent=119842"}],"wp:term":[{"taxonomy":"category","embeddable":true,"href":"https:\/\/senoticias.com.br\/se\/wp-json\/wp\/v2\/categories?post=119842"},{"taxonomy":"post_tag","embeddable":true,"href":"https:\/\/senoticias.com.br\/se\/wp-json\/wp\/v2\/tags?post=119842"}],"curies":[{"name":"wp","href":"https:\/\/api.w.org\/{rel}","templated":true}]}}