{"id":119817,"date":"2019-08-28T05:41:52","date_gmt":"2019-08-28T08:41:52","guid":{"rendered":"https:\/\/senoticias.com.br\/se\/?p=119817"},"modified":"2019-08-28T05:41:52","modified_gmt":"2019-08-28T08:41:52","slug":"preco-da-gasolina-vendida-em-sergipe-foi-o-oitavo-menor-do-pais","status":"publish","type":"post","link":"https:\/\/senoticias.com.br\/se\/preco-da-gasolina-vendida-em-sergipe-foi-o-oitavo-menor-do-pais\/","title":{"rendered":"PRE\u00c7O DA GASOLINA VENDIDA EM SERGIPE FOI O OITAVO MENOR DO PA\u00cdS"},"content":{"rendered":"<p style=\"text-align: justify;\">An\u00e1lise realizada pelo Boletim Sergipe Econ\u00f4mico, parceria do N\u00facleo de Informa\u00e7\u00f5es Econ\u00f4micas (NIE) da Federa\u00e7\u00e3o das Ind\u00fastrias do Estado de Sergipe (FIES) e do Departamento de Economia da UFS, com base nos dados da Ag\u00eancia Nacional do Petr\u00f3leo, G\u00e1s Natural e Biocombust\u00edveis (ANP), revelou que na semana de 18 a 24 de agosto, o pre\u00e7o m\u00e9dio da gasolina vendida em Sergipe foi de R$ 4,243, apresentando retra\u00e7\u00e3o de 0,4%, em rela\u00e7\u00e3o \u00e0 semana anterior (11 a 17 de agosto).<\/p>\n<div id=\"attachment_119818\" style=\"width: 560px\" class=\"wp-caption aligncenter\"><a href=\"https:\/\/senoticias.com.br\/se\/wp-content\/uploads\/2019\/08\/ranking-dos-combustiveis-traz-nova-pesquisa-e-aponta-o-litro-da-gasolina-comum-a-e1566981609269.jpg\"><img loading=\"lazy\" decoding=\"async\" aria-describedby=\"caption-attachment-119818\" class=\"size-full wp-image-119818\" src=\"https:\/\/senoticias.com.br\/se\/wp-content\/uploads\/2019\/08\/ranking-dos-combustiveis-traz-nova-pesquisa-e-aponta-o-litro-da-gasolina-comum-a-e1566981609269.jpg\" alt=\"\" width=\"550\" height=\"367\" \/><\/a><p id=\"caption-attachment-119818\" class=\"wp-caption-text\">Foto: Imagem\/reprodu\u00e7\u00e3o internet<\/p><\/div>\n<p style=\"text-align: justify;\">Para o etanol, o pre\u00e7o m\u00e9dio da semana analisada, ficou em R$ 3,573, avan\u00e7ando 0,7% em rela\u00e7\u00e3o \u00e0 semana anterior. Na mesma linha, o pre\u00e7o m\u00e9dio do \u00f3leo diesel situou-se em R$ 3,530, assinalando queda de 0,1%.<\/p>\n<p style=\"text-align: justify;\">Em rela\u00e7\u00e3o ao GNV, o pre\u00e7o m\u00e9dio encontrado na semana passada foi de R$ 3,769, assinalando aumento de 0,3%. J\u00e1 o G\u00e1s de Petr\u00f3leo Liquefeito (GLP), ou g\u00e1s de cozinha, registrou queda de 0,2% no pre\u00e7o m\u00e9dio praticado. Em termos absolutos, o pre\u00e7o deste combust\u00edvel ficou em R$ 69,94.<\/p>\n<p style=\"text-align: justify;\">Comparativo com o Brasil e demais estados do pa\u00eds<\/p>\n<p style=\"text-align: justify;\">Na semana analisada (18 a 24 de agosto), o pre\u00e7o m\u00e9dio da gasolina em Sergipe, de R$ 4,243, foi o oitavo menor do pa\u00eds. O valor registrado ficou abaixo da m\u00e9dia do pa\u00eds que ficou em R$ 4,320, e tamb\u00e9m situou-se abaixo da m\u00e9dia registrada para a regi\u00e3o Nordeste que foi de R$ 4,421.<\/p>\n<p style=\"text-align: justify;\">Pre\u00e7os nas distribuidoras na semana de 18 a 24 de agosto\/19<\/p>\n<p style=\"text-align: justify;\">O pre\u00e7o m\u00e9dio do litro fornecido pelas distribuidoras aos postos de combust\u00edveis no estado, no per\u00edodo analisado, foi de R$ 3,925 para a gasolina, mantendo-se est\u00e1vel rela\u00e7\u00e3o \u00e0 semana anterior (11 a 17 de agosto).<\/p>\n<p style=\"text-align: justify;\">O etanol teve pre\u00e7o m\u00e9dio de R$ 3,228, sendo 1,4% maior, enquanto que o pre\u00e7o m\u00e9dio do \u00f3leo diesel ficou em R$ 3,190, sendo 0,2% maior que na semana anterior. Para o GLP, o pre\u00e7o m\u00e9dio das distribuidoras ficou em R$ 54,52, por 13 quilos.<\/p>\n<p style=\"text-align: justify;\">Por Silas Santos<\/p>\n<p><a href=\"https:\/\/senoticias.com.br\/se\/wp-content\/uploads\/2019\/08\/Logo-novo-fone.jpg\"><img loading=\"lazy\" decoding=\"async\" class=\"aligncenter size-full wp-image-119612\" src=\"https:\/\/senoticias.com.br\/se\/wp-content\/uploads\/2019\/08\/Logo-novo-fone.jpg\" alt=\"\" width=\"599\" height=\"78\" srcset=\"https:\/\/senoticias.com.br\/se\/wp-content\/uploads\/2019\/08\/Logo-novo-fone.jpg 599w, https:\/\/senoticias.com.br\/se\/wp-content\/uploads\/2019\/08\/Logo-novo-fone-300x39.jpg 300w\" sizes=\"(max-width: 599px) 100vw, 599px\" \/><\/a><\/p>\n<p>&nbsp;<\/p>\n<p><em><strong>Acompanhe tamb\u00e9m o SE not\u00edcias no\u00a0<a href=\"https:\/\/twitter.com\/Senoticias\" target=\"_blank\" rel=\"noopener\">Twitter<\/a>,\u00a0<a href=\"https:\/\/www.facebook.com\/senoticias1\" target=\"_blank\" rel=\"noopener\">Facebook<\/a>\u00a0e no\u00a0<a href=\"https:\/\/www.instagram.com\/senoticias\/\" target=\"_blank\" rel=\"noopener\">Instagram<\/a><\/strong><\/em><\/p>\n","protected":false},"excerpt":{"rendered":"<p>An\u00e1lise realizada pelo Boletim Sergipe Econ\u00f4mico, parceria do N\u00facleo de Informa\u00e7\u00f5es Econ\u00f4micas (NIE) da Federa\u00e7\u00e3o das Ind\u00fastrias do Estado de Sergipe (FIES) e do Departamento de Economia da UFS, com base nos dados da Ag\u00eancia Nacional do Petr\u00f3leo, G\u00e1s Natural e Biocombust\u00edveis (ANP), revelou que na semana de 18 a 24 de agosto, o pre\u00e7o [&hellip;]<\/p>\n","protected":false},"author":6557,"featured_media":0,"comment_status":"closed","ping_status":"closed","sticky":false,"template":"","format":"standard","meta":{"footnotes":""},"categories":[15],"tags":[3051,12895,223],"class_list":{"0":"post-119817","1":"post","2":"type-post","3":"status-publish","4":"format-standard","6":"category-destaques","7":"tag-gasolina","8":"tag-menor-preco","9":"tag-sergipe"},"_links":{"self":[{"href":"https:\/\/senoticias.com.br\/se\/wp-json\/wp\/v2\/posts\/119817"}],"collection":[{"href":"https:\/\/senoticias.com.br\/se\/wp-json\/wp\/v2\/posts"}],"about":[{"href":"https:\/\/senoticias.com.br\/se\/wp-json\/wp\/v2\/types\/post"}],"author":[{"embeddable":true,"href":"https:\/\/senoticias.com.br\/se\/wp-json\/wp\/v2\/users\/6557"}],"replies":[{"embeddable":true,"href":"https:\/\/senoticias.com.br\/se\/wp-json\/wp\/v2\/comments?post=119817"}],"version-history":[{"count":0,"href":"https:\/\/senoticias.com.br\/se\/wp-json\/wp\/v2\/posts\/119817\/revisions"}],"wp:attachment":[{"href":"https:\/\/senoticias.com.br\/se\/wp-json\/wp\/v2\/media?parent=119817"}],"wp:term":[{"taxonomy":"category","embeddable":true,"href":"https:\/\/senoticias.com.br\/se\/wp-json\/wp\/v2\/categories?post=119817"},{"taxonomy":"post_tag","embeddable":true,"href":"https:\/\/senoticias.com.br\/se\/wp-json\/wp\/v2\/tags?post=119817"}],"curies":[{"name":"wp","href":"https:\/\/api.w.org\/{rel}","templated":true}]}}