{"id":119811,"date":"2019-08-27T18:50:35","date_gmt":"2019-08-27T21:50:35","guid":{"rendered":"https:\/\/senoticias.com.br\/se\/?p=119811"},"modified":"2019-08-27T19:24:24","modified_gmt":"2019-08-27T22:24:24","slug":"olimpiada-brasileira-de-robotica-sera-aberta-nesta-quarta-feira","status":"publish","type":"post","link":"https:\/\/senoticias.com.br\/se\/olimpiada-brasileira-de-robotica-sera-aberta-nesta-quarta-feira\/","title":{"rendered":"Olimp\u00edada Brasileira de Rob\u00f3tica ser\u00e1 aberta nesta quarta-feira"},"content":{"rendered":"<p style=\"text-align: justify;\">Quase 60 equipes de escolas p\u00fablicas e particulares de Sergipe participam da etapa estadual da modalidade pr\u00e1tica da Olimp\u00edada Brasileira de Rob\u00f3tica (OBR 2019) que ser\u00e1 aberta nesta quarta-feira, 28, \u00e0s 8h, no gin\u00e1sio de esportes do campus Aracaju do Instituto Federal de Sergipe (IFS).<\/p>\n<div id=\"attachment_119812\" style=\"width: 609px\" class=\"wp-caption alignnone\"><a href=\"https:\/\/senoticias.com.br\/se\/wp-content\/uploads\/2019\/08\/OBR-e1566942383622.png\"><img loading=\"lazy\" decoding=\"async\" aria-describedby=\"caption-attachment-119812\" class=\"size-full wp-image-119812\" src=\"https:\/\/senoticias.com.br\/se\/wp-content\/uploads\/2019\/08\/OBR-e1566942383622.png\" alt=\"\" width=\"599\" height=\"449\" \/><\/a><p id=\"caption-attachment-119812\" class=\"wp-caption-text\">Rob\u00f4s entram em a\u00e7\u00e3o na etapa pr\u00e1tica da OBR nesta quarta-feira, 28 (foto: Luiz Eduardo Carvalho|Ascom)<\/p><\/div>\n<p style=\"text-align: justify;\">Do total de competidores , 14 equipes representam a rede p\u00fablica , sendo 11 do IFS ( quatro do campus Aracaju, tr\u00eas do campus Est\u00e2ncia, duas do campus Lagarto e duas do campus Itabaiana), e 45 da rede particular de ensino. As competi\u00e7\u00f5es est\u00e3o distribu\u00eddas em tr\u00eas n\u00edveis: 0,1 e 3.<\/p>\n<p style=\"text-align: justify;\">A principal tarefa \u00e9 programar um rob\u00f4 aut\u00f4nomo, isto \u00e9, sem o uso de controle remoto ou envio de instru\u00e7\u00f5es via r\u00e1dio frequ\u00eancia ou Bluetooth, que supere alguns desafios em uma pista preparada que simula um ambiente de salvamento em caso de desastre.<\/p>\n<p style=\"text-align: justify;\">Alguns itens da prova s\u00e3o os redutores de velocidade, usados para reproduzir escombros, obst\u00e1culos para simular a presen\u00e7a de uma pedra ou algo que bloqueia a passagem, descontinuidade na linha que o rob\u00f4 deve seguir, intersec\u00e7\u00f5es, uma rampa e, finalmente, o salvamento de v\u00edtima na parte superior da arena que precisa ser resgatada para uma \u00e1rea segura.<\/p>\n<p style=\"text-align: justify;\"><strong>PROGRAMA\u00c7\u00c3O<\/strong><\/p>\n<p style=\"text-align: justify;\">A batalha pode come\u00e7ar! O gin\u00e1sio de esportes do campus Aracaju est\u00e1 pronto, transformado em arena, para a abertura do evento. Nesta quarta, primeiro dia de competi\u00e7\u00f5es, as provas v\u00e3o ocorrer para os n\u00edveis 0 e 1, com alunos entre o 1\u00ba e 8\u00ba ano do ensino fundamental, enquanto que na quinta-feira, dia 29, as provas ser\u00e3o para o n\u00edvel 2, com estudantes a partir do 8\u00ba ano do ensino fundamental e do ensino m\u00e9dio ou t\u00e9cnico.<\/p>\n<p style=\"text-align: justify;\">A partir das 8h, acontece a apresenta\u00e7\u00e3o inicial e reuni\u00e3o dos \u00e1rbitros com as equipes. Os avaliadores das tarefas, integrantes da comiss\u00e3o de arbitragem, s\u00e3o estudantes de cursos superiores de engenharia eletr\u00f4nica, computa\u00e7\u00e3o e mecatr\u00f4nica da Universidade Federal de Sergipe (UFS) e Universidade Tiradentes (UNIT).<\/p>\n<p style=\"text-align: justify;\">A primeira rodada de competi\u00e7\u00e3o ter\u00e1 in\u00edcio \u00e0s 9h e prosseguir\u00e1 at\u00e9 \u00e0s 11h. Haver\u00e1 um intervalo de uma hora. A segunda bateria acontece das 13h \u00e0s 15h e o \u00faltimo circuito ser\u00e1 das 15h \u00e0s 17h. Logo em seguida, ocorrer\u00e1 a premia\u00e7\u00e3o. Al\u00e9m das medalhas de ouro, prata e bronze que ser\u00e3o entregues para as primeiras coloca\u00e7\u00f5es, existem tamb\u00e9m os pr\u00eamios extras para os competidores, avaliando crit\u00e9rios espec\u00edficos como dedica\u00e7\u00e3o, robustez, design, entre outros.<\/p>\n<p style=\"text-align: justify;\">Para os n\u00edveis 1 e 2, a equipe que ficar na primeira coloca\u00e7\u00e3o ganhar\u00e1 uma vaga para a etapa nacional da competi\u00e7\u00e3o, que ser\u00e1 realizada em Rio Grande\/RS, entre os dias 22 e 26 de outubro de 2019.<\/p>\n<p style=\"text-align: justify;\"><strong>OBJETIVO<\/strong><\/p>\n<p style=\"text-align: justify;\">Disseminar a rob\u00f3tica, suas aplica\u00e7\u00f5es, possibilidades, produtos e tend\u00eancias \u00e9 uma forma de, tamb\u00e9m, estimular a forma\u00e7\u00e3o de uma cultura associada ao tema tecnol\u00f3gico, proporcionando a forma\u00e7\u00e3o de um cidad\u00e3o que se relacione melhor com a tecnologia e tamb\u00e9m a forma\u00e7\u00e3o de um mercado consumidor consciente, e portanto, exigente para produtos tecnol\u00f3gicos, no pa\u00eds, nos pr\u00f3ximos anos.<\/p>\n<p style=\"text-align: justify;\">A OBR destina-se a estudante das escolas p\u00fablicas e particulares de Ensino Fundamental, M\u00e9dio ou T\u00e9cnico que tenham at\u00e9 19 anos de idade no ano da competi\u00e7\u00e3o. A comiss\u00e3o organizadora da etapa estadual \u00e9 formada pelo t\u00e9cnico de laborat\u00f3rio de Eletr\u00f4nica, Renan Oliveira Silva, que responde como coordenador geral e pelas professoras Leila Buarque Couto de Matos, coordenadora estadual da modalidade pr\u00e1tica da OBR e Danyelle Mousinho Medeiros Santana, coordenadora estadual da modalidade te\u00f3rica, servidores do campus Aracaju.<\/p>\n<p>&nbsp;<\/p>\n<p><a href=\"https:\/\/senoticias.com.br\/se\/wp-content\/uploads\/2019\/08\/Logo-novo-fone.jpg\"><img loading=\"lazy\" decoding=\"async\" class=\"alignnone size-full wp-image-119612\" src=\"https:\/\/senoticias.com.br\/se\/wp-content\/uploads\/2019\/08\/Logo-novo-fone.jpg\" alt=\"\" width=\"599\" height=\"78\" srcset=\"https:\/\/senoticias.com.br\/se\/wp-content\/uploads\/2019\/08\/Logo-novo-fone.jpg 599w, https:\/\/senoticias.com.br\/se\/wp-content\/uploads\/2019\/08\/Logo-novo-fone-300x39.jpg 300w\" sizes=\"(max-width: 599px) 100vw, 599px\" \/><\/a><\/p>\n<p><em><strong>Acompanhe tamb\u00e9m o SE not\u00edcias no\u00a0<a href=\"https:\/\/twitter.com\/Senoticias\" target=\"_blank\" rel=\"noopener\">Twitter<\/a>,\u00a0<a href=\"https:\/\/www.facebook.com\/senoticias1\" target=\"_blank\" rel=\"noopener\">Facebook<\/a>\u00a0e no\u00a0<a href=\"https:\/\/www.instagram.com\/senoticias\/\" target=\"_blank\" rel=\"noopener\">Instagram<\/a><\/strong><\/em><\/p>\n<p><em>Por Assessoria de Comunica\u00e7\u00e3o Social\/IFS<\/em><\/p>\n<p>&nbsp;<\/p>\n","protected":false},"excerpt":{"rendered":"<p>Quase 60 equipes de escolas p\u00fablicas e particulares de Sergipe participam da etapa estadual da modalidade pr\u00e1tica da Olimp\u00edada Brasileira de Rob\u00f3tica (OBR 2019) que ser\u00e1 aberta nesta quarta-feira, 28, \u00e0s 8h, no gin\u00e1sio de esportes do campus Aracaju do Instituto Federal de Sergipe (IFS). Do total de competidores , 14 equipes representam a rede [&hellip;]<\/p>\n","protected":false},"author":6552,"featured_media":119812,"comment_status":"closed","ping_status":"closed","sticky":false,"template":"","format":"standard","meta":{"footnotes":""},"categories":[15,45],"tags":[12893,12068,6719,12341],"class_list":{"0":"post-119811","1":"post","2":"type-post","3":"status-publish","4":"format-standard","5":"has-post-thumbnail","7":"category-destaques","8":"category-tecnologia","9":"tag-obr-2019","10":"tag-olimpiada-brasileira-de-robotica","11":"tag-universidade-federal-de-sergipe","12":"tag-universidade-tiradentes"},"_links":{"self":[{"href":"https:\/\/senoticias.com.br\/se\/wp-json\/wp\/v2\/posts\/119811"}],"collection":[{"href":"https:\/\/senoticias.com.br\/se\/wp-json\/wp\/v2\/posts"}],"about":[{"href":"https:\/\/senoticias.com.br\/se\/wp-json\/wp\/v2\/types\/post"}],"author":[{"embeddable":true,"href":"https:\/\/senoticias.com.br\/se\/wp-json\/wp\/v2\/users\/6552"}],"replies":[{"embeddable":true,"href":"https:\/\/senoticias.com.br\/se\/wp-json\/wp\/v2\/comments?post=119811"}],"version-history":[{"count":0,"href":"https:\/\/senoticias.com.br\/se\/wp-json\/wp\/v2\/posts\/119811\/revisions"}],"wp:featuredmedia":[{"embeddable":true,"href":"https:\/\/senoticias.com.br\/se\/wp-json\/wp\/v2\/media\/119812"}],"wp:attachment":[{"href":"https:\/\/senoticias.com.br\/se\/wp-json\/wp\/v2\/media?parent=119811"}],"wp:term":[{"taxonomy":"category","embeddable":true,"href":"https:\/\/senoticias.com.br\/se\/wp-json\/wp\/v2\/categories?post=119811"},{"taxonomy":"post_tag","embeddable":true,"href":"https:\/\/senoticias.com.br\/se\/wp-json\/wp\/v2\/tags?post=119811"}],"curies":[{"name":"wp","href":"https:\/\/api.w.org\/{rel}","templated":true}]}}