{"id":119799,"date":"2019-08-27T08:54:38","date_gmt":"2019-08-27T11:54:38","guid":{"rendered":"https:\/\/senoticias.com.br\/se\/?p=119799"},"modified":"2019-08-27T08:54:38","modified_gmt":"2019-08-27T11:54:38","slug":"detran-se-permite-transferencia-de-jurisdicao-sem-alteracao-de-placa","status":"publish","type":"post","link":"https:\/\/senoticias.com.br\/se\/detran-se-permite-transferencia-de-jurisdicao-sem-alteracao-de-placa\/","title":{"rendered":"Detran\/SE permite transfer\u00eancia de jurisdi\u00e7\u00e3o sem altera\u00e7\u00e3o de placa"},"content":{"rendered":"<p style=\"text-align: justify;\">A partir desta ter\u00e7a-feira, 27, ser\u00e1 poss\u00edvel ao propriet\u00e1rio de ve\u00edculo de outro estado que j\u00e1 possui placa padr\u00e3o Mercosul realizar a transfer\u00eancia de jurisdi\u00e7\u00e3o para Sergipe sem precisar alterar a placa.<\/p>\n<div id=\"attachment_119800\" style=\"width: 458px\" class=\"wp-caption aligncenter\"><a href=\"https:\/\/senoticias.com.br\/se\/wp-content\/uploads\/2019\/08\/placa_veiculo_mercosul_foto_detran_260819.jpg\"><img loading=\"lazy\" decoding=\"async\" aria-describedby=\"caption-attachment-119800\" class=\"size-full wp-image-119800\" src=\"https:\/\/senoticias.com.br\/se\/wp-content\/uploads\/2019\/08\/placa_veiculo_mercosul_foto_detran_260819.jpg\" alt=\"\" width=\"448\" height=\"253\" srcset=\"https:\/\/senoticias.com.br\/se\/wp-content\/uploads\/2019\/08\/placa_veiculo_mercosul_foto_detran_260819.jpg 448w, https:\/\/senoticias.com.br\/se\/wp-content\/uploads\/2019\/08\/placa_veiculo_mercosul_foto_detran_260819-300x169.jpg 300w\" sizes=\"(max-width: 448px) 100vw, 448px\" \/><\/a><p id=\"caption-attachment-119800\" class=\"wp-caption-text\">Aqui no Estado, o novo modelo ainda n\u00e3o entrou em vigor (Foto: Detran\/SE)<\/p><\/div>\n<p style=\"text-align: justify;\">Aqui no Estado, o novo modelo ainda n\u00e3o entrou em vigor e, de acordo com a Resolu\u00e7\u00e3o n\u00ba 780, de 26 de junho de 2019, do Conselho Nacional de Tr\u00e2nsito, dever\u00e1 ser implementado em todo o pa\u00eds at\u00e9 31 de janeiro de 2020.O procedimento de transfer\u00eancia de jurisdi\u00e7\u00e3o sem altera\u00e7\u00e3o da placa ser\u00e1 poss\u00edvel em Sergipe devido a mudan\u00e7as no sistema do Departamento Estadual de Tr\u00e2nsito (Detran\/SE) que permitir\u00e3o emitir Certificado de Registro e Licenciamento de Ve\u00edculo (CRLV) e o Certificado de Registro de Ve\u00edculo (CRV \u2013 recibo) do modelo cinza, mas com as informa\u00e7\u00f5es da placa Mercosul. Com esse procedimento, o novo modelo constar\u00e1 no documento associada ao modelo cinza, n\u00e3o necessitando trocar fisicamente a placa Mercosul que j\u00e1 est\u00e1 no ve\u00edculo.<\/p>\n<p style=\"text-align: justify;\">Para o gerente do Registro Nacional de Ve\u00edculos Automotores (Renavam) em Sergipe, Ricardo Ribeiro, essa resolu\u00e7\u00e3o \u00e9 importante para possibilitar a transfer\u00eancia de jurisdi\u00e7\u00e3o para quem j\u00e1 possui o novo modelo de placa. \u201cAt\u00e9 que estejamos emitindo a Placa Mercosul, estaremos realizando esse procedimento provis\u00f3rio para que o propriet\u00e1rio do ve\u00edculo n\u00e3o fique impossibilitado de transferir o seu bem para um estado que ainda n\u00e3o tenha implantado o novo modelo e que tamb\u00e9m n\u00e3o precise gastar para trocar a placa para um modelo cinza\u201d, explica.<\/p>\n<p style=\"text-align: justify;\">Fonte: ascom Detran\/SE<\/p>\n<p>&nbsp;<\/p>\n<p><a href=\"https:\/\/senoticias.com.br\/se\/wp-content\/uploads\/2019\/08\/Logo-novo-fone.jpg\"><img loading=\"lazy\" decoding=\"async\" class=\"aligncenter size-full wp-image-119612\" src=\"https:\/\/senoticias.com.br\/se\/wp-content\/uploads\/2019\/08\/Logo-novo-fone.jpg\" alt=\"\" width=\"599\" height=\"78\" srcset=\"https:\/\/senoticias.com.br\/se\/wp-content\/uploads\/2019\/08\/Logo-novo-fone.jpg 599w, https:\/\/senoticias.com.br\/se\/wp-content\/uploads\/2019\/08\/Logo-novo-fone-300x39.jpg 300w\" sizes=\"(max-width: 599px) 100vw, 599px\" \/><\/a><\/p>\n<p>&nbsp;<\/p>\n<p><em><strong>Acompanhe tamb\u00e9m o SE not\u00edcias no\u00a0<a href=\"https:\/\/twitter.com\/Senoticias\" target=\"_blank\" rel=\"noopener\">Twitter<\/a>,\u00a0<a href=\"https:\/\/www.facebook.com\/senoticias1\" target=\"_blank\" rel=\"noopener\">Facebook<\/a>\u00a0e no\u00a0<a href=\"https:\/\/www.instagram.com\/senoticias\/\" target=\"_blank\" rel=\"noopener\">Instagram<\/a><\/strong><\/em><\/p>\n","protected":false},"excerpt":{"rendered":"<p>A partir desta ter\u00e7a-feira, 27, ser\u00e1 poss\u00edvel ao propriet\u00e1rio de ve\u00edculo de outro estado que j\u00e1 possui placa padr\u00e3o Mercosul realizar a transfer\u00eancia de jurisdi\u00e7\u00e3o para Sergipe sem precisar alterar a placa. Aqui no Estado, o novo modelo ainda n\u00e3o entrou em vigor e, de acordo com a Resolu\u00e7\u00e3o n\u00ba 780, de 26 de junho [&hellip;]<\/p>\n","protected":false},"author":6557,"featured_media":0,"comment_status":"closed","ping_status":"closed","sticky":false,"template":"","format":"standard","meta":{"footnotes":""},"categories":[15],"tags":[12888,12889],"class_list":{"0":"post-119799","1":"post","2":"type-post","3":"status-publish","4":"format-standard","6":"category-destaques","7":"tag-dentran-se-placa","8":"tag-jurisdicao"},"_links":{"self":[{"href":"https:\/\/senoticias.com.br\/se\/wp-json\/wp\/v2\/posts\/119799"}],"collection":[{"href":"https:\/\/senoticias.com.br\/se\/wp-json\/wp\/v2\/posts"}],"about":[{"href":"https:\/\/senoticias.com.br\/se\/wp-json\/wp\/v2\/types\/post"}],"author":[{"embeddable":true,"href":"https:\/\/senoticias.com.br\/se\/wp-json\/wp\/v2\/users\/6557"}],"replies":[{"embeddable":true,"href":"https:\/\/senoticias.com.br\/se\/wp-json\/wp\/v2\/comments?post=119799"}],"version-history":[{"count":0,"href":"https:\/\/senoticias.com.br\/se\/wp-json\/wp\/v2\/posts\/119799\/revisions"}],"wp:attachment":[{"href":"https:\/\/senoticias.com.br\/se\/wp-json\/wp\/v2\/media?parent=119799"}],"wp:term":[{"taxonomy":"category","embeddable":true,"href":"https:\/\/senoticias.com.br\/se\/wp-json\/wp\/v2\/categories?post=119799"},{"taxonomy":"post_tag","embeddable":true,"href":"https:\/\/senoticias.com.br\/se\/wp-json\/wp\/v2\/tags?post=119799"}],"curies":[{"name":"wp","href":"https:\/\/api.w.org\/{rel}","templated":true}]}}