{"id":119794,"date":"2019-08-27T08:10:15","date_gmt":"2019-08-27T11:10:15","guid":{"rendered":"https:\/\/senoticias.com.br\/se\/?p=119794"},"modified":"2019-08-27T08:10:15","modified_gmt":"2019-08-27T11:10:15","slug":"diretoria-da-associacao-dos-delegados-se-reune-com-o-senador-alessandro-vieira","status":"publish","type":"post","link":"https:\/\/senoticias.com.br\/se\/diretoria-da-associacao-dos-delegados-se-reune-com-o-senador-alessandro-vieira\/","title":{"rendered":"Diretoria da Associa\u00e7\u00e3o dos Delegados se re\u00fane com o senador Alessandro Vieira"},"content":{"rendered":"<p style=\"text-align: justify;\">Nesta segunda-feira, 26, a diretoria da Associa\u00e7\u00e3o dos Delegados de Pol\u00edcia do Estado de Sergipe \u2013 Adepol\/SE \u2013 se reuniu com o senador Alessandro Vieira (Cidadania-SE) para apresentar-lhe demanda legislativa da carreira de Delegado de Pol\u00edcia, cuja compet\u00eancia \u00e9 da Uni\u00e3o.<\/p>\n<div id=\"attachment_119795\" style=\"width: 609px\" class=\"wp-caption alignnone\"><a href=\"https:\/\/senoticias.com.br\/se\/wp-content\/uploads\/2019\/08\/Adepol-SE-Noticias-e1566904098680.jpeg\"><img loading=\"lazy\" decoding=\"async\" aria-describedby=\"caption-attachment-119795\" class=\"size-full wp-image-119795\" src=\"https:\/\/senoticias.com.br\/se\/wp-content\/uploads\/2019\/08\/Adepol-SE-Noticias-e1566904098680.jpeg\" alt=\"\" width=\"599\" height=\"400\" \/><\/a><p id=\"caption-attachment-119795\" class=\"wp-caption-text\">Diretoria da Adepol se re\u00fane com o senador Alessandro Vieira (foto: Diego Rios)<\/p><\/div>\n<p style=\"text-align: justify;\">\u201cEstivemos com o senador Alessandro para fazer uma demanda de altera\u00e7\u00e3o legislativa no C\u00f3digo de Processo Penal. Em raz\u00e3o da compet\u00eancia legiferante para a mat\u00e9ria ser privativa da Uni\u00e3o, n\u00f3s temos que procurar os nossos representantes no Congresso, sejam deputados federais ou senadores, para que proponham essas altera\u00e7\u00f5es, apresentando o devido projeto de Lei\u201d, explicou o presidente da Adepol, Isaque Cangussu.<\/p>\n<p style=\"text-align: justify;\">O Senador recepcionou bem o pleito e se comprometeu a dar o devido encaminhamento. \u201cRecebi hoje o pessoal da Adepol, comandados pelo presidente Isaque Cangussu, e eles apresentaram uma proposta de altera\u00e7\u00e3o legislativa no C\u00f3digo de Processo Penal que \u00e9 bastante oportuna, na medida em que protege melhor e valoriza mais a carreira de Delegado. Deve ter encaminhamento do nosso mandato l\u00e1 em Bras\u00edlia\u201d, disse Alessandro.<\/p>\n<p style=\"text-align: justify;\">O presidente da Adepol enfatizou a necessidade de modernizar a legisla\u00e7\u00e3o. \u201cProcuramos o senador, que al\u00e9m de senador \u00e9 Delegado de Pol\u00edcia, ent\u00e3o compreende as necessidades pelas quais passa a carreira. A proposta, se aprovada, modernizaria a legisla\u00e7\u00e3o processual penal, adequando-a \u00e0 realidade atual, estabelecendo melhor a rela\u00e7\u00e3o entre o Delegado e o processo derivado do inqu\u00e9rito policial que ele preside\u201d, pontuou.<\/p>\n<p style=\"text-align: justify;\">Al\u00e9m do presidente da Adepol, estiveram presentes: o vice-presidente Adelmo Pel\u00e1gio, a Delegada Juliana Alcoforado e o assessor jur\u00eddico da Adepol, o advogado Guilherme Maluf.<\/p>\n<p style=\"text-align: justify;\">\n<p>&nbsp;<\/p>\n<p><a href=\"https:\/\/senoticias.com.br\/se\/wp-content\/uploads\/2019\/08\/Logo-novo-fone.jpg\"><img loading=\"lazy\" decoding=\"async\" class=\"alignnone size-full wp-image-119612\" src=\"https:\/\/senoticias.com.br\/se\/wp-content\/uploads\/2019\/08\/Logo-novo-fone.jpg\" alt=\"\" width=\"599\" height=\"78\" srcset=\"https:\/\/senoticias.com.br\/se\/wp-content\/uploads\/2019\/08\/Logo-novo-fone.jpg 599w, https:\/\/senoticias.com.br\/se\/wp-content\/uploads\/2019\/08\/Logo-novo-fone-300x39.jpg 300w\" sizes=\"(max-width: 599px) 100vw, 599px\" \/><\/a><\/p>\n<p>&nbsp;<\/p>\n<p><em><strong>Acompanhe tamb\u00e9m o SE not\u00edcias no\u00a0<a href=\"https:\/\/twitter.com\/Senoticias\" target=\"_blank\" rel=\"noopener\">Twitter<\/a>,\u00a0<a href=\"https:\/\/www.facebook.com\/senoticias1\" target=\"_blank\" rel=\"noopener\">Facebook<\/a>\u00a0e no\u00a0<a href=\"https:\/\/www.instagram.com\/senoticias\/\" target=\"_blank\" rel=\"noopener\">Instagram<\/a><\/strong><\/em><\/p>\n<p>Por Diego Rios\/Adepol<\/p>\n","protected":false},"excerpt":{"rendered":"<p>Nesta segunda-feira, 26, a diretoria da Associa\u00e7\u00e3o dos Delegados de Pol\u00edcia do Estado de Sergipe \u2013 Adepol\/SE \u2013 se reuniu com o senador Alessandro Vieira (Cidadania-SE) para apresentar-lhe demanda legislativa da carreira de Delegado de Pol\u00edcia, cuja compet\u00eancia \u00e9 da Uni\u00e3o. \u201cEstivemos com o senador Alessandro para fazer uma demanda de altera\u00e7\u00e3o legislativa no C\u00f3digo [&hellip;]<\/p>\n","protected":false},"author":6552,"featured_media":119795,"comment_status":"closed","ping_status":"closed","sticky":false,"template":"","format":"standard","meta":{"footnotes":""},"categories":[15,6],"tags":[1163,12887,11299],"class_list":{"0":"post-119794","1":"post","2":"type-post","3":"status-publish","4":"format-standard","5":"has-post-thumbnail","7":"category-destaques","8":"category-politica","9":"tag-adepol","10":"tag-associacao-dos-delegados-de-policia-do-estado-de-sergipe","11":"tag-senador-alessandro-vieira"},"_links":{"self":[{"href":"https:\/\/senoticias.com.br\/se\/wp-json\/wp\/v2\/posts\/119794"}],"collection":[{"href":"https:\/\/senoticias.com.br\/se\/wp-json\/wp\/v2\/posts"}],"about":[{"href":"https:\/\/senoticias.com.br\/se\/wp-json\/wp\/v2\/types\/post"}],"author":[{"embeddable":true,"href":"https:\/\/senoticias.com.br\/se\/wp-json\/wp\/v2\/users\/6552"}],"replies":[{"embeddable":true,"href":"https:\/\/senoticias.com.br\/se\/wp-json\/wp\/v2\/comments?post=119794"}],"version-history":[{"count":0,"href":"https:\/\/senoticias.com.br\/se\/wp-json\/wp\/v2\/posts\/119794\/revisions"}],"wp:featuredmedia":[{"embeddable":true,"href":"https:\/\/senoticias.com.br\/se\/wp-json\/wp\/v2\/media\/119795"}],"wp:attachment":[{"href":"https:\/\/senoticias.com.br\/se\/wp-json\/wp\/v2\/media?parent=119794"}],"wp:term":[{"taxonomy":"category","embeddable":true,"href":"https:\/\/senoticias.com.br\/se\/wp-json\/wp\/v2\/categories?post=119794"},{"taxonomy":"post_tag","embeddable":true,"href":"https:\/\/senoticias.com.br\/se\/wp-json\/wp\/v2\/tags?post=119794"}],"curies":[{"name":"wp","href":"https:\/\/api.w.org\/{rel}","templated":true}]}}