{"id":119742,"date":"2019-08-22T19:17:02","date_gmt":"2019-08-22T22:17:02","guid":{"rendered":"https:\/\/senoticias.com.br\/se\/?p=119742"},"modified":"2019-08-22T19:17:02","modified_gmt":"2019-08-22T22:17:02","slug":"apos-recomendacao-do-tce-e-mpe-camara-municipal-de-vereadores-de-umbauba-aprova-projetos-de-leis-que-retiram-nomes-de-pessoas-vivas-das-escolas-municipais","status":"publish","type":"post","link":"https:\/\/senoticias.com.br\/se\/apos-recomendacao-do-tce-e-mpe-camara-municipal-de-vereadores-de-umbauba-aprova-projetos-de-leis-que-retiram-nomes-de-pessoas-vivas-das-escolas-municipais\/","title":{"rendered":"Ap\u00f3s recomenda\u00e7\u00e3o do TCE e MPE, C\u00e2mara Municipal de Vereadores de Umba\u00faba aprova Projetos de Leis que retiram nomes de pessoas vivas das escolas municipais"},"content":{"rendered":"<p style=\"text-align: justify;\">Os vereadores de Umba\u00faba estiveram reunidos na sess\u00e3o da \u00faltima quarta-feira,21, para vota\u00e7\u00e3o dos Projetos de Leis de n\u00famero 36 e 37, os quais estabelecem substituir nomenclaturas de logradouros p\u00fablicos e escolas para nomes de pessoas j\u00e1 falecidas, e n\u00e3o em vivas.<\/p>\n<div id=\"attachment_119743\" style=\"width: 560px\" class=\"wp-caption aligncenter\"><a href=\"https:\/\/senoticias.com.br\/se\/wp-content\/uploads\/2019\/08\/39013620-4f2c-494f-96a7-596e05880420-e1566511982960.jpg\"><img loading=\"lazy\" decoding=\"async\" aria-describedby=\"caption-attachment-119743\" class=\"size-full wp-image-119743\" src=\"https:\/\/senoticias.com.br\/se\/wp-content\/uploads\/2019\/08\/39013620-4f2c-494f-96a7-596e05880420-e1566511982960.jpg\" alt=\"\" width=\"550\" height=\"413\" \/><\/a><p id=\"caption-attachment-119743\" class=\"wp-caption-text\">Foto: Ascom C\u00e2mara Municipal de Umba\u00faba<\/p><\/div>\n<p style=\"text-align: justify;\">Os parlamentares atenderam ao pedido do Tribunal de Contas do Estado de Sergipe e do Minist\u00e9rio P\u00fablico, conforme Lei Federal 6454\/77, e a recomenda\u00e7\u00e3o dos \u00f3rg\u00e3os tamb\u00e9m menciona que, caso n\u00e3o seja cumprido a lei, ser\u00e1 aplicado uma multa pessoal no valor de 62.033,00.<\/p>\n<p style=\"text-align: justify;\">\u201cRecebemos essa solicita\u00e7\u00e3o e de imediato entendemos a import\u00e2ncia dela para o nosso munic\u00edpio, principalmente prevalecendo a legalidade, tamb\u00e9m homenageando pessoas que deixaram seus legados e atendemos, ent\u00e3o, a Lei Federal\u201d, enfatizou o presidente Fernando Augusto Prato (Gutto Prado)<\/p>\n<p style=\"text-align: justify;\">Desta forma, a escola de ensino fundamental Adileia Bomfim Viana passar\u00e1 a se chamar Jos\u00e9 Dami\u00e3o da Silva, ex- vereador da cidade e fundador do assentamento Mangabeira, local onde a rede p\u00fablica de ensino est\u00e1 localizada. J\u00e1 a escola Josefina Batista Hora ser\u00e1 nomeada como Raimundo Barreto do Nascimento, ex- prefeito do munic\u00edpio e construtor da escola homenageada.<\/p>\n<p style=\"text-align: justify;\">\nPor Yslla Vanessa, TDantas Comunica\u00e7\u00e3o<\/p>\n<p>&nbsp;<\/p>\n<p><a href=\"https:\/\/senoticias.com.br\/se\/wp-content\/uploads\/2019\/08\/Logo-novo-fone.jpg\"><img loading=\"lazy\" decoding=\"async\" class=\"aligncenter size-full wp-image-119612\" src=\"https:\/\/senoticias.com.br\/se\/wp-content\/uploads\/2019\/08\/Logo-novo-fone.jpg\" alt=\"\" width=\"599\" height=\"78\" srcset=\"https:\/\/senoticias.com.br\/se\/wp-content\/uploads\/2019\/08\/Logo-novo-fone.jpg 599w, https:\/\/senoticias.com.br\/se\/wp-content\/uploads\/2019\/08\/Logo-novo-fone-300x39.jpg 300w\" sizes=\"(max-width: 599px) 100vw, 599px\" \/><\/a><\/p>\n<p>&nbsp;<\/p>\n<p><em><strong>Acompanhe tamb\u00e9m o SE not\u00edcias no\u00a0<a href=\"https:\/\/twitter.com\/Senoticias\" target=\"_blank\" rel=\"noopener\">Twitter<\/a>,\u00a0<a href=\"https:\/\/www.facebook.com\/senoticias1\" target=\"_blank\" rel=\"noopener\">Facebook<\/a>\u00a0e no\u00a0<a href=\"https:\/\/www.instagram.com\/senoticias\/\" target=\"_blank\" rel=\"noopener\">Instagram<\/a><\/strong><\/em><\/p>\n<p>&nbsp;<\/p>\n<p>&nbsp;<\/p>\n","protected":false},"excerpt":{"rendered":"<p>Os vereadores de Umba\u00faba estiveram reunidos na sess\u00e3o da \u00faltima quarta-feira,21, para vota\u00e7\u00e3o dos Projetos de Leis de n\u00famero 36 e 37, os quais estabelecem substituir nomenclaturas de logradouros p\u00fablicos e escolas para nomes de pessoas j\u00e1 falecidas, e n\u00e3o em vivas. Os parlamentares atenderam ao pedido do Tribunal de Contas do Estado de Sergipe [&hellip;]<\/p>\n","protected":false},"author":6557,"featured_media":0,"comment_status":"closed","ping_status":"closed","sticky":false,"template":"","format":"standard","meta":{"footnotes":""},"categories":[15,38],"tags":[12851,12850,11822],"class_list":{"0":"post-119742","1":"post","2":"type-post","3":"status-publish","4":"format-standard","6":"category-destaques","7":"category-municipios","8":"tag-nomenclaturas-em-escolas","9":"tag-projetos-de-leis","10":"tag-vereadores-de-umbauba"},"_links":{"self":[{"href":"https:\/\/senoticias.com.br\/se\/wp-json\/wp\/v2\/posts\/119742"}],"collection":[{"href":"https:\/\/senoticias.com.br\/se\/wp-json\/wp\/v2\/posts"}],"about":[{"href":"https:\/\/senoticias.com.br\/se\/wp-json\/wp\/v2\/types\/post"}],"author":[{"embeddable":true,"href":"https:\/\/senoticias.com.br\/se\/wp-json\/wp\/v2\/users\/6557"}],"replies":[{"embeddable":true,"href":"https:\/\/senoticias.com.br\/se\/wp-json\/wp\/v2\/comments?post=119742"}],"version-history":[{"count":0,"href":"https:\/\/senoticias.com.br\/se\/wp-json\/wp\/v2\/posts\/119742\/revisions"}],"wp:attachment":[{"href":"https:\/\/senoticias.com.br\/se\/wp-json\/wp\/v2\/media?parent=119742"}],"wp:term":[{"taxonomy":"category","embeddable":true,"href":"https:\/\/senoticias.com.br\/se\/wp-json\/wp\/v2\/categories?post=119742"},{"taxonomy":"post_tag","embeddable":true,"href":"https:\/\/senoticias.com.br\/se\/wp-json\/wp\/v2\/tags?post=119742"}],"curies":[{"name":"wp","href":"https:\/\/api.w.org\/{rel}","templated":true}]}}