{"id":119712,"date":"2019-08-21T05:28:32","date_gmt":"2019-08-21T08:28:32","guid":{"rendered":"https:\/\/senoticias.com.br\/se\/?p=119712"},"modified":"2019-08-21T05:28:32","modified_gmt":"2019-08-21T08:28:32","slug":"acidente-entre-caminhao-e-moto-causa-morte-no-interior-de-sergipe","status":"publish","type":"post","link":"https:\/\/senoticias.com.br\/se\/acidente-entre-caminhao-e-moto-causa-morte-no-interior-de-sergipe\/","title":{"rendered":"Acidente entre caminh\u00e3o e moto causa morte no interior de Sergipe"},"content":{"rendered":"<p style=\"text-align: justify;\">Uma colis\u00e3o entre motocicleta e caminh\u00e3o culminou na morte de Jos\u00e9 Carlos Paulino da Silva, 30. O acidente ocorreu no fim da tarde da \u00faltima segunda-feira, 19, quando os ve\u00edculos trafegavam na rodovia SE-204 e vieram a colidir frontalmente no km 3, em Japoat\u00e3, munic\u00edpio situado a 68 km de Aracaju.<\/p>\n<div id=\"attachment_119713\" style=\"width: 560px\" class=\"wp-caption alignnone\"><a href=\"https:\/\/senoticias.com.br\/se\/wp-content\/uploads\/2019\/08\/acidente-caminhao-moto-20082019.jpg\"><img loading=\"lazy\" decoding=\"async\" aria-describedby=\"caption-attachment-119713\" class=\"size-full wp-image-119713\" src=\"https:\/\/senoticias.com.br\/se\/wp-content\/uploads\/2019\/08\/acidente-caminhao-moto-20082019.jpg\" alt=\"\" width=\"550\" height=\"400\" srcset=\"https:\/\/senoticias.com.br\/se\/wp-content\/uploads\/2019\/08\/acidente-caminhao-moto-20082019.jpg 550w, https:\/\/senoticias.com.br\/se\/wp-content\/uploads\/2019\/08\/acidente-caminhao-moto-20082019-300x218.jpg 300w, https:\/\/senoticias.com.br\/se\/wp-content\/uploads\/2019\/08\/acidente-caminhao-moto-20082019-278x202.jpg 278w, https:\/\/senoticias.com.br\/se\/wp-content\/uploads\/2019\/08\/acidente-caminhao-moto-20082019-373x270.jpg 373w\" sizes=\"(max-width: 550px) 100vw, 550px\" \/><\/a><p id=\"caption-attachment-119713\" class=\"wp-caption-text\">A colis\u00e3o ocorreu por volta das 17h40 em Japoat\u00e3. (Foto: PM\/SE)<\/p><\/div>\n<p style=\"text-align: justify;\">A ocorr\u00eancia foi registrada pelo Batalh\u00e3o de Pol\u00edcia Rodovi\u00e1ria (BPRv), cuja equipe constatou que a v\u00edtima era residente no povoado Brejo dos Cajueiros, munic\u00edpio de Japoat\u00e3. \u201cConforme solicita\u00e7\u00e3o do Ciosp e Rop, ambos os ve\u00edculos foram conduzidos para provid\u00eancias na delegacia local\u201d, indicou ainda o batalh\u00e3o.<\/p>\n<p style=\"text-align: justify;\">O Instituto M\u00e9dico Legal (IML) e a Criminal\u00edstica foram acionados e deslocaram suas equipes para efetuar a remo\u00e7\u00e3o e per\u00edcia do cad\u00e1ver por volta das 3h47. At\u00e9 o in\u00edcio da manh\u00e3 desta ter\u00e7a-feira, 20, o corpo ainda n\u00e3o havia sido liberado para sepultamento.<\/p>\n<p><em>por Daniel Rezende\/portal Infonet<\/em><\/p>\n","protected":false},"excerpt":{"rendered":"<p>Uma colis\u00e3o entre motocicleta e caminh\u00e3o culminou na morte de Jos\u00e9 Carlos Paulino da Silva, 30. O acidente ocorreu no fim da tarde da \u00faltima segunda-feira, 19, quando os ve\u00edculos trafegavam na rodovia SE-204 e vieram a colidir frontalmente no km 3, em Japoat\u00e3, munic\u00edpio situado a 68 km de Aracaju. A ocorr\u00eancia foi registrada [&hellip;]<\/p>\n","protected":false},"author":6552,"featured_media":0,"comment_status":"closed","ping_status":"closed","sticky":false,"template":"","format":"standard","meta":{"footnotes":""},"categories":[15,7,1],"tags":[12832,12833],"class_list":{"0":"post-119712","1":"post","2":"type-post","3":"status-publish","4":"format-standard","6":"category-destaques","7":"category-policia","8":"category-sem-categoria","9":"tag-acidente-com-morte-em-japoata","10":"tag-acidente-entre-caminhao-e-moto"},"_links":{"self":[{"href":"https:\/\/senoticias.com.br\/se\/wp-json\/wp\/v2\/posts\/119712"}],"collection":[{"href":"https:\/\/senoticias.com.br\/se\/wp-json\/wp\/v2\/posts"}],"about":[{"href":"https:\/\/senoticias.com.br\/se\/wp-json\/wp\/v2\/types\/post"}],"author":[{"embeddable":true,"href":"https:\/\/senoticias.com.br\/se\/wp-json\/wp\/v2\/users\/6552"}],"replies":[{"embeddable":true,"href":"https:\/\/senoticias.com.br\/se\/wp-json\/wp\/v2\/comments?post=119712"}],"version-history":[{"count":0,"href":"https:\/\/senoticias.com.br\/se\/wp-json\/wp\/v2\/posts\/119712\/revisions"}],"wp:attachment":[{"href":"https:\/\/senoticias.com.br\/se\/wp-json\/wp\/v2\/media?parent=119712"}],"wp:term":[{"taxonomy":"category","embeddable":true,"href":"https:\/\/senoticias.com.br\/se\/wp-json\/wp\/v2\/categories?post=119712"},{"taxonomy":"post_tag","embeddable":true,"href":"https:\/\/senoticias.com.br\/se\/wp-json\/wp\/v2\/tags?post=119712"}],"curies":[{"name":"wp","href":"https:\/\/api.w.org\/{rel}","templated":true}]}}