{"id":119708,"date":"2019-08-20T08:59:53","date_gmt":"2019-08-20T11:59:53","guid":{"rendered":"https:\/\/senoticias.com.br\/se\/?p=119708"},"modified":"2019-08-20T08:59:53","modified_gmt":"2019-08-20T11:59:53","slug":"secretaria-de-estado-da-saude-reune-os-75-municipios-para-alinhar-estrategias-de-prevencao-ao-sarampo","status":"publish","type":"post","link":"https:\/\/senoticias.com.br\/se\/secretaria-de-estado-da-saude-reune-os-75-municipios-para-alinhar-estrategias-de-prevencao-ao-sarampo\/","title":{"rendered":"Secretaria de Estado da Sa\u00fade re\u00fane os 75 munic\u00edpios para alinhar estrat\u00e9gias de preven\u00e7\u00e3o ao sarampo"},"content":{"rendered":"<p style=\"text-align: justify;\">Na manh\u00e3 de segunda-feira, 19, a Secretaria de Estado da Sa\u00fade (SES), reuniu no audit\u00f3rio do Centro Administrativo da Sa\u00fade (CAS), os representantes das Vigil\u00e2ncias Epidemiol\u00f3gicas e da Aten\u00e7\u00e3o B\u00e1sica dos 75 munic\u00edpios. Na reuni\u00e3o foi discutida a situa\u00e7\u00e3o atual do sarampo no estado, alinhamento das estrat\u00e9gias de preven\u00e7\u00e3o e as pr\u00f3ximas a\u00e7\u00f5es que devem ser intensificadas pelos munic\u00edpios.\u00a0\u00a0At\u00e9 agora, em Sergipe, j\u00e1 foram 15 notifica\u00e7\u00f5es de sarampo, quatro em investiga\u00e7\u00e3o, dois casos confirmados e nove descartados.<\/p>\n<div id=\"attachment_119709\" style=\"width: 609px\" class=\"wp-caption alignnone\"><a href=\"https:\/\/senoticias.com.br\/se\/wp-content\/uploads\/2019\/08\/SES-SE-NOTICIAS-e1566302114117.jpg\"><img loading=\"lazy\" decoding=\"async\" aria-describedby=\"caption-attachment-119709\" class=\"size-full wp-image-119709\" src=\"https:\/\/senoticias.com.br\/se\/wp-content\/uploads\/2019\/08\/SES-SE-NOTICIAS-e1566302114117.jpg\" alt=\"\" width=\"599\" height=\"399\" \/><\/a><p id=\"caption-attachment-119709\" class=\"wp-caption-text\">Em Sergipe j\u00e1 foram 15 notifica\u00e7\u00f5es de sarampo, quatro em investiga\u00e7\u00e3o, dois casos confirmados e nove descartados (foto: SES)<\/p><\/div>\n<p style=\"text-align: justify;\">\u00a0A preven\u00e7\u00e3o contra a doen\u00e7a infecciosa se d\u00e1 a partir da vacina\u00e7\u00e3o que est\u00e1 dispon\u00edvel diariamente nos postos de sa\u00fade. A primeira dose deve ser no primeiro ano de vida de uma crian\u00e7a, al\u00e9m delas, adultos que por algum motivo n\u00e3o tenham sido vacinados ou que n\u00e3o tenham como comprovar a vacina\u00e7\u00e3o com o cart\u00e3o de vacina tamb\u00e9m devem ser imunizados. A coordenadora de Vigil\u00e2ncia Epidemiol\u00f3gica da SES, Sheyla Teixeira, destaca a import\u00e2ncia e como deve ser realizado o processo de vacina\u00e7\u00e3o para que o sarampo seja evitado.<\/p>\n<p style=\"text-align: justify;\">\u00a0\u201cA parceria com os munic\u00edpios nesse momento \u00e9 de suma import\u00e2ncia, precisamos fazer com que pessoas que n\u00e3o estejam vacinadas na faixa et\u00e1ria tomem as vacinas, s\u00f3 assim preveniremos a doen\u00e7a. A rotina de vacina\u00e7\u00e3o deve ser iniciada com a tr\u00edplice viral, nos primeiros 12 meses de vida de uma crian\u00e7a, est\u00e1 ir\u00e1 prevenir o sarampo, rub\u00e9ola e a caxumba, ap\u00f3s tr\u00eas meses essa mesma crian\u00e7a deve receber a segunda dose, a tetra viral, que al\u00e9m de prevenir as doen\u00e7as citadas anteriormente, tamb\u00e9m imunizar\u00e1 contra a catapora. Em rela\u00e7\u00e3o aos adultos at\u00e9 29 anos que n\u00e3o foram vacinados devem receber duas doses de vacina com intervalo de 30 dias e as pessoas de 30 a 49 anos precisam receber apenas uma dose\u201d, enfatiza.<\/p>\n<p style=\"text-align: justify;\">\u00a0A reuni\u00e3o tamb\u00e9m tem o objetivo de fazer com que os representantes dos munic\u00edpios se tornem multiplicadores de informa\u00e7\u00f5es sobre o diagn\u00f3stico inicial do sarampo. <strong>A coordenadora de Vigil\u00e2ncia em Sa\u00fade do munic\u00edpio de<\/strong> <strong>Divina Pastora, Daniele Rodrigues<\/strong>, destaca a import\u00e2ncia do elo de parceria entre a SES e os munic\u00edpios. \u201cAcho de extrema import\u00e2ncia a parceria que temos com a SES, a partir de di\u00e1logos como esse que est\u00e1 ocorrendo hoje, podemos esclarecer d\u00favidas de todos os munic\u00edpios em rela\u00e7\u00e3o aos casos suspeitos ou confirmados da doen\u00e7a\u201d, ressalta.<\/p>\n<p style=\"text-align: justify;\">\u00a0Os munic\u00edpios v\u00eam se mobilizando para combater o sarampo, o diretor de Vigil\u00e2ncia Epidemiol\u00f3gica do munic\u00edpio de Lagarto, Carlos Carvalho, destaca as atividades que est\u00e3o sendo realizada para preven\u00e7\u00e3o do aparecimento de mais casos.<\/p>\n<p style=\"text-align: justify;\">\u00a0\u00a0\u201cO sarampo \u00e9 uma doen\u00e7a que est\u00e1 voltando com muita for\u00e7a, por este motivo, estamos trabalhando para preveni-l\u00e1 juntamente com as equipes de Sa\u00fade da Fam\u00edlia e as Unidades B\u00e1sicas de Sa\u00fade, divulgando para popula\u00e7\u00e3o, atrav\u00e9s da m\u00eddia informa\u00e7\u00f5es acerca da doen\u00e7a, os principais sintomas, como prevenir e enfrent\u00e1-la. \u00c9 de extrema import\u00e2ncia esse apoio que a SES vem nos dando, \u00e9 necess\u00e1rio reunir os munic\u00edpios para que possamos conversar e ficarmos atualizados sobre as informa\u00e7\u00f5es, assim iremos conseguir controlar a doen\u00e7a e realizar as medidas mais adequadas para cada munic\u00edpio\u201d, destaca.<\/p>\n<p>&nbsp;<\/p>\n<p>&nbsp;<\/p>\n<p><a href=\"https:\/\/senoticias.com.br\/se\/wp-content\/uploads\/2019\/08\/Logo-novo-fone.jpg\"><img loading=\"lazy\" decoding=\"async\" class=\"alignnone size-full wp-image-119612\" src=\"https:\/\/senoticias.com.br\/se\/wp-content\/uploads\/2019\/08\/Logo-novo-fone.jpg\" alt=\"\" width=\"599\" height=\"78\" srcset=\"https:\/\/senoticias.com.br\/se\/wp-content\/uploads\/2019\/08\/Logo-novo-fone.jpg 599w, https:\/\/senoticias.com.br\/se\/wp-content\/uploads\/2019\/08\/Logo-novo-fone-300x39.jpg 300w\" sizes=\"(max-width: 599px) 100vw, 599px\" \/><\/a><\/p>\n<p>&nbsp;<\/p>\n<p><em><strong>Acompanhe tamb\u00e9m o SE not\u00edcias no\u00a0<a href=\"https:\/\/twitter.com\/Senoticias\" target=\"_blank\" rel=\"noopener\">Twitter<\/a>,\u00a0<a href=\"https:\/\/www.facebook.com\/senoticias1\" target=\"_blank\" rel=\"noopener\">Facebook<\/a>\u00a0e no\u00a0<a href=\"https:\/\/www.instagram.com\/senoticias\/\" target=\"_blank\" rel=\"noopener\">Instagram<\/a><\/strong><\/em><\/p>\n<p>&nbsp;<\/p>\n<p><em>Mat\u00e9ria extra\u00edda do site da Ag\u00eancia Sergipe de Not\u00edcias<\/em><\/p>\n","protected":false},"excerpt":{"rendered":"<p>Na manh\u00e3 de segunda-feira, 19, a Secretaria de Estado da Sa\u00fade (SES), reuniu no audit\u00f3rio do Centro Administrativo da Sa\u00fade (CAS), os representantes das Vigil\u00e2ncias Epidemiol\u00f3gicas e da Aten\u00e7\u00e3o B\u00e1sica dos 75 munic\u00edpios. Na reuni\u00e3o foi discutida a situa\u00e7\u00e3o atual do sarampo no estado, alinhamento das estrat\u00e9gias de preven\u00e7\u00e3o e as pr\u00f3ximas a\u00e7\u00f5es que devem [&hellip;]<\/p>\n","protected":false},"author":6552,"featured_media":119709,"comment_status":"closed","ping_status":"closed","sticky":false,"template":"","format":"standard","meta":{"footnotes":""},"categories":[15,38],"tags":[12831,6385,10898,12830],"class_list":{"0":"post-119708","1":"post","2":"type-post","3":"status-publish","4":"format-standard","5":"has-post-thumbnail","7":"category-destaques","8":"category-municipios","9":"tag-prevencao-ao-sarampo","10":"tag-secretaria-de-estado-da-saude","11":"tag-vigilancia-epidemiologica","12":"tag-vigilancias-epidemiologicas-e-da-atencao-basica"},"_links":{"self":[{"href":"https:\/\/senoticias.com.br\/se\/wp-json\/wp\/v2\/posts\/119708"}],"collection":[{"href":"https:\/\/senoticias.com.br\/se\/wp-json\/wp\/v2\/posts"}],"about":[{"href":"https:\/\/senoticias.com.br\/se\/wp-json\/wp\/v2\/types\/post"}],"author":[{"embeddable":true,"href":"https:\/\/senoticias.com.br\/se\/wp-json\/wp\/v2\/users\/6552"}],"replies":[{"embeddable":true,"href":"https:\/\/senoticias.com.br\/se\/wp-json\/wp\/v2\/comments?post=119708"}],"version-history":[{"count":0,"href":"https:\/\/senoticias.com.br\/se\/wp-json\/wp\/v2\/posts\/119708\/revisions"}],"wp:featuredmedia":[{"embeddable":true,"href":"https:\/\/senoticias.com.br\/se\/wp-json\/wp\/v2\/media\/119709"}],"wp:attachment":[{"href":"https:\/\/senoticias.com.br\/se\/wp-json\/wp\/v2\/media?parent=119708"}],"wp:term":[{"taxonomy":"category","embeddable":true,"href":"https:\/\/senoticias.com.br\/se\/wp-json\/wp\/v2\/categories?post=119708"},{"taxonomy":"post_tag","embeddable":true,"href":"https:\/\/senoticias.com.br\/se\/wp-json\/wp\/v2\/tags?post=119708"}],"curies":[{"name":"wp","href":"https:\/\/api.w.org\/{rel}","templated":true}]}}