{"id":119706,"date":"2019-08-20T08:40:03","date_gmt":"2019-08-20T11:40:03","guid":{"rendered":"https:\/\/senoticias.com.br\/se\/?p=119706"},"modified":"2019-08-21T05:26:48","modified_gmt":"2019-08-21T08:26:48","slug":"luciano-pimentel-homenageia-maconaria-e-destaca-papel-social-da-instituicao","status":"publish","type":"post","link":"https:\/\/senoticias.com.br\/se\/luciano-pimentel-homenageia-maconaria-e-destaca-papel-social-da-instituicao\/","title":{"rendered":"Luciano Pimentel homenageia Ma\u00e7onaria e destaca papel social da institui\u00e7\u00e3o"},"content":{"rendered":"<p style=\"text-align: justify;\">Autor da propositura que deu origem \u00e0 Lei n\u00ba 8.259\/2017, respons\u00e1vel por incluir o Dia do Ma\u00e7om no calend\u00e1rio cultural sergipano, o deputado estadual Luciano Pimentel manifestou sua admira\u00e7\u00e3o e respeito pela ma\u00e7onaria na tarde da \u00faltima segunda-feira, 19, na Assembleia Legislativa, durante sess\u00e3o especial em homenagem \u00e0 institui\u00e7\u00e3o.<\/p>\n<div id=\"attachment_119707\" style=\"width: 560px\" class=\"wp-caption aligncenter\"><a href=\"https:\/\/senoticias.com.br\/se\/wp-content\/uploads\/2019\/08\/5cfeb76a-24a1-45aa-a3e1-fdc0d033fe54-e1566301113420.jpg\"><img loading=\"lazy\" decoding=\"async\" aria-describedby=\"caption-attachment-119707\" class=\"size-full wp-image-119707\" src=\"https:\/\/senoticias.com.br\/se\/wp-content\/uploads\/2019\/08\/5cfeb76a-24a1-45aa-a3e1-fdc0d033fe54-e1566301113420.jpg\" alt=\"\" width=\"550\" height=\"367\" \/><\/a><p id=\"caption-attachment-119707\" class=\"wp-caption-text\">Deputado estadual Luciano Pimentel (foto: Edu Almeida\/ascom)<\/p><\/div>\n<p style=\"text-align: justify;\">\u201cA ess\u00eancia da Ma\u00e7onaria \u00e9 tornar a humanidade feliz. O combate a qualquer forma de tirania, a glorifica\u00e7\u00e3o do direito e da justi\u00e7a e, acima de tudo, a promo\u00e7\u00e3o do bem estar social s\u00e3o os princ\u00edpios que norteiam a atua\u00e7\u00e3o dos ma\u00e7ons\u201d, destacou Luciano Pimentel.<\/p>\n<p style=\"text-align: justify;\">De acordo com ele, se incorporarmos um pouco dessa ess\u00eancia, n\u00e3o resta d\u00favidas de que a sociedade caminhar\u00e1 em dire\u00e7\u00e3o a um mundo mais justo e igualit\u00e1rio. \u201cPreservar esses ideais \u00e9 uma maneira de reverter a grande perda de conceitos e pr\u00e1ticas de amor, toler\u00e2ncia, solidariedade e respeito m\u00fatuo que presenciamos atualmente\u201d.<\/p>\n<p style=\"text-align: justify;\">Para o parlamentar, a corrup\u00e7\u00e3o e a falta de empatia t\u00e3o presentes nos mais diversos setores sociais comprovam que o Brasil nunca precisou tanto de uma institui\u00e7\u00e3o que levante a bandeira da liberdade, a igualdade e fraternidade. \u201cPensar e praticar ma\u00e7onaria \u00e9 reavivar o compromisso de disseminar a \u00e9tica, moral, solidariedade e justi\u00e7a\u201d.<\/p>\n<p style=\"text-align: justify;\">Por fim, Luciano Pimentel afirmou esperar que a Lei n\u00ba 8.259\/2017 sirva de est\u00edmulo para que diversos segmentos se unam com o prop\u00f3sito de restabelecer os valores, aparentemente perdidos, da \u00e9tica e da moral. \u201cQue possamos juntos, com base no respeito \u00e0 pessoa humana e \u00e0 natureza, exercitar o autodom\u00ednio da virtude, para uma sociedade justa e livre\u201d.<\/p>\n<p style=\"text-align: justify;\"><strong>Atua\u00e7\u00e3o da Ma\u00e7onaria<\/strong><\/p>\n<p style=\"text-align: justify;\">Na solenidade, o deputado agraciou representantes da ma\u00e7onaria com diplomas de honra ao m\u00e9rito. Foram homenageados o Gr\u00e3o Mestre Estadual, Clairton Santana (Grande Oriente do Brasil Sergipe) e o Gr\u00e3o Mestre Alberto Jorge Franco Vieira (Grande Loja Ma\u00e7\u00f4nica do Estado de Sergipe). Em discurso, eles abordam a atua\u00e7\u00e3o da institui\u00e7\u00e3o, tra\u00e7ando um paralelo hist\u00f3rico e apontando novas dire\u00e7\u00f5es.<\/p>\n<p style=\"text-align: justify;\">Em sua fala, o Gr\u00e3o Mestre Estadual tratou sobre o surgimento da Ma\u00e7onaria e a participa\u00e7\u00e3o da institui\u00e7\u00e3o em movimentos que definiram o Brasil, a exemplo da Proclama\u00e7\u00e3o da Rep\u00fablica e a Aboli\u00e7\u00e3o da Escravatura. \u201cA ma\u00e7onaria brasileira continua assumindo responsabilidade e mostrando que os construtores da arte real tamb\u00e9m sabem abolir as estruturas do poder totalit\u00e1rio, modificando o perfil da hist\u00f3ria\u201d, considerou Clairton.<\/p>\n<p style=\"text-align: justify;\">Segundo o Gr\u00e3o Mestre Alberto Vieira, a imagem criada em torno da Ma\u00e7onaria em nada se assemelha com o trabalho desenvolvido pelos ma\u00e7ons, que est\u00e1 alicer\u00e7ado no aperfei\u00e7oamento humano e na valoriza\u00e7\u00e3o da caridade e da fraternidade, princ\u00edpios que os unem como irm\u00e3os.<\/p>\n<p style=\"text-align: justify;\">\u201cEnganam-se os que enxergam a ma\u00e7onaria como uma entidade fechada, hermeticamente cerrada em seus preceitos seculares e avessa a contemporaneidade. A Ordem Ma\u00e7\u00f4nica, em verdade, estar\u00e1 aberta cada vez mais atenta \u00e0s demandas da \u00e9poca em que vivemos. A ma\u00e7onaria est\u00e1 pronta para sociedade\u201d, enfatizou o Gr\u00e3o Mestre, Jorge Vieira.<\/p>\n<p style=\"text-align: justify;\"><strong>Sergipe<\/strong><\/p>\n<p style=\"text-align: justify;\">Em Sergipe existem cerca de dois mil ma\u00e7ons distribu\u00eddos em 34 lojas, sendo 13 do Grande Oriente de Sergipe e 21 da Grande Loja. Essas institui\u00e7\u00f5es t\u00eam, ainda, Fraternidades Femininas, formada por esposas dos ma\u00e7ons, n\u00facleo para jovens \u2013 Ordem DeMolay e Filhas de J\u00f3 \u2013 al\u00e9m da APJ (A\u00e7\u00e3o Parama\u00e7\u00f4nica Juvenil).<\/p>\n<p style=\"text-align: justify;\"><em>Mat\u00e9ria produzida pela Assessoria Parlamentar<\/em><\/p>\n<p style=\"text-align: justify;\">\n<p>&nbsp;<\/p>\n<p><a href=\"https:\/\/senoticias.com.br\/se\/wp-content\/uploads\/2019\/08\/Logo-novo-fone.jpg\"><img loading=\"lazy\" decoding=\"async\" class=\"aligncenter size-full wp-image-119612\" src=\"https:\/\/senoticias.com.br\/se\/wp-content\/uploads\/2019\/08\/Logo-novo-fone.jpg\" alt=\"\" width=\"599\" height=\"78\" srcset=\"https:\/\/senoticias.com.br\/se\/wp-content\/uploads\/2019\/08\/Logo-novo-fone.jpg 599w, https:\/\/senoticias.com.br\/se\/wp-content\/uploads\/2019\/08\/Logo-novo-fone-300x39.jpg 300w\" sizes=\"(max-width: 599px) 100vw, 599px\" \/><\/a><\/p>\n<p>&nbsp;<\/p>\n<p><em><strong>Acompanhe tamb\u00e9m o SE not\u00edcias no\u00a0<a href=\"https:\/\/twitter.com\/Senoticias\" target=\"_blank\" rel=\"noopener\">Twitter<\/a>,\u00a0<a href=\"https:\/\/www.facebook.com\/senoticias1\" target=\"_blank\" rel=\"noopener\">Facebook<\/a>\u00a0e no\u00a0<a href=\"https:\/\/www.instagram.com\/senoticias\/\" target=\"_blank\" rel=\"noopener\">Instagram<\/a><\/strong><\/em><\/p>\n","protected":false},"excerpt":{"rendered":"<p>Autor da propositura que deu origem \u00e0 Lei n\u00ba 8.259\/2017, respons\u00e1vel por incluir o Dia do Ma\u00e7om no calend\u00e1rio cultural sergipano, o deputado estadual Luciano Pimentel manifestou sua admira\u00e7\u00e3o e respeito pela ma\u00e7onaria na tarde da \u00faltima segunda-feira, 19, na Assembleia Legislativa, durante sess\u00e3o especial em homenagem \u00e0 institui\u00e7\u00e3o. \u201cA ess\u00eancia da Ma\u00e7onaria \u00e9 tornar [&hellip;]<\/p>\n","protected":false},"author":6557,"featured_media":0,"comment_status":"closed","ping_status":"closed","sticky":false,"template":"","format":"standard","meta":{"footnotes":""},"categories":[15,6],"tags":[3129,9296,12829],"class_list":{"0":"post-119706","1":"post","2":"type-post","3":"status-publish","4":"format-standard","6":"category-destaques","7":"category-politica","8":"tag-homenagem","9":"tag-luciano-pimentel","10":"tag-maconaria"},"_links":{"self":[{"href":"https:\/\/senoticias.com.br\/se\/wp-json\/wp\/v2\/posts\/119706"}],"collection":[{"href":"https:\/\/senoticias.com.br\/se\/wp-json\/wp\/v2\/posts"}],"about":[{"href":"https:\/\/senoticias.com.br\/se\/wp-json\/wp\/v2\/types\/post"}],"author":[{"embeddable":true,"href":"https:\/\/senoticias.com.br\/se\/wp-json\/wp\/v2\/users\/6557"}],"replies":[{"embeddable":true,"href":"https:\/\/senoticias.com.br\/se\/wp-json\/wp\/v2\/comments?post=119706"}],"version-history":[{"count":0,"href":"https:\/\/senoticias.com.br\/se\/wp-json\/wp\/v2\/posts\/119706\/revisions"}],"wp:attachment":[{"href":"https:\/\/senoticias.com.br\/se\/wp-json\/wp\/v2\/media?parent=119706"}],"wp:term":[{"taxonomy":"category","embeddable":true,"href":"https:\/\/senoticias.com.br\/se\/wp-json\/wp\/v2\/categories?post=119706"},{"taxonomy":"post_tag","embeddable":true,"href":"https:\/\/senoticias.com.br\/se\/wp-json\/wp\/v2\/tags?post=119706"}],"curies":[{"name":"wp","href":"https:\/\/api.w.org\/{rel}","templated":true}]}}