{"id":119703,"date":"2019-08-20T05:51:48","date_gmt":"2019-08-20T08:51:48","guid":{"rendered":"https:\/\/senoticias.com.br\/se\/?p=119703"},"modified":"2019-08-20T05:57:36","modified_gmt":"2019-08-20T08:57:36","slug":"programacao-do-festival-de-artes-de-sao-cristovao-sera-divulgada-dia-3-de-setembro","status":"publish","type":"post","link":"https:\/\/senoticias.com.br\/se\/programacao-do-festival-de-artes-de-sao-cristovao-sera-divulgada-dia-3-de-setembro\/","title":{"rendered":"Programa\u00e7\u00e3o do Festival de Artes de S\u00e3o Crist\u00f3v\u00e3o ser\u00e1 divulgada dia 3 de setembro"},"content":{"rendered":"<p style=\"text-align: justify;\">A Prefeitura de S\u00e3o Crist\u00f3v\u00e3o, por meio da Secretaria de Governo, convida toda imprensa sergipana e a popula\u00e7\u00e3o em geral para o lan\u00e7amento da programa\u00e7\u00e3o do 36\u00b0 Festival de Artes de S\u00e3o Crist\u00f3v\u00e3o (FASC). O evento acontece no dia 03 de setembro, a partir das 8h, no Museu Hist\u00f3rico de Sergipe.<\/p>\n<div id=\"attachment_119704\" style=\"width: 609px\" class=\"wp-caption alignnone\"><a href=\"https:\/\/senoticias.com.br\/se\/wp-content\/uploads\/2019\/08\/CONVITE-PROGRAMA\u00c7\u00c3O-FASC-2019-e1566291175803.jpg\"><img loading=\"lazy\" decoding=\"async\" aria-describedby=\"caption-attachment-119704\" class=\"size-full wp-image-119704\" src=\"https:\/\/senoticias.com.br\/se\/wp-content\/uploads\/2019\/08\/CONVITE-PROGRAMA\u00c7\u00c3O-FASC-2019-e1566291175803.jpg\" alt=\"\" width=\"599\" height=\"495\" \/><\/a><p id=\"caption-attachment-119704\" class=\"wp-caption-text\">O lan\u00e7amento acontece no dia 03 de setembro (foto arte: ascom\/PMSC)<\/p><\/div>\n<div class=\"page-container row\">\n<div class=\"col-md-9 page-inside-main\">\n<div id=\"share\" class=\"jssocials\">\n<div class=\"jssocials-shares\">\n<div class=\"jssocials-share jssocials-share-twitter\">\n<p style=\"text-align: justify;\">Com o tema \u2018Resistir para Existir\u2019, o FASC acontece este ano entre os dias 14 a 17 de novembro, e durante os quatro dias, uma maratona de atra\u00e7\u00f5es art\u00edsticas ir\u00e1 transformar a quarta cidade mais antiga do Brasil no principal destino cultural do Estado. Ser\u00e3o cerca de 150 atra\u00e7\u00f5es das \u00e1reas de m\u00fasica, artes visuais, dan\u00e7a, teatro, cinema e literatura que estar\u00e3o reunidas em oito espa\u00e7os da cidade hist\u00f3rica.<\/p>\n<p style=\"text-align: justify;\">Para o prefeito Marcos Santana, o Festival de Artes possui uma s\u00e9rie de potencialidades. \u00a0\u201cO nosso festival \u00e9 o maior evento cultural e art\u00edstico de Sergipe. Enquanto evento cultural ele movimenta o turismo n\u00e3o apenas em nossa cidade como em todo o estado, al\u00e9m de estimular o empreendedorismo e a economia criativa. N\u00f3s temos v\u00e1rios objetivos com o FASC e um deles \u00e9 gerar emprego e renda. Queremos criar possibilidades n\u00e3o apenas no Festival, mas a partir dele. N\u00f3s n\u00e3o fazemos o FASC apenas como forma de entretenimento, nosso principal objetivo \u00e9 deixar um legado para a vida da cidade, para vida das pessoas\u201d, destacou.<\/p>\n<p style=\"text-align: justify;\">De acordo com a com a secret\u00e1ria da Segov, Paola Santana, a Prefeitura tem buscado, desde a \u00faltima edi\u00e7\u00e3o do FASC, parcerias para dar continuidade ao evento. Segundo ela, apesar do evento ser sucesso de cr\u00edtica e p\u00fablico nos \u00faltimos dois anos, o governo municipal tem encontrado dificuldades para conseguir parceiros que abracem a causa.<\/p>\n<p style=\"text-align: justify;\">\u201cN\u00f3s temos buscado sempre parcerias para fortalecer as atividades locais e promover emprego e renda para a popula\u00e7\u00e3o sancristovense. Este ano, n\u00e3o diferente dos outros, encontramos muita dificuldade para encontrar parceiros que apoiassem a realiza\u00e7\u00e3o do FASC, e isso demandou um grande esfor\u00e7o nosso. Em v\u00e1rios momentos pensamos em desistir, mas a vontade de continuar \u00e9 maior, porque sabemos da import\u00e2ncia do evento para nossa cidade e para o Estado. Precisamos que os empres\u00e1rios sergipanos e a sociedade civil abracem a causa para que o Festival continue resistindo por muitos anos\u201d, apontou a secret\u00e1ria.<\/p>\n<p style=\"text-align: justify;\"><strong>FASC<\/strong><\/p>\n<p style=\"text-align: justify;\">O Festival de Artes de S\u00e3o Crist\u00f3v\u00e3o (FASC) foi iniciado na d\u00e9cada de 1970, e serviu de palco para grandes artistas sergipanos e nacionais, para que pudessem expressar suas produ\u00e7\u00f5es art\u00edsticas nas mais diversas modalidades. O evento foi descontinuado em 2005 e retornou em 2017 resgatando a proposta dos antigos festivais e reacendendo a programa\u00e7\u00e3o cultural da Cidade Hist\u00f3rica.<\/p>\n<p>&nbsp;<\/p>\n<\/div>\n<p><a href=\"https:\/\/senoticias.com.br\/se\/wp-content\/uploads\/2019\/08\/Logo-novo-fone.jpg\"><img loading=\"lazy\" decoding=\"async\" class=\"alignnone size-full wp-image-119612\" src=\"https:\/\/senoticias.com.br\/se\/wp-content\/uploads\/2019\/08\/Logo-novo-fone.jpg\" alt=\"\" width=\"599\" height=\"78\" srcset=\"https:\/\/senoticias.com.br\/se\/wp-content\/uploads\/2019\/08\/Logo-novo-fone.jpg 599w, https:\/\/senoticias.com.br\/se\/wp-content\/uploads\/2019\/08\/Logo-novo-fone-300x39.jpg 300w\" sizes=\"(max-width: 599px) 100vw, 599px\" \/><\/a><\/p>\n<p>&nbsp;<\/p>\n<\/div>\n<p><em><strong>Acompanhe tamb\u00e9m o SE not\u00edcias no\u00a0<a href=\"https:\/\/twitter.com\/Senoticias\" target=\"_blank\" rel=\"noopener\">Twitter<\/a>,\u00a0<a href=\"https:\/\/www.facebook.com\/senoticias1\" target=\"_blank\" rel=\"noopener\">Facebook<\/a>\u00a0e no\u00a0<a href=\"https:\/\/www.instagram.com\/senoticias\/\" target=\"_blank\" rel=\"noopener\">Instagram<\/a><\/strong><\/em><\/p>\n<div class=\"jssocials-shares\">\n<div class=\"jssocials-share jssocials-share-twitter\">\n<p style=\"text-align: justify;\"><em>Com informa\u00e7\u00f5es da ascom\/PMSC<\/em><\/p>\n<\/div>\n<\/div>\n<\/div>\n<\/div>\n<\/div>\n","protected":false},"excerpt":{"rendered":"<p>A Prefeitura de S\u00e3o Crist\u00f3v\u00e3o, por meio da Secretaria de Governo, convida toda imprensa sergipana e a popula\u00e7\u00e3o em geral para o lan\u00e7amento da programa\u00e7\u00e3o do 36\u00b0 Festival de Artes de S\u00e3o Crist\u00f3v\u00e3o (FASC). O evento acontece no dia 03 de setembro, a partir das 8h, no Museu Hist\u00f3rico de Sergipe. Com o tema \u2018Resistir [&hellip;]<\/p>\n","protected":false},"author":6552,"featured_media":119704,"comment_status":"closed","ping_status":"closed","sticky":false,"template":"","format":"standard","meta":{"footnotes":""},"categories":[15,21],"tags":[12828,9569,7124,12827,335],"class_list":{"0":"post-119703","1":"post","2":"type-post","3":"status-publish","4":"format-standard","5":"has-post-thumbnail","7":"category-destaques","8":"category-entretenimento","9":"tag-36-festival-de-artes-de-sao-cristovao","10":"tag-cidade-mae-de-sergipe","11":"tag-festival-de-artes","12":"tag-resistir-para-existir","13":"tag-sao-cristovao"},"_links":{"self":[{"href":"https:\/\/senoticias.com.br\/se\/wp-json\/wp\/v2\/posts\/119703"}],"collection":[{"href":"https:\/\/senoticias.com.br\/se\/wp-json\/wp\/v2\/posts"}],"about":[{"href":"https:\/\/senoticias.com.br\/se\/wp-json\/wp\/v2\/types\/post"}],"author":[{"embeddable":true,"href":"https:\/\/senoticias.com.br\/se\/wp-json\/wp\/v2\/users\/6552"}],"replies":[{"embeddable":true,"href":"https:\/\/senoticias.com.br\/se\/wp-json\/wp\/v2\/comments?post=119703"}],"version-history":[{"count":0,"href":"https:\/\/senoticias.com.br\/se\/wp-json\/wp\/v2\/posts\/119703\/revisions"}],"wp:featuredmedia":[{"embeddable":true,"href":"https:\/\/senoticias.com.br\/se\/wp-json\/wp\/v2\/media\/119704"}],"wp:attachment":[{"href":"https:\/\/senoticias.com.br\/se\/wp-json\/wp\/v2\/media?parent=119703"}],"wp:term":[{"taxonomy":"category","embeddable":true,"href":"https:\/\/senoticias.com.br\/se\/wp-json\/wp\/v2\/categories?post=119703"},{"taxonomy":"post_tag","embeddable":true,"href":"https:\/\/senoticias.com.br\/se\/wp-json\/wp\/v2\/tags?post=119703"}],"curies":[{"name":"wp","href":"https:\/\/api.w.org\/{rel}","templated":true}]}}