{"id":119671,"date":"2019-08-17T08:22:50","date_gmt":"2019-08-17T11:22:50","guid":{"rendered":"https:\/\/senoticias.com.br\/se\/?p=119671"},"modified":"2019-08-17T08:22:50","modified_gmt":"2019-08-17T11:22:50","slug":"apos-tratamento-no-batalhao-da-restauracao-ex-residentes-recebem-alta-e-retornam-a-sociedade-carmopolitana","status":"publish","type":"post","link":"https:\/\/senoticias.com.br\/se\/apos-tratamento-no-batalhao-da-restauracao-ex-residentes-recebem-alta-e-retornam-a-sociedade-carmopolitana\/","title":{"rendered":"Ap\u00f3s tratamento no Batalh\u00e3o da Restaura\u00e7\u00e3o, ex-residentes recebem alta e retornam \u00e0 sociedade   Carmopolitana"},"content":{"rendered":"<p style=\"text-align: justify;\">Charles Bispo Vieira e Jos\u00e9 S\u00e9rgio Rezende passaram seis meses em tratamento no Batalh\u00e3o da Restaura\u00e7\u00e3o, e na manh\u00e3 da \u00faltima sexta-feira, 16, os ex-residentes receberam alta e retornaram para a sociedade.<\/p>\n<div id=\"attachment_119672\" style=\"width: 560px\" class=\"wp-caption aligncenter\"><a href=\"https:\/\/senoticias.com.br\/se\/wp-content\/uploads\/2019\/08\/0d265d84-d369-4dc7-9edd-4b0891f21b44-e1566040869765.jpg\"><img loading=\"lazy\" decoding=\"async\" aria-describedby=\"caption-attachment-119672\" class=\"size-full wp-image-119672\" src=\"https:\/\/senoticias.com.br\/se\/wp-content\/uploads\/2019\/08\/0d265d84-d369-4dc7-9edd-4b0891f21b44-e1566040869765.jpg\" alt=\"\" width=\"550\" height=\"413\" \/><\/a><p id=\"caption-attachment-119672\" class=\"wp-caption-text\">Foto: TDantas Comunica\u00e7\u00e3o<\/p><\/div>\n<p style=\"text-align: justify;\">\nProjeto do deputado Estadual Capit\u00e3o Samuel, o Batalh\u00e3o da Restaura\u00e7\u00e3o existe h\u00e1 tr\u00eas anos, e realiza um trabalho voltado para o tratamento de dependentes qu\u00edmicos e de entorpecentes. Psic\u00f3logo, terapeuta, cl\u00ednico, enfermeira, nutricionista e assistente social s\u00e3o profissionais que atendem aos residentes, e fazem todo o acompanhamento durante os seis meses de interna\u00e7\u00e3o.<\/p>\n<p style=\"text-align: justify;\">\u201cO primeiro passo \u00e9 querer e ter ci\u00eancia que o tempo de tratamento \u00e9 necess\u00e1rio para se curar e n\u00e3o voltar novamente ao v\u00edcio\u201d, destacou a diretora administrativa do Batalh\u00e3o, Maria do Socorro.<\/p>\n<p style=\"text-align: justify;\">\nA\u00e7\u00f5es como planta\u00e7\u00f5es de hortali\u00e7as e produ\u00e7\u00e3o artesanal s\u00e3o feitas pelos residentes. O local \u00e9 amplamente arborizado e conta com espa\u00e7o de lazer e academia. Os familiares podem realizar visitas no primeiro domingo do m\u00eas, e nas sextas-feiras, o paciente que cumpre o tempo determinado participa de um evento, em que a fam\u00edlia est\u00e1 presente para receb\u00ea-lo, e voltar para casa, com o diploma de \u00eaxito. \u201cO nosso papel \u00e9 acolher, diagnosticar e encaminhar com o apoio da fam\u00edlia\u201d, reconhece a secret\u00e1ria de Desenvolvimento, Inclus\u00e3o e Assist\u00eancia Social, Karla Cruz.<\/p>\n<p style=\"text-align: justify;\">\nEm Carm\u00f3polis, o trabalho \u00e9 realizado pela Secretaria de Desenvolvimento, Inclus\u00e3o e Assist\u00eancia Social, atrav\u00e9s da Diretoria de Divis\u00e3o de Pol\u00edticas Anti-drogas. \u201cNossa fun\u00e7\u00e3o \u00e9 ajudar a salvar vidas\u201d, afirma o diretor do programa, Gladston dos Santos.<\/p>\n<p>&nbsp;<\/p>\n<p>Por TDantas Comunica\u00e7\u00e3o<\/p>\n<p>&nbsp;<\/p>\n<p><a href=\"https:\/\/senoticias.com.br\/se\/wp-content\/uploads\/2019\/08\/Logo-novo-fone.jpg\"><img loading=\"lazy\" decoding=\"async\" class=\"aligncenter size-full wp-image-119612\" src=\"https:\/\/senoticias.com.br\/se\/wp-content\/uploads\/2019\/08\/Logo-novo-fone.jpg\" alt=\"\" width=\"599\" height=\"78\" srcset=\"https:\/\/senoticias.com.br\/se\/wp-content\/uploads\/2019\/08\/Logo-novo-fone.jpg 599w, https:\/\/senoticias.com.br\/se\/wp-content\/uploads\/2019\/08\/Logo-novo-fone-300x39.jpg 300w\" sizes=\"(max-width: 599px) 100vw, 599px\" \/><\/a><\/p>\n<p>&nbsp;<\/p>\n<p><em><strong>Acompanhe tamb\u00e9m o SE not\u00edcias no\u00a0<a href=\"https:\/\/twitter.com\/Senoticias\" target=\"_blank\" rel=\"noopener\">Twitter<\/a>,\u00a0<a href=\"https:\/\/www.facebook.com\/senoticias1\" target=\"_blank\" rel=\"noopener\">Facebook<\/a>\u00a0e no\u00a0<a href=\"https:\/\/www.instagram.com\/senoticias\/\" target=\"_blank\" rel=\"noopener\">Instagram<\/a><\/strong><\/em><\/p>\n<p>&nbsp;<\/p>\n<p>&nbsp;<\/p>\n","protected":false},"excerpt":{"rendered":"<p>Charles Bispo Vieira e Jos\u00e9 S\u00e9rgio Rezende passaram seis meses em tratamento no Batalh\u00e3o da Restaura\u00e7\u00e3o, e na manh\u00e3 da \u00faltima sexta-feira, 16, os ex-residentes receberam alta e retornaram para a sociedade. Projeto do deputado Estadual Capit\u00e3o Samuel, o Batalh\u00e3o da Restaura\u00e7\u00e3o existe h\u00e1 tr\u00eas anos, e realiza um trabalho voltado para o tratamento de [&hellip;]<\/p>\n","protected":false},"author":6557,"featured_media":0,"comment_status":"closed","ping_status":"closed","sticky":false,"template":"","format":"standard","meta":{"footnotes":""},"categories":[15],"tags":[12800,2094,12801],"class_list":{"0":"post-119671","1":"post","2":"type-post","3":"status-publish","4":"format-standard","6":"category-destaques","7":"tag-batalhao-da-restauracao","8":"tag-carmopolis","9":"tag-ex-residentes"},"_links":{"self":[{"href":"https:\/\/senoticias.com.br\/se\/wp-json\/wp\/v2\/posts\/119671"}],"collection":[{"href":"https:\/\/senoticias.com.br\/se\/wp-json\/wp\/v2\/posts"}],"about":[{"href":"https:\/\/senoticias.com.br\/se\/wp-json\/wp\/v2\/types\/post"}],"author":[{"embeddable":true,"href":"https:\/\/senoticias.com.br\/se\/wp-json\/wp\/v2\/users\/6557"}],"replies":[{"embeddable":true,"href":"https:\/\/senoticias.com.br\/se\/wp-json\/wp\/v2\/comments?post=119671"}],"version-history":[{"count":0,"href":"https:\/\/senoticias.com.br\/se\/wp-json\/wp\/v2\/posts\/119671\/revisions"}],"wp:attachment":[{"href":"https:\/\/senoticias.com.br\/se\/wp-json\/wp\/v2\/media?parent=119671"}],"wp:term":[{"taxonomy":"category","embeddable":true,"href":"https:\/\/senoticias.com.br\/se\/wp-json\/wp\/v2\/categories?post=119671"},{"taxonomy":"post_tag","embeddable":true,"href":"https:\/\/senoticias.com.br\/se\/wp-json\/wp\/v2\/tags?post=119671"}],"curies":[{"name":"wp","href":"https:\/\/api.w.org\/{rel}","templated":true}]}}