{"id":119662,"date":"2019-08-16T08:42:19","date_gmt":"2019-08-16T11:42:19","guid":{"rendered":"https:\/\/senoticias.com.br\/se\/?p=119662"},"modified":"2019-08-16T21:14:13","modified_gmt":"2019-08-17T00:14:13","slug":"e-gravissimo-o-quadro-do-mercado-de-trabalho-diz-presidente-da-oab","status":"publish","type":"post","link":"https:\/\/senoticias.com.br\/se\/e-gravissimo-o-quadro-do-mercado-de-trabalho-diz-presidente-da-oab\/","title":{"rendered":"\u00c9 grav\u00edssimo o quadro do mercado de trabalho, diz presidente da OAB"},"content":{"rendered":"<p style=\"text-align: justify;\">Durante participa\u00e7\u00e3o na Confer\u00eancia Estadual da Jovem Advocacia, que ocorreu na noite da \u00faltima quinta-feira, 15, em Aracaju, o presidente da Ordem dos Advogados do Brasil (OAB), criticou a prolifera\u00e7\u00e3o das faculdades de direito no Brasil.<\/p>\n<div id=\"attachment_119663\" style=\"width: 560px\" class=\"wp-caption aligncenter\"><a href=\"https:\/\/senoticias.com.br\/se\/wp-content\/uploads\/2019\/08\/conferencia_presidentedaoab_150819-e1565955646736.jpg\"><img loading=\"lazy\" decoding=\"async\" aria-describedby=\"caption-attachment-119663\" class=\"size-full wp-image-119663\" src=\"https:\/\/senoticias.com.br\/se\/wp-content\/uploads\/2019\/08\/conferencia_presidentedaoab_150819-e1565955646736.jpg\" alt=\"\" width=\"550\" height=\"367\" \/><\/a><p id=\"caption-attachment-119663\" class=\"wp-caption-text\">O presidente da OAB, Felipe Santa Cruz, participou de evento na OAB\/SE (foto: ascom\/OAB)<\/p><\/div>\n<p style=\"text-align: justify;\">O advogado considerou a situa\u00e7\u00e3o do mercado de trabalho grav\u00edssima e disse que \u00e9 preciso um planejamento por parte do Minist\u00e9rio da Educa\u00e7\u00e3o (MEC). \u201c\u00c9 grav\u00edssimo o quadro no mercado de trabalho. Temos mais de 1600 faculdades de direito no Brasil e o dobro de advogados percapita dos Estados Unidos. \u00c9 preciso um planejamento do MEC em rela\u00e7\u00e3o ao futuro do mercado de trabalho. At\u00e9 porque essas faculdades s\u00e3o privadas e as pessoas pagam com muito sacrif\u00edcio. \u00c9 muito triste que se fa\u00e7a isso sem planejamento, gerando um estelionato eleitoral. Infelizmente, essa \u00e9 a realidade do pa\u00eds\u201d.Felipe Santa Cruz tamb\u00e9m falou sobre as fake news envolvendo a OAB. \u201cH\u00e1 uma negativa permanente do papel da OAB, mas isso por incr\u00edvel que pare\u00e7a, contraditoriamente ou n\u00e3o, tem fortalecido a ordem. Nos \u00faltimos meses, a imprensa s\u00e9rio do nosso pa\u00eds tem um olhar acurado sobre o papel da ordem. Al\u00e9m disso, a ordem est\u00e1 no debate das pessoas como poucas vezes esteve nos \u00faltimos tempos. Ja dizia Rui Barbosa, que tempos de paz, o advogado n\u00e3o tem import\u00e2ncia, mas quando o esp\u00edrito autorit\u00e1rio cresce, a advocacia cresce tamb\u00e9m\u201d.<\/p>\n<p style=\"text-align: justify;\">O presidente da OAB acrescentou que tamb\u00e9m encerrou a discuss\u00f5es envolvendo a declara\u00e7\u00e3o do presidente Jair Bolsonaro o desaparecimento do seu pai, Fernando Augusto Santa Cruz. \u201c\u00c9 um epis\u00f3dio que j\u00e1 fechei na minha cabe\u00e7a. Acho que importante n\u00e3o deixarmos reabrir uma discuss\u00e3o t\u00e3o ultrapassada. Todos sabemos o valor e o custo da democracia e como ela deve ser preservada e abra\u00e7ada por n\u00f3s em nosso cotidiano\u201d.<\/p>\n<p style=\"text-align: justify;\">por Verlane Est\u00e1cio\/Portal Infonet<\/p>\n<p>&nbsp;<\/p>\n<p><a href=\"https:\/\/senoticias.com.br\/se\/wp-content\/uploads\/2019\/08\/Logo-novo-fone.jpg\"><img loading=\"lazy\" decoding=\"async\" class=\"aligncenter size-full wp-image-119612\" src=\"https:\/\/senoticias.com.br\/se\/wp-content\/uploads\/2019\/08\/Logo-novo-fone.jpg\" alt=\"\" width=\"599\" height=\"78\" srcset=\"https:\/\/senoticias.com.br\/se\/wp-content\/uploads\/2019\/08\/Logo-novo-fone.jpg 599w, https:\/\/senoticias.com.br\/se\/wp-content\/uploads\/2019\/08\/Logo-novo-fone-300x39.jpg 300w\" sizes=\"(max-width: 599px) 100vw, 599px\" \/><\/a><\/p>\n<p>&nbsp;<\/p>\n<p><em><strong>Acompanhe tamb\u00e9m o SE not\u00edcias no\u00a0<a href=\"https:\/\/twitter.com\/Senoticias\" target=\"_blank\" rel=\"noopener\">Twitter<\/a>,\u00a0<a href=\"https:\/\/www.facebook.com\/senoticias1\" target=\"_blank\" rel=\"noopener\">Facebook<\/a>\u00a0e no\u00a0<a href=\"https:\/\/www.instagram.com\/senoticias\/\" target=\"_blank\" rel=\"noopener\">Instagram<\/a><\/strong><\/em><\/p>\n","protected":false},"excerpt":{"rendered":"<p>Durante participa\u00e7\u00e3o na Confer\u00eancia Estadual da Jovem Advocacia, que ocorreu na noite da \u00faltima quinta-feira, 15, em Aracaju, o presidente da Ordem dos Advogados do Brasil (OAB), criticou a prolifera\u00e7\u00e3o das faculdades de direito no Brasil. O advogado considerou a situa\u00e7\u00e3o do mercado de trabalho grav\u00edssima e disse que \u00e9 preciso um planejamento por parte [&hellip;]<\/p>\n","protected":false},"author":6557,"featured_media":0,"comment_status":"closed","ping_status":"closed","sticky":false,"template":"","format":"standard","meta":{"footnotes":""},"categories":[15,2961],"tags":[12797,9043],"class_list":{"0":"post-119662","1":"post","2":"type-post","3":"status-publish","4":"format-standard","6":"category-destaques","7":"category-nacional","8":"tag-mercado-de-trabalho","9":"tag-presidente-da-oab"},"_links":{"self":[{"href":"https:\/\/senoticias.com.br\/se\/wp-json\/wp\/v2\/posts\/119662"}],"collection":[{"href":"https:\/\/senoticias.com.br\/se\/wp-json\/wp\/v2\/posts"}],"about":[{"href":"https:\/\/senoticias.com.br\/se\/wp-json\/wp\/v2\/types\/post"}],"author":[{"embeddable":true,"href":"https:\/\/senoticias.com.br\/se\/wp-json\/wp\/v2\/users\/6557"}],"replies":[{"embeddable":true,"href":"https:\/\/senoticias.com.br\/se\/wp-json\/wp\/v2\/comments?post=119662"}],"version-history":[{"count":0,"href":"https:\/\/senoticias.com.br\/se\/wp-json\/wp\/v2\/posts\/119662\/revisions"}],"wp:attachment":[{"href":"https:\/\/senoticias.com.br\/se\/wp-json\/wp\/v2\/media?parent=119662"}],"wp:term":[{"taxonomy":"category","embeddable":true,"href":"https:\/\/senoticias.com.br\/se\/wp-json\/wp\/v2\/categories?post=119662"},{"taxonomy":"post_tag","embeddable":true,"href":"https:\/\/senoticias.com.br\/se\/wp-json\/wp\/v2\/tags?post=119662"}],"curies":[{"name":"wp","href":"https:\/\/api.w.org\/{rel}","templated":true}]}}