{"id":119608,"date":"2019-08-12T17:00:57","date_gmt":"2019-08-12T20:00:57","guid":{"rendered":"https:\/\/senoticias.com.br\/se\/?p=119608"},"modified":"2019-08-12T17:00:57","modified_gmt":"2019-08-12T20:00:57","slug":"tenham-um-pouco-de-paciencia-diz-guedes-sobre-recuperacao-economica","status":"publish","type":"post","link":"https:\/\/senoticias.com.br\/se\/tenham-um-pouco-de-paciencia-diz-guedes-sobre-recuperacao-economica\/","title":{"rendered":"\u201cTenham um pouco de paci\u00eancia\u201d, diz Guedes sobre recupera\u00e7\u00e3o econ\u00f4mica"},"content":{"rendered":"<p style=\"text-align: justify;\">O ministro da Economia, Paulo Guedes, defendeu hoje (12) pol\u00edticas de liberaliza\u00e7\u00e3o econ\u00f4mica e pediu paci\u00eancia para que as reformas comecem a mostrar resultado na recupera\u00e7\u00e3o do pa\u00eds.<\/p>\n<div id=\"attachment_119609\" style=\"width: 560px\" class=\"wp-caption aligncenter\"><a href=\"https:\/\/senoticias.com.br\/se\/wp-content\/uploads\/2019\/08\/mcmgo_abr_12081920442-e1565639946677.jpg\"><img loading=\"lazy\" decoding=\"async\" aria-describedby=\"caption-attachment-119609\" class=\"size-full wp-image-119609\" src=\"https:\/\/senoticias.com.br\/se\/wp-content\/uploads\/2019\/08\/mcmgo_abr_12081920442-e1565639946677.jpg\" alt=\"\" width=\"550\" height=\"367\" \/><\/a><p id=\"caption-attachment-119609\" class=\"wp-caption-text\">O Ministro da Economia, Paulo Guedes, durante o Semin\u00e1rio Declara\u00e7\u00e3o de Direitos de Liberdade Econ\u00f4mica &#8211; Debates sobre a MP 881\/19.<\/p><\/div>\n<p style=\"text-align: justify;\">\u201cD\u00ea um ano ou dois, d\u00ea um governo, d\u00ea uma chance de um governo de quatro anos para a liberal-democracia. N\u00e3o trabalhem contra o Brasil, tenham um pouco de paci\u00eancia\u201d, disse Guedes durante um semin\u00e1rio sobre a Medida Provis\u00f3ria da Liberdade Econ\u00f4mica (MP 811\/2019) no Superior Tribunal de Justi\u00e7a (STJ), em Bras\u00edlia.Em sua fala, Guedes fez uma longa defesa de pol\u00edticas liberais contra o \u201catraso cognitivo\u201d que, segundo ele, nos \u00faltimos 30 anos de social-democracia, levou o Brasil de uma economia din\u00e2mica \u00e0 estagna\u00e7\u00e3o. \u201cEspera quatro anos, vamos ver se melhora um pouco, nos deem chance de trabalhar tamb\u00e9m\u201d, afirmou.<\/p>\n<p style=\"text-align: justify;\">MP da Liberdade Econ\u00f4mica<br \/>\nO ministro defendeu tr\u00eas pontos que julga cruciais na MP de Liberdade Econ\u00f4mica: a redu\u00e7\u00e3o da burocracia para quem deseja empreender, a limita\u00e7\u00e3o de \u201cabusos do Estado\u201d em sua interven\u00e7\u00e3o do ambiente econ\u00f4mico e a garantia da seguran\u00e7a jur\u00eddica de contratos.A MP 811 est\u00e1 prevista para ser votada na ter\u00e7a-feira (13) no plen\u00e1rio da C\u00e2mara. O relator da mat\u00e9ria, deputado Jer\u00f4nimo Goergen (PP-RS), tamb\u00e9m presente ao semin\u00e1rio no STJ, disse ao chegar ter feito altera\u00e7\u00f5es no texto \u201cpara diminuir atritos\u201d. Segundo ele, \u201co texto continua aberto e novos pontos podem voltar e sair at\u00e9 amanh\u00e3\u201d.<\/p>\n<p style=\"text-align: justify;\">\u201cEstamos ajustando ainda aquilo que possa ficar mais perto de gerar menos pol\u00eamica para a aprova\u00e7\u00e3o em plen\u00e1rio\u201d, disse Goergen em sua fala na abertura do semin\u00e1rio, em que chegou a \u201cpedir desculpas ao presidente Jair Bolsonaro\u201d pelo resultado do trabalho \u201cn\u00e3o ser aquilo que muitos considerariam ideal\u201d.<\/p>\n<p style=\"text-align: justify;\">Ap\u00f3s receber 301 emendas, das quais 126 foram acolhidas integral ou parcialmente pelo relator, a MP 811 foi aprovada em 11 de julho na comiss\u00e3o mista do Congresso formada para apreci\u00e1-la. A medida provis\u00f3ria perde a validade no dia 10 de setembro, caso n\u00e3o seja votada no plen\u00e1rio de C\u00e2mara e Senado at\u00e9 essa data.<\/p>\n<p style=\"text-align: justify;\">A MP trata de diversos assuntos. Entre outras medidas, o texto estabelece garantias para o livre mercado, prev\u00ea imunidade burocr\u00e1tica para startups e extingue o Fundo Soberano do Brasil. A medida provis\u00f3ria prev\u00ea ainda a regulamenta\u00e7\u00e3o do trabalho aos domingos e feriados, entre outras altera\u00e7\u00f5es trabalhistas, como a ado\u00e7\u00e3o da carteira de trabalho digital.<\/p>\n<p>&nbsp;<\/p>\n<p>Por Ag\u00eancia Brasil<\/p>\n<p><a href=\"https:\/\/senoticias.com.br\/se\/wp-content\/uploads\/2019\/07\/Logo-novo-fone.jpg\"><img loading=\"lazy\" decoding=\"async\" class=\"aligncenter size-full wp-image-119415\" src=\"https:\/\/senoticias.com.br\/se\/wp-content\/uploads\/2019\/07\/Logo-novo-fone.jpg\" alt=\"\" width=\"599\" height=\"78\" srcset=\"https:\/\/senoticias.com.br\/se\/wp-content\/uploads\/2019\/07\/Logo-novo-fone.jpg 599w, https:\/\/senoticias.com.br\/se\/wp-content\/uploads\/2019\/07\/Logo-novo-fone-300x39.jpg 300w\" sizes=\"(max-width: 599px) 100vw, 599px\" \/><\/a><\/p>\n<p>&nbsp;<\/p>\n<p><em><b>Acompanhe o SE Not\u00edcias no\u00a0<\/b><a href=\"https:\/\/twitter.com\/Senoticias\" target=\"_blank\" rel=\"noopener\"><b>Twitter<\/b><\/a><strong>,\u00a0<\/strong><a href=\"https:\/\/www.facebook.com\/senoticias1\" target=\"_blank\" rel=\"noopener\"><b>Facebook\u00a0<\/b><\/a><strong>e no\u00a0<\/strong><a href=\"https:\/\/www.instagram.com\/senoticias\/\" target=\"_blank\" rel=\"noopener\"><b>Instagram<\/b><\/a><\/em><\/p>\n","protected":false},"excerpt":{"rendered":"<p>O ministro da Economia, Paulo Guedes, defendeu hoje (12) pol\u00edticas de liberaliza\u00e7\u00e3o econ\u00f4mica e pediu paci\u00eancia para que as reformas comecem a mostrar resultado na recupera\u00e7\u00e3o do pa\u00eds. \u201cD\u00ea um ano ou dois, d\u00ea um governo, d\u00ea uma chance de um governo de quatro anos para a liberal-democracia. N\u00e3o trabalhem contra o Brasil, tenham um [&hellip;]<\/p>\n","protected":false},"author":6557,"featured_media":0,"comment_status":"closed","ping_status":"closed","sticky":false,"template":"","format":"standard","meta":{"footnotes":""},"categories":[7048,15],"tags":[10983,12767],"class_list":{"0":"post-119608","1":"post","2":"type-post","3":"status-publish","4":"format-standard","6":"category-brasil","7":"category-destaques","8":"tag-economica","9":"tag-guedes"},"_links":{"self":[{"href":"https:\/\/senoticias.com.br\/se\/wp-json\/wp\/v2\/posts\/119608"}],"collection":[{"href":"https:\/\/senoticias.com.br\/se\/wp-json\/wp\/v2\/posts"}],"about":[{"href":"https:\/\/senoticias.com.br\/se\/wp-json\/wp\/v2\/types\/post"}],"author":[{"embeddable":true,"href":"https:\/\/senoticias.com.br\/se\/wp-json\/wp\/v2\/users\/6557"}],"replies":[{"embeddable":true,"href":"https:\/\/senoticias.com.br\/se\/wp-json\/wp\/v2\/comments?post=119608"}],"version-history":[{"count":0,"href":"https:\/\/senoticias.com.br\/se\/wp-json\/wp\/v2\/posts\/119608\/revisions"}],"wp:attachment":[{"href":"https:\/\/senoticias.com.br\/se\/wp-json\/wp\/v2\/media?parent=119608"}],"wp:term":[{"taxonomy":"category","embeddable":true,"href":"https:\/\/senoticias.com.br\/se\/wp-json\/wp\/v2\/categories?post=119608"},{"taxonomy":"post_tag","embeddable":true,"href":"https:\/\/senoticias.com.br\/se\/wp-json\/wp\/v2\/tags?post=119608"}],"curies":[{"name":"wp","href":"https:\/\/api.w.org\/{rel}","templated":true}]}}