{"id":119595,"date":"2019-08-12T09:43:53","date_gmt":"2019-08-12T12:43:53","guid":{"rendered":"https:\/\/senoticias.com.br\/se\/?p=119595"},"modified":"2019-08-12T15:43:14","modified_gmt":"2019-08-12T18:43:14","slug":"prefeitura-de-sao-cristovao-anuncia-dois-novos-secretarios-municipais","status":"publish","type":"post","link":"https:\/\/senoticias.com.br\/se\/prefeitura-de-sao-cristovao-anuncia-dois-novos-secretarios-municipais\/","title":{"rendered":"Prefeitura de S\u00e3o Crist\u00f3v\u00e3o anuncia dois novos secret\u00e1rios municipais"},"content":{"rendered":"<p style=\"text-align: justify;\">Na manh\u00e3 desta segunda-feira, 12, a Prefeitura de S\u00e3o Crist\u00f3v\u00e3o anunciou dois novos secret\u00e1rios que passam a integrar a equipe de governo do prefeito Marcos Santana.<\/p>\n<div id=\"attachment_119596\" style=\"width: 609px\" class=\"wp-caption aligncenter\"><a href=\"https:\/\/senoticias.com.br\/se\/wp-content\/uploads\/2019\/08\/WhatsApp-Image-2019-08-12-at-09.19.40-e1565613670972.jpeg\"><img loading=\"lazy\" decoding=\"async\" aria-describedby=\"caption-attachment-119596\" class=\"size-full wp-image-119596\" src=\"https:\/\/senoticias.com.br\/se\/wp-content\/uploads\/2019\/08\/WhatsApp-Image-2019-08-12-at-09.19.40-e1565613670972.jpeg\" alt=\"\" width=\"599\" height=\"398\" \/><\/a><p id=\"caption-attachment-119596\" class=\"wp-caption-text\">O prefeito Marcos Santana iniciou a semana com novidades no secretariado (foto: Dane Santos\/PMSC)<\/p><\/div>\n<p style=\"text-align: justify;\">O vereador <a href=\"https:\/\/senoticias.com.br\/se\/vereador-irmao-gibson-assume-secretaria-na-administracao-de-marcos-santana\/\"><strong>Irm\u00e3o Gibson<\/strong><\/a>, que iria para a Secretaria de Assuntos Parlamentares, assume a Secretaria de Esportes, ocupada por Adailton Silva, o qual, por sua vez, sai da supl\u00eancia e senta-se \u00e0 cadeira de vereador.<\/p>\n<p style=\"text-align: justify;\">J\u00e1 a Secretaria de Assuntos Parlamentares ir\u00e1 para o vereador Rege do Rosa Maria (PSDB). A decis\u00e3o vai fortalecer a rela\u00e7\u00e3o da Prefeitura com o legislativo, promovendo um estreitamento dos la\u00e7os com os vereadores da cidade.<\/p>\n<p style=\"text-align: justify;\">Quem assume a vaga do vereador Rege \u00e9 o suplente Jos\u00e9 Edinaldo dos Santos 41 anos (PRP), conhecido como Nal do Maria do Carmo III.<\/p>\n<p style=\"text-align: justify;\">Na \u00faltima semana, o prefeito chegou a confirmar Irm\u00e3o Gibson na Secretaria de Assuntos Parlamentares. Diante da resposta positiva do vereador Rege do Rosa Maria para se somar \u00e0 gest\u00e3o, Marcos Santana, em conversa com os dois parlamentares, readequou a escolha de acordo com o perfil dos novos secret\u00e1rios.<\/p>\n<p><strong>Hist\u00f3rico Irm\u00e3o Gibson<\/strong><\/p>\n<p style=\"text-align: justify;\">Vereador Gibson Rodrigues da Cruz atualmente \u00e9 filiado a PSC. Natural de Aracaju, ele reside em S\u00e3o Crist\u00f3v\u00e3o h\u00e1 25 anos. Casado, pai de tr\u00eas filhos e com duas netas, Gibson pretende mudar de partido no pr\u00f3ximo ano para disputar o quarto mandato como vereador. Segundo ele, a sigla a qual ir\u00e1 se filiar ser\u00e1 discutido com o prefeito Marcos Santana.<\/p>\n<p style=\"text-align: justify;\">Gibson assumiu o primeiro mandato em 2008, reelegendo-se em 2012 e em 2016. Servidor p\u00fablico estadual da Sa\u00fade, o novo secret\u00e1rio de Esportes atuou como gerente de transporte do Samu Estadual. Com forma\u00e7\u00e3o em topografia e t\u00e9cnica em edifica\u00e7\u00f5es, ele cursa gest\u00e3o P\u00fablica em Sa\u00fade. \u201cEsporte \u00e9 inclus\u00e3o social. Atendendo o plano de governo de Marcos Santana, estamos confiantes que conseguiremos promover a atividade esportiva como inclus\u00e3o e como lazer para nossos jovens. O convite do prefeito e um desafio que encaramos com determina\u00e7\u00e3o\u201d, declarou.<\/p>\n<p><strong>Hist\u00f3rico Rege do Rosa Maria<\/strong><\/p>\n<p style=\"text-align: justify;\">Jos\u00e9 Reginaldo Nascimento Santos, 48 anos, \u00e9 servidor p\u00fablico estadual e mora no grande Rosa Elze h\u00e1 mais de 30 anos. Filiado ao PSDB, est\u00e1 no segundo mandato de vereador e recebeu com boa expectativa o convite para assumir a Secretaria de Assuntos Parlamentares. \u201cRecebi com muita satisfa\u00e7\u00e3o o convite do prefeito Marcos Santana para assumir esse novo desafio. Trabalharemos pela amplia\u00e7\u00e3o do di\u00e1logo entre o que \u00e9 discutido na C\u00e2mara, pelos colegas vereadores, e o que a gest\u00e3o pode realizar\u201d. Disse.<\/p>\n<p><a href=\"https:\/\/senoticias.com.br\/se\/wp-content\/uploads\/2019\/07\/Logo-novo-fone.jpg\"><img loading=\"lazy\" decoding=\"async\" class=\"aligncenter size-full wp-image-119415\" src=\"https:\/\/senoticias.com.br\/se\/wp-content\/uploads\/2019\/07\/Logo-novo-fone.jpg\" alt=\"\" width=\"599\" height=\"78\" srcset=\"https:\/\/senoticias.com.br\/se\/wp-content\/uploads\/2019\/07\/Logo-novo-fone.jpg 599w, https:\/\/senoticias.com.br\/se\/wp-content\/uploads\/2019\/07\/Logo-novo-fone-300x39.jpg 300w\" sizes=\"(max-width: 599px) 100vw, 599px\" \/><\/a><\/p>\n<p>&nbsp;<\/p>\n<p><em>Com informa\u00e7\u00f5es da ascom\/PMSC<\/em><\/p>\n<p><em><b>Acompanhe o SE Not\u00edcias no\u00a0<\/b><a href=\"https:\/\/twitter.com\/Senoticias\" target=\"_blank\" rel=\"noopener\"><b>Twitter<\/b><\/a><strong>,\u00a0<\/strong><a href=\"https:\/\/www.facebook.com\/senoticias1\" target=\"_blank\" rel=\"noopener\"><b>Facebook\u00a0<\/b><\/a><strong>e no\u00a0<\/strong><a href=\"https:\/\/www.instagram.com\/senoticias\/\" target=\"_blank\" rel=\"noopener\"><b>Instagram<\/b><\/a><\/em><\/p>\n","protected":false},"excerpt":{"rendered":"<p>Na manh\u00e3 desta segunda-feira, 12, a Prefeitura de S\u00e3o Crist\u00f3v\u00e3o anunciou dois novos secret\u00e1rios que passam a integrar a equipe de governo do prefeito Marcos Santana. O vereador Irm\u00e3o Gibson, que iria para a Secretaria de Assuntos Parlamentares, assume a Secretaria de Esportes, ocupada por Adailton Silva, o qual, por sua vez, sai da supl\u00eancia [&hellip;]<\/p>\n","protected":false},"author":6552,"featured_media":119596,"comment_status":"closed","ping_status":"closed","sticky":false,"template":"","format":"standard","meta":{"footnotes":""},"categories":[15,6],"tags":[9569,1498,335],"class_list":{"0":"post-119595","1":"post","2":"type-post","3":"status-publish","4":"format-standard","5":"has-post-thumbnail","7":"category-destaques","8":"category-politica","9":"tag-cidade-mae-de-sergipe","10":"tag-marcos-santana","11":"tag-sao-cristovao"},"_links":{"self":[{"href":"https:\/\/senoticias.com.br\/se\/wp-json\/wp\/v2\/posts\/119595"}],"collection":[{"href":"https:\/\/senoticias.com.br\/se\/wp-json\/wp\/v2\/posts"}],"about":[{"href":"https:\/\/senoticias.com.br\/se\/wp-json\/wp\/v2\/types\/post"}],"author":[{"embeddable":true,"href":"https:\/\/senoticias.com.br\/se\/wp-json\/wp\/v2\/users\/6552"}],"replies":[{"embeddable":true,"href":"https:\/\/senoticias.com.br\/se\/wp-json\/wp\/v2\/comments?post=119595"}],"version-history":[{"count":0,"href":"https:\/\/senoticias.com.br\/se\/wp-json\/wp\/v2\/posts\/119595\/revisions"}],"wp:featuredmedia":[{"embeddable":true,"href":"https:\/\/senoticias.com.br\/se\/wp-json\/wp\/v2\/media\/119596"}],"wp:attachment":[{"href":"https:\/\/senoticias.com.br\/se\/wp-json\/wp\/v2\/media?parent=119595"}],"wp:term":[{"taxonomy":"category","embeddable":true,"href":"https:\/\/senoticias.com.br\/se\/wp-json\/wp\/v2\/categories?post=119595"},{"taxonomy":"post_tag","embeddable":true,"href":"https:\/\/senoticias.com.br\/se\/wp-json\/wp\/v2\/tags?post=119595"}],"curies":[{"name":"wp","href":"https:\/\/api.w.org\/{rel}","templated":true}]}}