{"id":119542,"date":"2019-08-07T07:48:30","date_gmt":"2019-08-07T10:48:30","guid":{"rendered":"https:\/\/senoticias.com.br\/se\/?p=119542"},"modified":"2019-08-07T07:48:30","modified_gmt":"2019-08-07T10:48:30","slug":"fames-e-undime-discutem-parcerias-para-fortalecer-educacao-nos-municipios","status":"publish","type":"post","link":"https:\/\/senoticias.com.br\/se\/fames-e-undime-discutem-parcerias-para-fortalecer-educacao-nos-municipios\/","title":{"rendered":"Fames e Undime discutem parcerias para fortalecer educa\u00e7\u00e3o nos munic\u00edpios"},"content":{"rendered":"<p style=\"text-align: justify;\">Na manh\u00e3 da \u00faltima ter\u00e7a-feira, 06, na sede da Federa\u00e7\u00e3o dos Munic\u00edpios do Estado de Sergipe (Fames), em Aracaju, aconteceu uma reuni\u00e3o entre o presidente da Undime, Thiago Alves de Carvalho e o presidente da Fames, Christiano Cavalcante.<\/p>\n<div id=\"attachment_119543\" style=\"width: 560px\" class=\"wp-caption aligncenter\"><a href=\"https:\/\/senoticias.com.br\/se\/wp-content\/uploads\/2019\/08\/a8f4060e-87b4-4644-8449-87a730d516e1-e1565174799691.jpg\"><img loading=\"lazy\" decoding=\"async\" aria-describedby=\"caption-attachment-119543\" class=\"size-full wp-image-119543\" src=\"https:\/\/senoticias.com.br\/se\/wp-content\/uploads\/2019\/08\/a8f4060e-87b4-4644-8449-87a730d516e1-e1565174799691.jpg\" alt=\"\" width=\"550\" height=\"413\" \/><\/a><p id=\"caption-attachment-119543\" class=\"wp-caption-text\">Foto: ASCOM\/FAMES<\/p><\/div>\n<p style=\"text-align: justify;\">O encontro teve como intuito fortalecer a parceria entre as duas institui\u00e7\u00f5es, buscando uma melhor maneira para que os munic\u00edpios possam ofertar uma educa\u00e7\u00e3o com mais qualidade \u00e0 popula\u00e7\u00e3o.<\/p>\n<p style=\"text-align: justify;\">Durante o encontro, Christiano salientou que buscar\u00e1 realizar consultas com o Tribunal de Contas do Estado de Sergipe (TCE), para estudar e formular um plano que possa ajudar os munic\u00edpios a usarem os recursos da Educa\u00e7\u00e3o da melhor forma.<\/p>\n<p style=\"text-align: justify;\">\u201cQueremos expandir os recursos da Educa\u00e7\u00e3o para alguns servi\u00e7os prestados \u00e0 comunidade. Al\u00e9m do Tribunal de Contas, estamos tamb\u00e9m trazendo um especialista para montarmos um plano de um novo estatuto para o magist\u00e9rio com foco na meritocracia, ou seja, valorizando os servidores que realmente est\u00e3o dedicados a ofertar uma educa\u00e7\u00e3o de qualidade\u201d, argumentou o presidente.<\/p>\n<p style=\"text-align: justify;\">\nJ\u00e1 o presidente da Undime salientou que esse novo estatuto se aplicar\u00e1 apenas aos novos concursados. \u201cOs profissionais da educa\u00e7\u00e3o que j\u00e1 atuam atrav\u00e9s de concurso p\u00fablico n\u00e3o ter\u00e3o altera\u00e7\u00e3o nenhuma\u201d, explicou Thiago Alves de Carvalho.<\/p>\n<p style=\"text-align: justify;\">POR ASCOM\/FAMES<\/p>\n<p>&nbsp;<\/p>\n<p><a href=\"https:\/\/senoticias.com.br\/se\/wp-content\/uploads\/2019\/07\/Logo-novo-fone.jpg\"><img loading=\"lazy\" decoding=\"async\" class=\"aligncenter size-full wp-image-119415\" src=\"https:\/\/senoticias.com.br\/se\/wp-content\/uploads\/2019\/07\/Logo-novo-fone.jpg\" alt=\"\" width=\"599\" height=\"78\" srcset=\"https:\/\/senoticias.com.br\/se\/wp-content\/uploads\/2019\/07\/Logo-novo-fone.jpg 599w, https:\/\/senoticias.com.br\/se\/wp-content\/uploads\/2019\/07\/Logo-novo-fone-300x39.jpg 300w\" sizes=\"(max-width: 599px) 100vw, 599px\" \/><\/a><\/p>\n<p>&nbsp;<\/p>\n<p><em><b>Acompanhe o SE Not\u00edcias no\u00a0<\/b><a href=\"https:\/\/twitter.com\/Senoticias\" target=\"_blank\" rel=\"noopener\"><b>Twitter<\/b><\/a><strong>,\u00a0<\/strong><a href=\"https:\/\/www.facebook.com\/senoticias1\" target=\"_blank\" rel=\"noopener\"><b>Facebook\u00a0<\/b><\/a><strong>e no\u00a0<\/strong><a href=\"https:\/\/www.instagram.com\/senoticias\/\" target=\"_blank\" rel=\"noopener\"><b>Instagram<\/b><\/a><\/em><\/p>\n","protected":false},"excerpt":{"rendered":"<p>Na manh\u00e3 da \u00faltima ter\u00e7a-feira, 06, na sede da Federa\u00e7\u00e3o dos Munic\u00edpios do Estado de Sergipe (Fames), em Aracaju, aconteceu uma reuni\u00e3o entre o presidente da Undime, Thiago Alves de Carvalho e o presidente da Fames, Christiano Cavalcante. O encontro teve como intuito fortalecer a parceria entre as duas institui\u00e7\u00f5es, buscando uma melhor maneira para [&hellip;]<\/p>\n","protected":false},"author":6557,"featured_media":0,"comment_status":"closed","ping_status":"closed","sticky":false,"template":"","format":"standard","meta":{"footnotes":""},"categories":[15,38],"tags":[2690,12739,56,12738],"class_list":{"0":"post-119542","1":"post","2":"type-post","3":"status-publish","4":"format-standard","6":"category-destaques","7":"category-municipios","8":"tag-fames","9":"tag-fortalecer","10":"tag-municipios-2","11":"tag-undime"},"_links":{"self":[{"href":"https:\/\/senoticias.com.br\/se\/wp-json\/wp\/v2\/posts\/119542"}],"collection":[{"href":"https:\/\/senoticias.com.br\/se\/wp-json\/wp\/v2\/posts"}],"about":[{"href":"https:\/\/senoticias.com.br\/se\/wp-json\/wp\/v2\/types\/post"}],"author":[{"embeddable":true,"href":"https:\/\/senoticias.com.br\/se\/wp-json\/wp\/v2\/users\/6557"}],"replies":[{"embeddable":true,"href":"https:\/\/senoticias.com.br\/se\/wp-json\/wp\/v2\/comments?post=119542"}],"version-history":[{"count":0,"href":"https:\/\/senoticias.com.br\/se\/wp-json\/wp\/v2\/posts\/119542\/revisions"}],"wp:attachment":[{"href":"https:\/\/senoticias.com.br\/se\/wp-json\/wp\/v2\/media?parent=119542"}],"wp:term":[{"taxonomy":"category","embeddable":true,"href":"https:\/\/senoticias.com.br\/se\/wp-json\/wp\/v2\/categories?post=119542"},{"taxonomy":"post_tag","embeddable":true,"href":"https:\/\/senoticias.com.br\/se\/wp-json\/wp\/v2\/tags?post=119542"}],"curies":[{"name":"wp","href":"https:\/\/api.w.org\/{rel}","templated":true}]}}