{"id":119534,"date":"2019-08-06T16:02:23","date_gmt":"2019-08-06T19:02:23","guid":{"rendered":"https:\/\/senoticias.com.br\/se\/?p=119534"},"modified":"2019-08-06T16:09:56","modified_gmt":"2019-08-06T19:09:56","slug":"prefeito-assina-contrato-para-realizacao-de-concurso-publico-em-sao-cristovao","status":"publish","type":"post","link":"https:\/\/senoticias.com.br\/se\/prefeito-assina-contrato-para-realizacao-de-concurso-publico-em-sao-cristovao\/","title":{"rendered":"Prefeito assina contrato para realiza\u00e7\u00e3o de concurso p\u00fablico em S\u00e3o Crist\u00f3v\u00e3o"},"content":{"rendered":"<p style=\"font-weight: 400; text-align: justify;\">A prefeitura Municipal de S\u00e3o Crist\u00f3v\u00e3o ir\u00e1 realizar concurso para magist\u00e9rio este ano. A assinatura de contrato com a empresa realizadora do certame ser\u00e1 nesta quinta-feira (08), \u00e0s 10 horas, no Pa\u00e7o Municipal, com a presen\u00e7a do prefeito Marcos Santana e da secret\u00e1ria de Educa\u00e7\u00e3o, Quit\u00e9ria Barros, e representante da Cebrasp\/UNB, empresa respons\u00e1vel pelo certame.<\/p>\n<div id=\"attachment_91463\" style=\"width: 609px\" class=\"wp-caption alignnone\"><a href=\"https:\/\/senoticias.com.br\/se\/wp-content\/uploads\/2016\/05\/Governo-do-Estado-nomeia-151-professores-e1462529419945.jpg\"><img loading=\"lazy\" decoding=\"async\" aria-describedby=\"caption-attachment-91463\" class=\"size-full wp-image-91463\" src=\"https:\/\/senoticias.com.br\/se\/wp-content\/uploads\/2016\/05\/Governo-do-Estado-nomeia-151-professores-e1462529419945.jpg\" alt=\"\" width=\"599\" height=\"397\" \/><\/a><p id=\"caption-attachment-91463\" class=\"wp-caption-text\">O \u00faltimo concurso para magist\u00e9rio de S\u00e3o Crist\u00f3v\u00e3o foi realizado em 2001 (foto: Ascom\/Seed)<\/p><\/div>\n<p style=\"font-weight: 400; text-align: justify;\">O \u00faltimo concurso para magist\u00e9rio foi realizado em 2001. Todas as etapas ser\u00e3o realizadas ainda este ano para que os aprovados ingressem no servi\u00e7o p\u00fablico no ano letivo de 2020. A carga hor\u00e1ria \u00e9 de 160 horas mensais com remunera\u00e7\u00e3o com base no Piso do Magist\u00e9rio proporcional com a carga hor\u00e1ria.<\/p>\n<p style=\"font-weight: 400; text-align: justify;\">De acordo com a Secretaria Municipal de Educa\u00e7\u00e3o (Semed), a maior parte das vagas ser\u00e1 destinada para licenciatura em pedagogia, maior demanda da rede. Ser\u00e1 divulgado cronograma com as etapas do concurso.<\/p>\n<p style=\"font-weight: 400; text-align: justify;\"><strong>O qu\u00ea-<\/strong> Assinatura de contrato para realiza\u00e7\u00e3o de concurso do Magist\u00e9rio;<\/p>\n<p style=\"font-weight: 400; text-align: justify;\"><strong>Quando-<\/strong> Nesta quinta-feira, dia 08, \u00e0s 10 horas;<\/p>\n<p style=\"font-weight: 400; text-align: justify;\"><strong>Onde-<\/strong> Pa\u00e7o Municipal, localizado na Pra\u00e7a S\u00e3o Francisco, Centro Hist\u00f3rico de S\u00e3o Crist\u00f3v\u00e3o.<\/p>\n<p>&nbsp;<\/p>\n<p>&nbsp;<\/p>\n<p><a href=\"https:\/\/senoticias.com.br\/se\/wp-content\/uploads\/2019\/07\/Logo-novo-fone.jpg\"><img loading=\"lazy\" decoding=\"async\" class=\"alignnone size-full wp-image-119415\" src=\"https:\/\/senoticias.com.br\/se\/wp-content\/uploads\/2019\/07\/Logo-novo-fone.jpg\" alt=\"\" width=\"599\" height=\"78\" srcset=\"https:\/\/senoticias.com.br\/se\/wp-content\/uploads\/2019\/07\/Logo-novo-fone.jpg 599w, https:\/\/senoticias.com.br\/se\/wp-content\/uploads\/2019\/07\/Logo-novo-fone-300x39.jpg 300w\" sizes=\"(max-width: 599px) 100vw, 599px\" \/><\/a><\/p>\n<p>&nbsp;<\/p>\n<p><em><b>Acompanhe o SE Not\u00edcias no\u00a0<\/b><a href=\"https:\/\/twitter.com\/Senoticias\" target=\"_blank\" rel=\"noopener\"><b>Twitter<\/b><\/a><strong>,\u00a0<\/strong><a href=\"https:\/\/www.facebook.com\/senoticias1\" target=\"_blank\" rel=\"noopener\"><b>Facebook\u00a0<\/b><\/a><strong>e no\u00a0<\/strong><a href=\"https:\/\/www.instagram.com\/senoticias\/\" target=\"_blank\" rel=\"noopener\"><b>Instagram<\/b><\/a><\/em><\/p>\n<p><em>Com informa\u00e7\u00f5es da ascom\/S\u00e3o Crist\u00f3v\u00e3o<\/em><\/p>\n","protected":false},"excerpt":{"rendered":"<p>A prefeitura Municipal de S\u00e3o Crist\u00f3v\u00e3o ir\u00e1 realizar concurso para magist\u00e9rio este ano. A assinatura de contrato com a empresa realizadora do certame ser\u00e1 nesta quinta-feira (08), \u00e0s 10 horas, no Pa\u00e7o Municipal, com a presen\u00e7a do prefeito Marcos Santana e da secret\u00e1ria de Educa\u00e7\u00e3o, Quit\u00e9ria Barros, e representante da Cebrasp\/UNB, empresa respons\u00e1vel pelo certame. [&hellip;]<\/p>\n","protected":false},"author":6552,"featured_media":91463,"comment_status":"closed","ping_status":"closed","sticky":false,"template":"","format":"standard","meta":{"footnotes":""},"categories":[9,15,1],"tags":[12732,12731,12312,12730,12729],"class_list":{"0":"post-119534","1":"post","2":"type-post","3":"status-publish","4":"format-standard","5":"has-post-thumbnail","7":"category-concursos","8":"category-destaques","9":"category-sem-categoria","10":"tag-concurso-professor","11":"tag-concurso-sao-cristovao","12":"tag-prefeitura-municipal-de-sao-cristovao","13":"tag-secretaria-municipal-de-educacao","14":"tag-semed"},"_links":{"self":[{"href":"https:\/\/senoticias.com.br\/se\/wp-json\/wp\/v2\/posts\/119534"}],"collection":[{"href":"https:\/\/senoticias.com.br\/se\/wp-json\/wp\/v2\/posts"}],"about":[{"href":"https:\/\/senoticias.com.br\/se\/wp-json\/wp\/v2\/types\/post"}],"author":[{"embeddable":true,"href":"https:\/\/senoticias.com.br\/se\/wp-json\/wp\/v2\/users\/6552"}],"replies":[{"embeddable":true,"href":"https:\/\/senoticias.com.br\/se\/wp-json\/wp\/v2\/comments?post=119534"}],"version-history":[{"count":0,"href":"https:\/\/senoticias.com.br\/se\/wp-json\/wp\/v2\/posts\/119534\/revisions"}],"wp:featuredmedia":[{"embeddable":true,"href":"https:\/\/senoticias.com.br\/se\/wp-json\/wp\/v2\/media\/91463"}],"wp:attachment":[{"href":"https:\/\/senoticias.com.br\/se\/wp-json\/wp\/v2\/media?parent=119534"}],"wp:term":[{"taxonomy":"category","embeddable":true,"href":"https:\/\/senoticias.com.br\/se\/wp-json\/wp\/v2\/categories?post=119534"},{"taxonomy":"post_tag","embeddable":true,"href":"https:\/\/senoticias.com.br\/se\/wp-json\/wp\/v2\/tags?post=119534"}],"curies":[{"name":"wp","href":"https:\/\/api.w.org\/{rel}","templated":true}]}}