{"id":119509,"date":"2019-08-05T10:00:54","date_gmt":"2019-08-05T13:00:54","guid":{"rendered":"https:\/\/senoticias.com.br\/se\/?p=119509"},"modified":"2019-08-05T20:23:18","modified_gmt":"2019-08-05T23:23:18","slug":"sindicalistas-ocupam-terminais-contra-a-reforma-da-previdencia-social","status":"publish","type":"post","link":"https:\/\/senoticias.com.br\/se\/sindicalistas-ocupam-terminais-contra-a-reforma-da-previdencia-social\/","title":{"rendered":"Sindicalistas ocupam terminais contra a reforma da previd\u00eancia social"},"content":{"rendered":"<p style=\"text-align: justify;\">Sindicalistas sergipanos se uniram e criaram equipes de mobiliza\u00e7\u00e3o que est\u00e3o realizando manifesta\u00e7\u00f5es nos terminais de integra\u00e7\u00e3o do sistema de transporte coletivo, em Aracaju. O ato movimentou os terminais na manh\u00e3 desta segunda-feira, 5, em um \u2018grito\u2019 contra a reforma da previd\u00eancia social, cuja proposta de iniciativa do Poder Executivo tramita no Congresso Nacional.Os manifestantes distribu\u00edram panfleto destacando pontos primordiais, que, na opini\u00e3o dos l\u00edderes sindicais, afetam diretamente a classe trabalhadora e exibiram a foto e o nome dos cinco deputados federais da bancada sergipana que j\u00e1 declararam voto favor\u00e1vel \u00e0 reforma. \u201cPress\u00e3o neles para mudar o voto\u201d, destaca o panfleto. O presidente da Central \u00danica dos Trabalhadores (CUT), Rubens Marques, o Dudu da CUT, explica que os manifestantes tentaram encontrar os parlamentares no aeroporto \u00e0s 4h da madrugada desta segunda-feira, 5, hor\u00e1rio, segundo Dudu da CUT, que os parlamentares da bancada federal costumam viajar \u00e0s segundas-feiras.<\/p>\n<div id=\"attachment_119521\" style=\"width: 560px\" class=\"wp-caption alignnone\"><a href=\"https:\/\/senoticias.com.br\/se\/wp-content\/uploads\/2019\/08\/cartaz_contra_reforma_previdencia_ato_05082019.jpg\"><img loading=\"lazy\" decoding=\"async\" aria-describedby=\"caption-attachment-119521\" class=\"size-full wp-image-119521\" src=\"https:\/\/senoticias.com.br\/se\/wp-content\/uploads\/2019\/08\/cartaz_contra_reforma_previdencia_ato_05082019.jpg\" alt=\"\" width=\"550\" height=\"330\" srcset=\"https:\/\/senoticias.com.br\/se\/wp-content\/uploads\/2019\/08\/cartaz_contra_reforma_previdencia_ato_05082019.jpg 550w, https:\/\/senoticias.com.br\/se\/wp-content\/uploads\/2019\/08\/cartaz_contra_reforma_previdencia_ato_05082019-300x180.jpg 300w\" sizes=\"(max-width: 550px) 100vw, 550px\" \/><\/a><p id=\"caption-attachment-119521\" class=\"wp-caption-text\">Sindicalistas exp\u00f5es cartazes e distribuem panfletos nos terminais (Fotos: Portal Infonet)<\/p><\/div>\n<p style=\"text-align: justify;\">Mas quando chegaram no aeroporto, conforme relatos do presidente da CUT, os parlamentares j\u00e1 tinham utilizado um outro voo, passando por Campinas, em S\u00e3o Paulo, at\u00e9 chegar em Bras\u00edlia. Segundo Dudu, eles n\u00e3o costumavam pegar esse voo, que saiu de Aracaju \u00e0s 2h. \u201cEles sabiam que a gente iria estar no aeroporto\u201d, diz. \u201cEstamos aqui para acumular for\u00e7as para a batalha final no Senado\u201d, ressalta Dudu, fazendo refer\u00eancia \u00e0 vota\u00e7\u00e3o que ocorrer\u00e1 no Senado.Os manifestantes distribu\u00edram panfletos e perceberam que muita gente acredita que a reforma da previd\u00eancia social seria medida necess\u00e1ria e ben\u00e9fica para a pr\u00f3pria classe trabalhadora. A estudante Luana Beatriz, 19, desconhece completamente o debate e disse que vai procurar informa\u00e7\u00f5es mais profundas para ter uma opini\u00e3o concreta a respeito. \u201cN\u00e3o fa\u00e7o a m\u00ednima ideia\u201d, disse, depois que recebeu o panfleto das m\u00e3os do presidente da CUT.<\/p>\n<p style=\"text-align: justify;\">O sindicalista Pl\u00ednio Plugliesi, coordenador do Sindicato dos Servidores do Poder Judici\u00e1rio do Estado de Sergipe (Sindijus), explica que o ato serve para que as pessoas tenham consci\u00eancia sobre os efeitos que a reforma da previd\u00eancia social trar\u00e1 sobre a vida de cada trabalhador. \u201cEst\u00e3o em jogo quest\u00f5es que envolvem o aumento do tempo de servi\u00e7o, redu\u00e7\u00e3o do valor do sal\u00e1rio benef\u00edcio, dificulta ainda mais o recebimento de pens\u00f5es, do PIS\/Pasep, e traz dificuldades \u00e0s mulheres e servidores p\u00fablicos\u201d, destaca o sindicalista.A expectativa \u00e9 que a C\u00e2mara dos Deputados inicie na ter\u00e7a-feira, 6, os debates no segundo turno de vota\u00e7\u00e3o da Proposta de Emenda Constitucional, que prev\u00ea altera\u00e7\u00f5es no sistema previdenci\u00e1rio que ampara a classe trabalhadora brasileira. Em julho, a C\u00e2mara dos Deputados concluiu o primeiro turno com 379 votos favor\u00e1veis e 131 contra a reforma. Ap\u00f3s a conclus\u00e3o da vota\u00e7\u00e3o na C\u00e2mara dos Deputados, o projeto passa por novo debate no Senado.<\/p>\n<p style=\"text-align: justify;\"><em>por Cassia Santana, do portal Infonet<\/em><\/p>\n<p>&nbsp;<\/p>\n<p><a href=\"https:\/\/senoticias.com.br\/se\/wp-content\/uploads\/2019\/07\/Logo-novo-fone.jpg\"><img loading=\"lazy\" decoding=\"async\" class=\"aligncenter size-full wp-image-119415\" src=\"https:\/\/senoticias.com.br\/se\/wp-content\/uploads\/2019\/07\/Logo-novo-fone.jpg\" alt=\"\" width=\"599\" height=\"78\" srcset=\"https:\/\/senoticias.com.br\/se\/wp-content\/uploads\/2019\/07\/Logo-novo-fone.jpg 599w, https:\/\/senoticias.com.br\/se\/wp-content\/uploads\/2019\/07\/Logo-novo-fone-300x39.jpg 300w\" sizes=\"(max-width: 599px) 100vw, 599px\" \/><\/a><\/p>\n<p><em><b>Acompanhe o SE Not\u00edcias no\u00a0<\/b><a href=\"https:\/\/twitter.com\/Senoticias\" target=\"_blank\" rel=\"noopener\"><b>Twitter<\/b><\/a><strong>,\u00a0<\/strong><a href=\"https:\/\/www.facebook.com\/senoticias1\" target=\"_blank\" rel=\"noopener\"><b>Facebook\u00a0<\/b><\/a><strong>e no\u00a0<\/strong><a href=\"https:\/\/www.instagram.com\/senoticias\/\" target=\"_blank\" rel=\"noopener\"><b>Instagram<\/b><\/a><\/em><\/p>\n","protected":false},"excerpt":{"rendered":"<p>Sindicalistas sergipanos se uniram e criaram equipes de mobiliza\u00e7\u00e3o que est\u00e3o realizando manifesta\u00e7\u00f5es nos terminais de integra\u00e7\u00e3o do sistema de transporte coletivo, em Aracaju. O ato movimentou os terminais na manh\u00e3 desta segunda-feira, 5, em um \u2018grito\u2019 contra a reforma da previd\u00eancia social, cuja proposta de iniciativa do Poder Executivo tramita no Congresso Nacional.Os manifestantes [&hellip;]<\/p>\n","protected":false},"author":6557,"featured_media":119521,"comment_status":"closed","ping_status":"closed","sticky":false,"template":"","format":"standard","meta":{"footnotes":""},"categories":[15,6],"tags":[12720],"class_list":{"0":"post-119509","1":"post","2":"type-post","3":"status-publish","4":"format-standard","5":"has-post-thumbnail","7":"category-destaques","8":"category-politica","9":"tag-sindicalistas-reforma-da-previdencia"},"_links":{"self":[{"href":"https:\/\/senoticias.com.br\/se\/wp-json\/wp\/v2\/posts\/119509"}],"collection":[{"href":"https:\/\/senoticias.com.br\/se\/wp-json\/wp\/v2\/posts"}],"about":[{"href":"https:\/\/senoticias.com.br\/se\/wp-json\/wp\/v2\/types\/post"}],"author":[{"embeddable":true,"href":"https:\/\/senoticias.com.br\/se\/wp-json\/wp\/v2\/users\/6557"}],"replies":[{"embeddable":true,"href":"https:\/\/senoticias.com.br\/se\/wp-json\/wp\/v2\/comments?post=119509"}],"version-history":[{"count":0,"href":"https:\/\/senoticias.com.br\/se\/wp-json\/wp\/v2\/posts\/119509\/revisions"}],"wp:featuredmedia":[{"embeddable":true,"href":"https:\/\/senoticias.com.br\/se\/wp-json\/wp\/v2\/media\/119521"}],"wp:attachment":[{"href":"https:\/\/senoticias.com.br\/se\/wp-json\/wp\/v2\/media?parent=119509"}],"wp:term":[{"taxonomy":"category","embeddable":true,"href":"https:\/\/senoticias.com.br\/se\/wp-json\/wp\/v2\/categories?post=119509"},{"taxonomy":"post_tag","embeddable":true,"href":"https:\/\/senoticias.com.br\/se\/wp-json\/wp\/v2\/tags?post=119509"}],"curies":[{"name":"wp","href":"https:\/\/api.w.org\/{rel}","templated":true}]}}