{"id":119503,"date":"2019-08-04T17:27:04","date_gmt":"2019-08-04T20:27:04","guid":{"rendered":"https:\/\/senoticias.com.br\/se\/?p=119503"},"modified":"2019-08-04T17:48:44","modified_gmt":"2019-08-04T20:48:44","slug":"advogado-suspeito-de-abusar-de-crianca-de-12-anos-em-aracaju-e-encaminhado-para-presidio","status":"publish","type":"post","link":"https:\/\/senoticias.com.br\/se\/advogado-suspeito-de-abusar-de-crianca-de-12-anos-em-aracaju-e-encaminhado-para-presidio\/","title":{"rendered":"Advogado suspeito de abusar de crian\u00e7a de 12 anos em Aracaju \u00e9 encaminhado para pres\u00eddio"},"content":{"rendered":"<p style=\"text-align: justify;\">Ap\u00f3s a pris\u00e3o em flagrante do advogado A.D.J.S., 35 anos, <a href=\"https:\/\/senoticias.com.br\/se\/advogado-preso-por-suspeito-de-abusar-de-uma-crianca-em-supermercado-de-aracaju\/\"><strong>suspeito de abusar de uma crian\u00e7a de 12 anos, neste s\u00e1bado, 3, dentro do banheiro de um supermercado em Aracaju<\/strong><\/a>, teve sua pris\u00e3o em convertida em preventiva.<\/p>\n<p style=\"text-align: justify;\">Segundo informa\u00e7\u00f5es passadas pela m\u00e3e da crian\u00e7a, o flagrante foi feito por um funcion\u00e1rio da limpeza, que estranhou a movimenta\u00e7\u00e3o no banheiro e acionou os seguran\u00e7as do estabelecimento.<\/p>\n<div id=\"attachment_119505\" style=\"width: 610px\" class=\"wp-caption alignnone\"><a href=\"https:\/\/senoticias.com.br\/se\/wp-content\/uploads\/2019\/08\/Presmil-SE-Noticias.jpg\"><img loading=\"lazy\" decoding=\"async\" aria-describedby=\"caption-attachment-119505\" class=\"size-full wp-image-119505\" src=\"https:\/\/senoticias.com.br\/se\/wp-content\/uploads\/2019\/08\/Presmil-SE-Noticias.jpg\" alt=\"\" width=\"600\" height=\"398\" srcset=\"https:\/\/senoticias.com.br\/se\/wp-content\/uploads\/2019\/08\/Presmil-SE-Noticias.jpg 600w, https:\/\/senoticias.com.br\/se\/wp-content\/uploads\/2019\/08\/Presmil-SE-Noticias-300x199.jpg 300w, https:\/\/senoticias.com.br\/se\/wp-content\/uploads\/2019\/08\/Presmil-SE-Noticias-90x60.jpg 90w, https:\/\/senoticias.com.br\/se\/wp-content\/uploads\/2019\/08\/Presmil-SE-Noticias-180x120.jpg 180w, https:\/\/senoticias.com.br\/se\/wp-content\/uploads\/2019\/08\/Presmil-SE-Noticias-95x64.jpg 95w\" sizes=\"(max-width: 600px) 100vw, 600px\" \/><\/a><p id=\"caption-attachment-119505\" class=\"wp-caption-text\">Advogado suspeito de estuprar crian\u00e7a em supermercado est\u00e1 no Presmil. (foto: arquivo\/Aspra)<\/p><\/div>\n<p style=\"text-align: justify;\">A ocorr\u00eancia foi atendida por policiais militares que encaminharam o caso para o Departamento de Atendimento a Grupos Vulner\u00e1veis (DAGV), onde o menor, a fam\u00edlia, os funcion\u00e1rios do supermercado e o suspeito foram ouvidos.<\/p>\n<p style=\"text-align: justify;\">Na manh\u00e3 deste domingo, 4, ocorreu a audi\u00eancia de cust\u00f3dia.<\/p>\n<p style=\"text-align: justify;\"><strong>Veja os detalhes da audi\u00eancia<\/strong><\/p>\n<p style=\"text-align: justify;\">Aos 04 (quatro) dias do m\u00eas de agosto do ano de dois mil e dezenove (2019), na Sala de Audi\u00eancia do Plant\u00e3o Judici\u00e1rio, onde presente se achava o(a) MM. Juiz(a) de Direito, Bruno Laskowski Staczuk, comigo T\u00e9cnico Judici\u00e1rio, que abaixo subscreve. Presente o(a) representante do Minist\u00e9rio P\u00fablico, Carlos Henrique Siqueira Ribeiro, bem como o flagranteado A.D.J.S., acompanhado do seu advogado, Dr. Ant\u00f4nio Magalh\u00e3es Campos Neto (OAB 11044\/SE). Feito o preg\u00e3o, presente o flagranteado, j\u00e1 devidamente qualificado nos autos.<\/p>\n<p>Declarada aberta a audi\u00eancia pelo MM. Juiz.<\/p>\n<p>(\u2026)<\/p>\n<p>Ex vi positis:<\/p>\n<p>I- Ante o exposto, diante do preenchimento dos requisitos material e formais da pris\u00e3o em flagrante, HOMOLOGO o auto de pris\u00e3o em flagrante, no termos do art. 302, inciso I do CPP, converto a pris\u00e3o em flagrante em preventiva do flagranteado A. D. J. S., com espeque na garantia da ordem p\u00fablica, conforme as raz\u00f5es supramencionadas.<\/p>\n<p style=\"text-align: justify;\">Expe\u00e7a-se mandado de pris\u00e3o preventiva em desfavor do flagranteado acima nominado.<\/p>\n<p style=\"text-align: justify;\">Diante da inexist\u00eancia de sala de Estado Maior, determino que o preso seja encaminhado para permanecer custodiado em Sala de Estado-Maior e, em n\u00e3o havendo, em estabelecimento cong\u00eanere, qual seja, o PRESMIL.<\/p>\n<p style=\"text-align: justify;\">Promova-se a comunica\u00e7\u00e3o junto ao \u00d3rg\u00e3o Seccional da OAB\/SE, nos termos do art. 7\u00ba, inciso IV, do Estatuto da Ordem dos Advogados.<\/p>\n<p>II- Ap\u00f3s o regime de plant\u00e3o, remetam-se os autos ao Ju\u00edzo de Direito competente.<\/p>\n<p>Ci\u00eancia ao Minist\u00e9rio P\u00fablico.<br \/>\nDemais comunica\u00e7\u00f5es devidas.<br \/>\nBruno Laskowski Staczuk<br \/>\nJuiz de Direito Plantonista<\/p>\n<p>&nbsp;<\/p>\n<p>&nbsp;<\/p>\n<p><a href=\"https:\/\/senoticias.com.br\/se\/wp-content\/uploads\/2019\/07\/Logo-novo-fone.jpg\"><img loading=\"lazy\" decoding=\"async\" class=\"alignnone size-full wp-image-119415\" src=\"https:\/\/senoticias.com.br\/se\/wp-content\/uploads\/2019\/07\/Logo-novo-fone.jpg\" alt=\"\" width=\"599\" height=\"78\" srcset=\"https:\/\/senoticias.com.br\/se\/wp-content\/uploads\/2019\/07\/Logo-novo-fone.jpg 599w, https:\/\/senoticias.com.br\/se\/wp-content\/uploads\/2019\/07\/Logo-novo-fone-300x39.jpg 300w\" sizes=\"(max-width: 599px) 100vw, 599px\" \/><\/a><\/p>\n<p>&nbsp;<\/p>\n<p><em><b>Acompanhe o SE Not\u00edcias no\u00a0<\/b><a href=\"https:\/\/twitter.com\/Senoticias\" target=\"_blank\" rel=\"noopener\"><b>Twitter<\/b><\/a><strong>,\u00a0<\/strong><a href=\"https:\/\/www.facebook.com\/senoticias1\" target=\"_blank\" rel=\"noopener\"><b>Facebook\u00a0<\/b><\/a><strong>e no\u00a0<\/strong><a href=\"https:\/\/www.instagram.com\/senoticias\/\" target=\"_blank\" rel=\"noopener\"><b>Instagram<\/b><\/a><\/em><\/p>\n<p><em>Com informa\u00e7\u00f5es do Fax Aju<\/em><\/p>\n","protected":false},"excerpt":{"rendered":"<p>Ap\u00f3s a pris\u00e3o em flagrante do advogado A.D.J.S., 35 anos, suspeito de abusar de uma crian\u00e7a de 12 anos, neste s\u00e1bado, 3, dentro do banheiro de um supermercado em Aracaju, teve sua pris\u00e3o em convertida em preventiva. Segundo informa\u00e7\u00f5es passadas pela m\u00e3e da crian\u00e7a, o flagrante foi feito por um funcion\u00e1rio da limpeza, que estranhou [&hellip;]<\/p>\n","protected":false},"author":6552,"featured_media":119505,"comment_status":"closed","ping_status":"closed","sticky":false,"template":"","format":"standard","meta":{"footnotes":""},"categories":[15,7],"tags":[12071,202,11728],"class_list":{"0":"post-119503","1":"post","2":"type-post","3":"status-publish","4":"format-standard","5":"has-post-thumbnail","7":"category-destaques","8":"category-policia","9":"tag-abuso-sexual","10":"tag-advogado-preso","11":"tag-presmil"},"_links":{"self":[{"href":"https:\/\/senoticias.com.br\/se\/wp-json\/wp\/v2\/posts\/119503"}],"collection":[{"href":"https:\/\/senoticias.com.br\/se\/wp-json\/wp\/v2\/posts"}],"about":[{"href":"https:\/\/senoticias.com.br\/se\/wp-json\/wp\/v2\/types\/post"}],"author":[{"embeddable":true,"href":"https:\/\/senoticias.com.br\/se\/wp-json\/wp\/v2\/users\/6552"}],"replies":[{"embeddable":true,"href":"https:\/\/senoticias.com.br\/se\/wp-json\/wp\/v2\/comments?post=119503"}],"version-history":[{"count":0,"href":"https:\/\/senoticias.com.br\/se\/wp-json\/wp\/v2\/posts\/119503\/revisions"}],"wp:featuredmedia":[{"embeddable":true,"href":"https:\/\/senoticias.com.br\/se\/wp-json\/wp\/v2\/media\/119505"}],"wp:attachment":[{"href":"https:\/\/senoticias.com.br\/se\/wp-json\/wp\/v2\/media?parent=119503"}],"wp:term":[{"taxonomy":"category","embeddable":true,"href":"https:\/\/senoticias.com.br\/se\/wp-json\/wp\/v2\/categories?post=119503"},{"taxonomy":"post_tag","embeddable":true,"href":"https:\/\/senoticias.com.br\/se\/wp-json\/wp\/v2\/tags?post=119503"}],"curies":[{"name":"wp","href":"https:\/\/api.w.org\/{rel}","templated":true}]}}