{"id":119413,"date":"2019-07-27T10:22:20","date_gmt":"2019-07-27T13:22:20","guid":{"rendered":"https:\/\/senoticias.com.br\/se\/?p=119413"},"modified":"2019-07-27T10:22:20","modified_gmt":"2019-07-27T13:22:20","slug":"personalidades-que-contribuiram-para-o-aprimoramento-do-servico-eleitoral-sao-homenageadas-pelo-tre","status":"publish","type":"post","link":"https:\/\/senoticias.com.br\/se\/personalidades-que-contribuiram-para-o-aprimoramento-do-servico-eleitoral-sao-homenageadas-pelo-tre\/","title":{"rendered":"Personalidades que contribu\u00edram para o aprimoramento do servi\u00e7o eleitoral s\u00e3o homenageadas pelo TRE"},"content":{"rendered":"<p style=\"text-align: justify;\" align=\"justify\">O Tribunal Regional Eleitoral de Sergipe (TRE-SE) realizou, na tarde de hoje (sexta-feira, 26), a sess\u00e3o solene de outorga da Medalha do M\u00e9rito Eleitoral a dezenove agraciados.\u00a0O evento ocorreu\u00a0no plen\u00e1rio\u00a0<b>Fernando Ribeiro Franco<\/b><i>,<\/i><i><b><\/b><\/i>localizado no edif\u00edcio-sede do TRE-SE.<\/p>\n<div id=\"attachment_119414\" style=\"width: 609px\" class=\"wp-caption alignnone\"><a href=\"https:\/\/senoticias.com.br\/se\/wp-content\/uploads\/2019\/07\/image-e1564233495493.jpeg\"><img loading=\"lazy\" decoding=\"async\" aria-describedby=\"caption-attachment-119414\" class=\"size-full wp-image-119414\" src=\"https:\/\/senoticias.com.br\/se\/wp-content\/uploads\/2019\/07\/image-e1564233495493.jpeg\" alt=\"\" width=\"599\" height=\"261\" \/><\/a><p id=\"caption-attachment-119414\" class=\"wp-caption-text\">Entrega da Medalha do M\u00e9rito Eleitoral ocorreu na sexta-feira, 27 (foto: ascom\/TRE\/SE)<\/p><\/div>\n<p style=\"text-align: justify;\" align=\"justify\">A cerim\u00f4nia foi aberta aos ve\u00edculos de comunica\u00e7\u00e3o e contou com a presen\u00e7a de autoridades dos Poderes Executivo, Legislativo e Judici\u00e1rio, das For\u00e7as Armadas, parentes dos contemplados, servidores da Justi\u00e7a Eleitoral e demais convidados. A Medalha do M\u00e9rito Eleitoral \u00e9 um reconhecimento p\u00fablico pela valiosa contribui\u00e7\u00e3o de cidad\u00e3os, empresas e\/ou institui\u00e7\u00f5es que, em raz\u00e3o do of\u00edcio ou a t\u00edtulo de coopera\u00e7\u00e3o, promoveram o aprimoramento do servi\u00e7o eleitoral em Sergipe.<\/p>\n<p style=\"text-align: justify;\" align=\"justify\">Compuseram a mesa de honra o presidente do TRE-SE, Des.\u00a0<b>Jos\u00e9 dos Anjos<\/b>,\u00a0ocorregedor\u00a0regional\u00a0eleitoral, Des.\u00a0<b>Di\u00f3genes Barreto<\/b>, a\u00a0procuradora\u00a0regional\u00a0eleitoral, Dr.\u00aa\u00a0<b>E<\/b><b>unice<\/b><b>\u00a0D<\/b><b>antas<\/b>, os\u00a0ju\u00edzes-membros\u00a0<b>M<\/b><b>arcos Garapa de Carvalho<\/b>,<b>\u00c1<\/b><b>urea Corumba de Santana<\/b>,\u00a0<b>L<\/b><b>eonardo Souza<\/b><b>\u00a0S<\/b><b>antana Almeida<\/b>,<b>S<\/b><b>andra\u00a0<\/b><b>R<\/b><b>egina<\/b><b>\u00a0C<\/b><b>\u00e2mara<\/b><b>\u00a0C<\/b><b>oncei\u00e7\u00e3o<\/b>\u00a0e\u00a0<b>J<\/b><b>oaby Gomes Ferreria<\/b>,e a\u00a0secret\u00e1ria\u00a0judici\u00e1ria deste TRE, Sr.\u00aa\u00a0<b>A<\/b><b>na Maria Rabelo<\/b>.<\/p>\n<p style=\"text-align: justify;\" align=\"justify\">Tamb\u00e9m tiveram assento \u00e0 mesa diretora dos trabalhos o representante do Governador de Sergipe,\u00a0<b>Vin\u00edcius Thiago Soares de Oliveira<\/b>,\u00a0o presidente da Assembleia Legislativa do Estado de Sergipe, dep.\u00a0<b>Luciano Bispo<\/b>,<b><\/b>o\u00a0Des.\u00a0<b>Alberto Romeu Gouveia Leite<\/b>, representando o Tribunal de Justi\u00e7a do Estado de\u00a0Sergipe, e o\u00a0procurador-geral de justi\u00e7a,\u00a0<b>Eduardo Barreto D\u2019\u00e1vila Fontes<\/b>.<\/p>\n<p style=\"text-align: justify;\" align=\"justify\">Os primeiros a receber a comenda, no Grau Comendador,\u00a0foram os ju\u00edzes membros do Tribunal: Marcos Ant\u00f4nio Garapa de Carvalho, Leonardo Souza Santana Almeida, Sandra Regina C\u00e2mara Concei\u00e7\u00e3o, Joaby Gomes Ferreira. Os demais membros do TRE-SE j\u00e1 haviam recebido, em solenidade pret\u00e9rita, a Medalha do M\u00e9rito Eleitoral.<\/p>\n<p style=\"text-align: justify;\" align=\"justify\">Foram condecoradas com o Grau Comendador as seguintes personalidades: a procuradora\u00a0<b>Gicelma Santos do Nascimento<\/b>; o Des. Federal\u00a0<b>Carlos Reb\u00ealo J\u00fanior<\/b>; o juiz federal\u00a0<b>Edmilson da Silva Pimenta<\/b>; o promotor\u00a0<b>Jos\u00e9 Rony Silva Almeida<\/b>; o coronel\u00a0<b>Marcony Cabral Santos<\/b>; o juiz\u00a0<b>Manoel Costa Neto<\/b>.\u00a0O\u00a0Des.\u00a0<b>Artur Oscar de Oliveira Deda\u00a0<\/b>recebeu a homenagem\u00a0(<i>post mortem<\/i>),\u00a0no Grau Gr\u00e3o-Mestre.<\/p>\n<p style=\"text-align: justify;\" align=\"justify\">Com o Grau Oficial, receberam a Medalha do M\u00e9rito Eleitoral as personalidades a seguir nominadas: ju\u00edza\u00a0<b>Br\u00edgida Declerc Fink<\/b>,<b>\u00a0Marcelo Gerard Almeida de Andrade<\/b>;\u00a0<b>Roberta Queiroz de Azevedo<\/b>;\u00a0<b>Maria Isabel de Moura Santos<\/b>;\u00a0<b>Evanilde de Jesus<\/b>;\u00a0<b>Jos\u00e9 Ricardo Silva Maximino<\/b>; e\u00a0<b>Carolina Teles Franco<\/b>.<\/p>\n<p style=\"text-align: justify;\" align=\"justify\">A ministra\u00a0<b>R<\/b><b>osa Weber<\/b>, presidente do Tribunal Superior Eleitoral (TSE), encaminhou of\u00edcio \u00e0 Presid\u00eancia deste Tribunal ressaltando sentir-se muito honrada com a indica\u00e7\u00e3o para receber a Medalha do M\u00e9rito Eleitoral e justificou a aus\u00eancia por conta de compromissos inadi\u00e1veis assumidos anteriormente junto ao Supremo Tribunal Federal e ao TSE.<\/p>\n<p style=\"text-align: justify;\" align=\"justify\">A medalha representa a mais alta homenagem do Tribunal Regional Eleitoral de Sergipe, conferida por indica\u00e7\u00e3o do conselho formado pelos membros da Corte Eleitoral e entregue por seu presidente em sess\u00e3o solene \u00fanica.<\/p>\n<p style=\"text-align: justify;\" align=\"justify\">A referida Comenda foi criada em 18\/06\/2003 pelas Resolu\u00e7\u00f5es 181 182, ambas deste TRE, e tem como objetivo reconhecer publicamente a contribui\u00e7\u00e3o prestada por cidad\u00e3os com vistas ao constante processo de aprimoramento dos servi\u00e7os eleitorais e ao engrandecimento da Justi\u00e7a Eleitoral em Sergipe.<\/p>\n<p style=\"text-align: justify;\" align=\"justify\">O espa\u00e7o cultural, localizado ao lado do plen\u00e1rio e visitado por todos, foi palco de uma exposi\u00e7\u00e3o com fotos de seis mulheres que representam o empoderamento feminino. Em adi\u00e7\u00e3o, houve o lan\u00e7amento simult\u00e2neo da revista\u00a0PLENARIUM, que tamb\u00e9m destaca o trabalho de magistradas e de servidoras que marcaram sua passagem pela Justi\u00e7a Eleitoral sergipana. Representando a for\u00e7a da mulher, o informativo relembra os servi\u00e7os prestados pela da Desa.\u00a0<b>Clara Leite de Resende<\/b>, Desa.\u00a0<b>Marilza Maynard Salgado de Carvalho<\/b>, Desa.\u00a0<b>Josefa Paix\u00e3o de Santana<\/b>, Dr.\u00aa\u00a0<b>Si\u00edlvia L\u00e9a Suely Farias<\/b>, bem como das ex-servidoras\u00a0<b>L\u00eada Maria Linhares Constantino da Silva<\/b>\u00a0e\u00a0<b>Claire Nunes Mota<\/b>.<\/p>\n<p align=\"justify\">\n<p align=\"justify\"><em><b>Acompanhe o SE Not\u00edcias no\u00a0<\/b><a href=\"https:\/\/twitter.com\/Senoticias\" target=\"_blank\" rel=\"noopener\"><b>Twitter<\/b><\/a><strong>,\u00a0<\/strong><a href=\"https:\/\/www.facebook.com\/senoticias1\" target=\"_blank\" rel=\"noopener\"><b>Facebook\u00a0<\/b><\/a><strong>e no\u00a0<\/strong><a href=\"https:\/\/www.instagram.com\/senoticias\/\" target=\"_blank\" rel=\"noopener\"><b>Instagram<\/b><\/a><\/em><\/p>\n<p align=\"justify\">\n<p align=\"justify\">\n<p align=\"justify\"><a href=\"https:\/\/senoticias.com.br\/se\/wp-content\/uploads\/2019\/07\/Logo-novo-fone.jpg\"><img loading=\"lazy\" decoding=\"async\" class=\"alignnone size-full wp-image-119415\" src=\"https:\/\/senoticias.com.br\/se\/wp-content\/uploads\/2019\/07\/Logo-novo-fone.jpg\" alt=\"\" width=\"599\" height=\"78\" srcset=\"https:\/\/senoticias.com.br\/se\/wp-content\/uploads\/2019\/07\/Logo-novo-fone.jpg 599w, https:\/\/senoticias.com.br\/se\/wp-content\/uploads\/2019\/07\/Logo-novo-fone-300x39.jpg 300w\" sizes=\"(max-width: 599px) 100vw, 599px\" \/><\/a><\/p>\n<p align=\"justify\">\n<p align=\"justify\"><em>por ascom\/TRE<\/em><\/p>\n<p align=\"justify\">\n","protected":false},"excerpt":{"rendered":"<p>O Tribunal Regional Eleitoral de Sergipe (TRE-SE) realizou, na tarde de hoje (sexta-feira, 26), a sess\u00e3o solene de outorga da Medalha do M\u00e9rito Eleitoral a dezenove agraciados.\u00a0O evento ocorreu\u00a0no plen\u00e1rio\u00a0Fernando Ribeiro Franco,localizado no edif\u00edcio-sede do TRE-SE. A cerim\u00f4nia foi aberta aos ve\u00edculos de comunica\u00e7\u00e3o e contou com a presen\u00e7a de autoridades dos Poderes Executivo, Legislativo [&hellip;]<\/p>\n","protected":false},"author":6552,"featured_media":119414,"comment_status":"closed","ping_status":"closed","sticky":false,"template":"","format":"standard","meta":{"footnotes":""},"categories":[15,6],"tags":[12676,1499,12675,6106,5871],"class_list":{"0":"post-119413","1":"post","2":"type-post","3":"status-publish","4":"format-standard","5":"has-post-thumbnail","7":"category-destaques","8":"category-politica","9":"tag-entrega-da-medalha-do-merito-eleitoral","10":"tag-manoel-costa-neto","11":"tag-medalha-do-merito-eleitoral","12":"tag-tre","13":"tag-tribunal-regional-eleitoral"},"_links":{"self":[{"href":"https:\/\/senoticias.com.br\/se\/wp-json\/wp\/v2\/posts\/119413"}],"collection":[{"href":"https:\/\/senoticias.com.br\/se\/wp-json\/wp\/v2\/posts"}],"about":[{"href":"https:\/\/senoticias.com.br\/se\/wp-json\/wp\/v2\/types\/post"}],"author":[{"embeddable":true,"href":"https:\/\/senoticias.com.br\/se\/wp-json\/wp\/v2\/users\/6552"}],"replies":[{"embeddable":true,"href":"https:\/\/senoticias.com.br\/se\/wp-json\/wp\/v2\/comments?post=119413"}],"version-history":[{"count":0,"href":"https:\/\/senoticias.com.br\/se\/wp-json\/wp\/v2\/posts\/119413\/revisions"}],"wp:featuredmedia":[{"embeddable":true,"href":"https:\/\/senoticias.com.br\/se\/wp-json\/wp\/v2\/media\/119414"}],"wp:attachment":[{"href":"https:\/\/senoticias.com.br\/se\/wp-json\/wp\/v2\/media?parent=119413"}],"wp:term":[{"taxonomy":"category","embeddable":true,"href":"https:\/\/senoticias.com.br\/se\/wp-json\/wp\/v2\/categories?post=119413"},{"taxonomy":"post_tag","embeddable":true,"href":"https:\/\/senoticias.com.br\/se\/wp-json\/wp\/v2\/tags?post=119413"}],"curies":[{"name":"wp","href":"https:\/\/api.w.org\/{rel}","templated":true}]}}