{"id":119326,"date":"2019-07-19T07:55:44","date_gmt":"2019-07-19T10:55:44","guid":{"rendered":"https:\/\/senoticias.com.br\/se\/?p=119326"},"modified":"2019-07-19T07:59:20","modified_gmt":"2019-07-19T10:59:20","slug":"edmilson-brito-e-eleito-presidente-do-sindicato-dos-jornalistas-de-sergipe","status":"publish","type":"post","link":"https:\/\/senoticias.com.br\/se\/edmilson-brito-e-eleito-presidente-do-sindicato-dos-jornalistas-de-sergipe\/","title":{"rendered":"Edmilson Brito \u00e9 eleito presidente do Sindicato dos Jornalistas de Sergipe"},"content":{"rendered":"<p style=\"text-align: justify;\">Ap\u00f3s tr\u00eas dias de elei\u00e7\u00f5es, Edmilson Brito foi eleito no final da tarde desta quinta-feira, 18, o novo presidente do Sindicado dos Jornalistas (Sindijor) do estado. Ao todo foram 120 votos favor\u00e1veis a chapa \u201c<strong>Unidos Por Um Sindicato Cada Vez Mais Forte<\/strong>\u201d, encabe\u00e7ada por ele. O mandato ser\u00e1 de tr\u00eas anos. A posse est\u00e1 prevista para ocorrer em setembro deste ano, mas sem data definida por enquanto.<\/p>\n<div id=\"attachment_119327\" style=\"width: 609px\" class=\"wp-caption alignnone\"><a href=\"https:\/\/senoticias.com.br\/se\/wp-content\/uploads\/2019\/07\/Paulo-Sousa-jornalista-SE-NOT\u00cdCIAS.jpg\"><img loading=\"lazy\" decoding=\"async\" aria-describedby=\"caption-attachment-119327\" class=\"size-full wp-image-119327\" src=\"https:\/\/senoticias.com.br\/se\/wp-content\/uploads\/2019\/07\/Paulo-Sousa-jornalista-SE-NOT\u00cdCIAS-e1563533796856.jpg\" alt=\"\" width=\"599\" height=\"449\" \/><\/a><p id=\"caption-attachment-119327\" class=\"wp-caption-text\">Milton Alves J\u00fanior e Edmilson Brito comemorando resultado da elei\u00e7\u00e3o (foto: diculga\u00e7\u00e3o\/Sindijor)<\/p><\/div>\n<p style=\"text-align: justify;\">Segundo o presidente eleito, uma das suas bandeiras ser\u00e1 a valoriza\u00e7\u00e3o, em todos os \u00e2mbitos, da categoria. \u201cN\u00f3s queremos valorizar o piso dos jornalistas, criar conv\u00eanios, al\u00e9m de aproximar o sindicato dos profissionais de comunica\u00e7\u00e3o\u201d, destaca. Ainda segundo ele, sua atua\u00e7\u00e3o promete regionalizar a categoria, aproximando-a dos principais pr\u00eamios.<\/p>\n<p style=\"text-align: justify;\">Edm\u00edlson Brito destaca ainda que juntamente com Paulo de Sousa, ex-presidente do Sindijor, representar\u00e3o Sergipe na chapa da Federa\u00e7\u00e3o Nacional dos Jornalistas (Fenaj).<\/p>\n<p>&nbsp;<\/p>\n<p>&nbsp;<\/p>\n<p><a href=\"https:\/\/senoticias.com.br\/se\/wp-content\/uploads\/2019\/07\/Logomarca-fone-SE-4-2-1-1-1-1-1-1-1-2-3-4.jpg\"><img loading=\"lazy\" decoding=\"async\" class=\"alignnone size-full wp-image-119244\" src=\"https:\/\/senoticias.com.br\/se\/wp-content\/uploads\/2019\/07\/Logomarca-fone-SE-4-2-1-1-1-1-1-1-1-2-3-4.jpg\" alt=\"\" width=\"599\" height=\"78\" srcset=\"https:\/\/senoticias.com.br\/se\/wp-content\/uploads\/2019\/07\/Logomarca-fone-SE-4-2-1-1-1-1-1-1-1-2-3-4.jpg 599w, https:\/\/senoticias.com.br\/se\/wp-content\/uploads\/2019\/07\/Logomarca-fone-SE-4-2-1-1-1-1-1-1-1-2-3-4-300x39.jpg 300w\" sizes=\"(max-width: 599px) 100vw, 599px\" \/><\/a><\/p>\n<p>&nbsp;<\/p>\n<p>&nbsp;<\/p>\n<p><em><b>Acompanhe o SE Not\u00edcias no\u00a0<\/b><a href=\"https:\/\/twitter.com\/Senoticias\" target=\"_blank\" rel=\"noopener\"><b>Twitter<\/b><\/a><strong>,\u00a0<\/strong><a href=\"https:\/\/www.facebook.com\/senoticias1\" target=\"_blank\" rel=\"noopener\"><b>Facebook\u00a0<\/b><\/a><strong>e no\u00a0<\/strong><a href=\"https:\/\/www.instagram.com\/senoticias\/\" target=\"_blank\" rel=\"noopener\"><b>Instagram<\/b><\/a><\/em><\/p>\n<p><em>Por ascom\/Sindijor<\/em><\/p>\n","protected":false},"excerpt":{"rendered":"<p>Ap\u00f3s tr\u00eas dias de elei\u00e7\u00f5es, Edmilson Brito foi eleito no final da tarde desta quinta-feira, 18, o novo presidente do Sindicado dos Jornalistas (Sindijor) do estado. Ao todo foram 120 votos favor\u00e1veis a chapa \u201cUnidos Por Um Sindicato Cada Vez Mais Forte\u201d, encabe\u00e7ada por ele. O mandato ser\u00e1 de tr\u00eas anos. A posse est\u00e1 prevista [&hellip;]<\/p>\n","protected":false},"author":6552,"featured_media":119327,"comment_status":"closed","ping_status":"closed","sticky":false,"template":"","format":"standard","meta":{"footnotes":""},"categories":[15,6],"tags":[6656,12628,6655,12629,2753],"class_list":{"0":"post-119326","1":"post","2":"type-post","3":"status-publish","4":"format-standard","5":"has-post-thumbnail","7":"category-destaques","8":"category-politica","9":"tag-edmilson-brito","10":"tag-milton-alves-junior","11":"tag-paulo-sousa","12":"tag-sindicado-dos-jornalistas","13":"tag-sindijor"},"_links":{"self":[{"href":"https:\/\/senoticias.com.br\/se\/wp-json\/wp\/v2\/posts\/119326"}],"collection":[{"href":"https:\/\/senoticias.com.br\/se\/wp-json\/wp\/v2\/posts"}],"about":[{"href":"https:\/\/senoticias.com.br\/se\/wp-json\/wp\/v2\/types\/post"}],"author":[{"embeddable":true,"href":"https:\/\/senoticias.com.br\/se\/wp-json\/wp\/v2\/users\/6552"}],"replies":[{"embeddable":true,"href":"https:\/\/senoticias.com.br\/se\/wp-json\/wp\/v2\/comments?post=119326"}],"version-history":[{"count":0,"href":"https:\/\/senoticias.com.br\/se\/wp-json\/wp\/v2\/posts\/119326\/revisions"}],"wp:featuredmedia":[{"embeddable":true,"href":"https:\/\/senoticias.com.br\/se\/wp-json\/wp\/v2\/media\/119327"}],"wp:attachment":[{"href":"https:\/\/senoticias.com.br\/se\/wp-json\/wp\/v2\/media?parent=119326"}],"wp:term":[{"taxonomy":"category","embeddable":true,"href":"https:\/\/senoticias.com.br\/se\/wp-json\/wp\/v2\/categories?post=119326"},{"taxonomy":"post_tag","embeddable":true,"href":"https:\/\/senoticias.com.br\/se\/wp-json\/wp\/v2\/tags?post=119326"}],"curies":[{"name":"wp","href":"https:\/\/api.w.org\/{rel}","templated":true}]}}