{"id":119323,"date":"2019-07-18T15:54:35","date_gmt":"2019-07-18T18:54:35","guid":{"rendered":"https:\/\/senoticias.com.br\/se\/?p=119323"},"modified":"2019-07-18T15:57:01","modified_gmt":"2019-07-18T18:57:01","slug":"concurso-da-pm-2a-convocacao-para-inspecao-de-saude-e-pre-matricula-no-cfo-e-cfsd","status":"publish","type":"post","link":"https:\/\/senoticias.com.br\/se\/concurso-da-pm-2a-convocacao-para-inspecao-de-saude-e-pre-matricula-no-cfo-e-cfsd\/","title":{"rendered":"Concurso da PM: 2\u00aa Convoca\u00e7\u00e3o para inspe\u00e7\u00e3o de sa\u00fade e pr\u00e9-matr\u00edcula no CFO e CFSd"},"content":{"rendered":"<p style=\"text-align: justify;\">O Comandante-Geral da Pol\u00edcia Militar do Estado de Sergipe, coronel Marcony Cabral, no uso das suas atribui\u00e7\u00f5es, observando as disposi\u00e7\u00f5es que lhe s\u00e3o conferidas na Lei 2066, de 23 de Dezembro de 1976, al\u00e9m das demais leis pertinentes, CONVOCA os candidatos habilitados no Concurso P\u00fablico n\u00ba 05\/2018 para provimento de vagas de Oficial PM (Combatente) e Soldado PM \u2013 3\u00aa Classe (Combatente), em substitui\u00e7\u00e3o aos candidatos considerados inaptos e faltosos na 1\u00ba Convoca\u00e7\u00e3o, a comparecerem a 3\u00aa Se\u00e7\u00e3o do EMG\/PMSE, situada na Av. Augusto Franco, 3150, Ponto Novo, Aracaju\/SE, 49097-670 (Anexo a Secretaria de Estado da Sa\u00fade) no dia 23\/07 e para inspe\u00e7\u00e3o de sa\u00fade ao Hospital da Pol\u00edcia Militar (HPM), localizado na avenida Minas Gerais S\/N\u00ba, no bairro 18 do Forte, em Aracaju, conforme cronograma anexo a esta publica\u00e7\u00e3o.<\/p>\n<div id=\"attachment_119324\" style=\"width: 410px\" class=\"wp-caption alignnone\"><a href=\"https:\/\/senoticias.com.br\/se\/wp-content\/uploads\/2019\/07\/CONVOCA\u00c7\u00c3O-MATR\u00cdCULA-1-400x400.png\"><img loading=\"lazy\" decoding=\"async\" aria-describedby=\"caption-attachment-119324\" class=\"size-full wp-image-119324\" src=\"https:\/\/senoticias.com.br\/se\/wp-content\/uploads\/2019\/07\/CONVOCA\u00c7\u00c3O-MATR\u00cdCULA-1-400x400.png\" alt=\"\" width=\"400\" height=\"400\" srcset=\"https:\/\/senoticias.com.br\/se\/wp-content\/uploads\/2019\/07\/CONVOCA\u00c7\u00c3O-MATR\u00cdCULA-1-400x400.png 400w, https:\/\/senoticias.com.br\/se\/wp-content\/uploads\/2019\/07\/CONVOCA\u00c7\u00c3O-MATR\u00cdCULA-1-400x400-150x150.png 150w, https:\/\/senoticias.com.br\/se\/wp-content\/uploads\/2019\/07\/CONVOCA\u00c7\u00c3O-MATR\u00cdCULA-1-400x400-300x300.png 300w\" sizes=\"(max-width: 400px) 100vw, 400px\" \/><\/a><p id=\"caption-attachment-119324\" class=\"wp-caption-text\">os candidatos dever\u00e3o estar munidos dos documentos e exames necess\u00e1rios para fins de inspe\u00e7\u00e3o de sa\u00fade e pr\u00e9-matr\u00edcula no Curso de Forma\u00e7\u00e3o<\/p><\/div>\n<p style=\"text-align: justify;\">Na ocasi\u00e3o, os candidatos dever\u00e3o estar munidos dos documentos e exames necess\u00e1rios para fins de inspe\u00e7\u00e3o de sa\u00fade e pr\u00e9-matr\u00edcula no Curso de Forma\u00e7\u00e3o. Vale ressaltar que a segunda convoca\u00e7\u00e3o tem in\u00edcio na pr\u00f3xima ter\u00e7a-feira, 23 de julho.<\/p>\n<p style=\"text-align: justify;\">Clique aqui e confira o cronograma completo da 2\u00aa Convoca\u00e7\u00e3o, com a lista dos documentos e exames solicitados e a rela\u00e7\u00e3o dos candidatos habilitados ao CFO.<\/p>\n<p>&nbsp;<\/p>\n<p>Clique aqui e confira o cronograma completo da 2\u00aa Convoca\u00e7\u00e3o, com a lista dos documentos e exames solicitados e a rela\u00e7\u00e3o dos candidatos habilitados ao CFSd.<\/p>\n<p>&nbsp;<\/p>\n<p>&nbsp;<\/p>\n<p><a href=\"https:\/\/senoticias.com.br\/se\/wp-content\/uploads\/2019\/07\/Logomarca-fone-SE-4-2-1-1-1-1-1-1-1-2-3-4.jpg\"><img loading=\"lazy\" decoding=\"async\" class=\"alignnone size-full wp-image-119244\" src=\"https:\/\/senoticias.com.br\/se\/wp-content\/uploads\/2019\/07\/Logomarca-fone-SE-4-2-1-1-1-1-1-1-1-2-3-4.jpg\" alt=\"\" width=\"599\" height=\"78\" srcset=\"https:\/\/senoticias.com.br\/se\/wp-content\/uploads\/2019\/07\/Logomarca-fone-SE-4-2-1-1-1-1-1-1-1-2-3-4.jpg 599w, https:\/\/senoticias.com.br\/se\/wp-content\/uploads\/2019\/07\/Logomarca-fone-SE-4-2-1-1-1-1-1-1-1-2-3-4-300x39.jpg 300w\" sizes=\"(max-width: 599px) 100vw, 599px\" \/><\/a><\/p>\n<p>&nbsp;<\/p>\n<p>&nbsp;<\/p>\n<p><em><b>Acompanhe o SE Not\u00edcias no\u00a0<\/b><a href=\"https:\/\/twitter.com\/Senoticias\" target=\"_blank\" rel=\"noopener\"><b>Twitter<\/b><\/a><strong>,\u00a0<\/strong><a href=\"https:\/\/www.facebook.com\/senoticias1\" target=\"_blank\" rel=\"noopener\"><b>Facebook\u00a0<\/b><\/a><strong>e no\u00a0<\/strong><a href=\"https:\/\/www.instagram.com\/senoticias\/\" target=\"_blank\" rel=\"noopener\"><b>Instagram<\/b><\/a><\/em><\/p>\n<p>&nbsp;<\/p>\n<p><em>Por ascom\/Pol\u00edcia Militar<\/em><\/p>\n","protected":false},"excerpt":{"rendered":"<p>O Comandante-Geral da Pol\u00edcia Militar do Estado de Sergipe, coronel Marcony Cabral, no uso das suas atribui\u00e7\u00f5es, observando as disposi\u00e7\u00f5es que lhe s\u00e3o conferidas na Lei 2066, de 23 de Dezembro de 1976, al\u00e9m das demais leis pertinentes, CONVOCA os candidatos habilitados no Concurso P\u00fablico n\u00ba 05\/2018 para provimento de vagas de Oficial PM (Combatente) [&hellip;]<\/p>\n","protected":false},"author":6552,"featured_media":119324,"comment_status":"closed","ping_status":"closed","sticky":false,"template":"","format":"standard","meta":{"footnotes":""},"categories":[15,7],"tags":[12627,505],"class_list":{"0":"post-119323","1":"post","2":"type-post","3":"status-publish","4":"format-standard","5":"has-post-thumbnail","7":"category-destaques","8":"category-policia","9":"tag-hospital-da-policia-militar","10":"tag-policia-militar-do-estado-de-sergipe"},"_links":{"self":[{"href":"https:\/\/senoticias.com.br\/se\/wp-json\/wp\/v2\/posts\/119323"}],"collection":[{"href":"https:\/\/senoticias.com.br\/se\/wp-json\/wp\/v2\/posts"}],"about":[{"href":"https:\/\/senoticias.com.br\/se\/wp-json\/wp\/v2\/types\/post"}],"author":[{"embeddable":true,"href":"https:\/\/senoticias.com.br\/se\/wp-json\/wp\/v2\/users\/6552"}],"replies":[{"embeddable":true,"href":"https:\/\/senoticias.com.br\/se\/wp-json\/wp\/v2\/comments?post=119323"}],"version-history":[{"count":0,"href":"https:\/\/senoticias.com.br\/se\/wp-json\/wp\/v2\/posts\/119323\/revisions"}],"wp:featuredmedia":[{"embeddable":true,"href":"https:\/\/senoticias.com.br\/se\/wp-json\/wp\/v2\/media\/119324"}],"wp:attachment":[{"href":"https:\/\/senoticias.com.br\/se\/wp-json\/wp\/v2\/media?parent=119323"}],"wp:term":[{"taxonomy":"category","embeddable":true,"href":"https:\/\/senoticias.com.br\/se\/wp-json\/wp\/v2\/categories?post=119323"},{"taxonomy":"post_tag","embeddable":true,"href":"https:\/\/senoticias.com.br\/se\/wp-json\/wp\/v2\/tags?post=119323"}],"curies":[{"name":"wp","href":"https:\/\/api.w.org\/{rel}","templated":true}]}}