{"id":119245,"date":"2019-07-12T12:15:50","date_gmt":"2019-07-12T15:15:50","guid":{"rendered":"https:\/\/senoticias.com.br\/se\/?p=119245"},"modified":"2019-07-12T12:15:50","modified_gmt":"2019-07-12T15:15:50","slug":"acusado-de-arremessar-bebe-de-4-meses-na-parede-comete-suicidio-na-delegacia","status":"publish","type":"post","link":"https:\/\/senoticias.com.br\/se\/acusado-de-arremessar-bebe-de-4-meses-na-parede-comete-suicidio-na-delegacia\/","title":{"rendered":"Acusado de arremessar beb\u00ea de 4 meses na parede comete suic\u00eddio na Delegacia"},"content":{"rendered":"<p style=\"text-align: justify;\">Douglas Raeli Santos Gois foi <a href=\"https:\/\/senoticias.com.br\/se\/acusado-de-assassinar-filho-de-quatro-meses-e-preso-em-aquidaba\/\"><strong>preso acusado de matar o pr\u00f3prio filho<\/strong><\/a>,\u00a0um beb\u00ea de apenas quatro meses de idade, arremessando-o contra a parede e, na manh\u00e3 desta sexta-feira, 12, ap\u00f3s o caf\u00e9 da manh\u00e3 ele cometeu suic\u00eddio, enforcando-se na cela onde estava\u00a0<strong>preso\u00a0<\/strong>na Delegacia da Pol\u00edcia Civil em Itabaiana. De acordo com informa\u00e7\u00f5es da Secretaria de Estado da Seguran\u00e7a P\u00fablica, a equipe\u00a0da Pol\u00edcia Civil\u00a0manteve-o isolado,\u00a0na cela,\u00a0devido \u00e0 repercuss\u00e3o do caso.<\/p>\n<div id=\"attachment_119246\" style=\"width: 533px\" class=\"wp-caption alignnone\"><a href=\"https:\/\/senoticias.com.br\/se\/wp-content\/uploads\/2019\/07\/Suspeito-de-matar-filho-SE-Noticias.jpg\"><img loading=\"lazy\" decoding=\"async\" aria-describedby=\"caption-attachment-119246\" class=\"size-full wp-image-119246\" src=\"https:\/\/senoticias.com.br\/se\/wp-content\/uploads\/2019\/07\/Suspeito-de-matar-filho-SE-Noticias.jpg\" alt=\"\" width=\"523\" height=\"323\" srcset=\"https:\/\/senoticias.com.br\/se\/wp-content\/uploads\/2019\/07\/Suspeito-de-matar-filho-SE-Noticias.jpg 523w, https:\/\/senoticias.com.br\/se\/wp-content\/uploads\/2019\/07\/Suspeito-de-matar-filho-SE-Noticias-300x185.jpg 300w\" sizes=\"(max-width: 523px) 100vw, 523px\" \/><\/a><p id=\"caption-attachment-119246\" class=\"wp-caption-text\">Suspeito de matar o filho de quatro meses foi encontrado morto dentro da cela (foto: SSP\/SE)<\/p><\/div>\n<p style=\"text-align: justify;\">Pela manh\u00e3, a equipe serviu o caf\u00e9 da manh\u00e3 e teve o cuidado de n\u00e3o fornecer objetos que ele pudesse utilizar para se ferir, j\u00e1 que o acusado\u00a0teria\u00a0sinalizado\u00a0o\u00a0desejo de suicidar-se. Mas Douglas, mesmo assim, se matou, enforcado, usando ataduras. Conforme informa\u00e7\u00f5es da equipe da Delegacia de Itabaiana, ao ser localizado em Aquidab\u00e3, Douglas tentou fugir pulando muros e feriu as m\u00e3os com vidros.<\/p>\n<p style=\"text-align: justify;\">A equipe conseguiu domin\u00e1-lo e o encaminhou para o Hospital Regional de Itabaiana, onde os t\u00e9cnicos\u00a0fizeram os curativos, usando ataduras, aquelas mesmas utilizadas pelo acusado para praticar o suic\u00eddio.<\/p>\n<p>&nbsp;<\/p>\n<p>&nbsp;<\/p>\n<p><a href=\"https:\/\/senoticias.com.br\/se\/wp-content\/uploads\/2019\/07\/Logomarca-fone-SE-4-2-1-1-1-1-1-1-1-2-3-4.jpg\"><img loading=\"lazy\" decoding=\"async\" class=\"alignnone size-full wp-image-119244\" src=\"https:\/\/senoticias.com.br\/se\/wp-content\/uploads\/2019\/07\/Logomarca-fone-SE-4-2-1-1-1-1-1-1-1-2-3-4.jpg\" alt=\"\" width=\"599\" height=\"78\" srcset=\"https:\/\/senoticias.com.br\/se\/wp-content\/uploads\/2019\/07\/Logomarca-fone-SE-4-2-1-1-1-1-1-1-1-2-3-4.jpg 599w, https:\/\/senoticias.com.br\/se\/wp-content\/uploads\/2019\/07\/Logomarca-fone-SE-4-2-1-1-1-1-1-1-1-2-3-4-300x39.jpg 300w\" sizes=\"(max-width: 599px) 100vw, 599px\" \/><\/a><\/p>\n<p>&nbsp;<\/p>\n<p>&nbsp;<\/p>\n<p><em><b>Acompanhe o SE Not\u00edcias no\u00a0<\/b><a href=\"https:\/\/twitter.com\/Senoticias\" target=\"_blank\" rel=\"noopener\"><b>Twitter<\/b><\/a><strong>,\u00a0<\/strong><a href=\"https:\/\/www.facebook.com\/senoticias1\" target=\"_blank\" rel=\"noopener\"><b>Facebook\u00a0<\/b><\/a><strong>e no\u00a0<\/strong><a href=\"https:\/\/www.instagram.com\/senoticias\/\" target=\"_blank\" rel=\"noopener\"><b>Instagram<\/b><\/a><\/em><\/p>\n<p>&nbsp;<\/p>\n<p><em>Com informa\u00e7\u00f5es de\u00a0Cassia Santana, do portal Infonet<\/em><\/p>\n","protected":false},"excerpt":{"rendered":"<p>Douglas Raeli Santos Gois foi preso acusado de matar o pr\u00f3prio filho,\u00a0um beb\u00ea de apenas quatro meses de idade, arremessando-o contra a parede e, na manh\u00e3 desta sexta-feira, 12, ap\u00f3s o caf\u00e9 da manh\u00e3 ele cometeu suic\u00eddio, enforcando-se na cela onde estava\u00a0preso\u00a0na Delegacia da Pol\u00edcia Civil em Itabaiana. De acordo com informa\u00e7\u00f5es da Secretaria de [&hellip;]<\/p>\n","protected":false},"author":6552,"featured_media":119246,"comment_status":"closed","ping_status":"closed","sticky":false,"template":"","format":"standard","meta":{"footnotes":""},"categories":[15,7],"tags":[12577,12575,10427,12576,78],"class_list":{"0":"post-119245","1":"post","2":"type-post","3":"status-publish","4":"format-standard","5":"has-post-thumbnail","7":"category-destaques","8":"category-policia","9":"tag-delegacia-da-policia-civil-em-itabaiana","10":"tag-douglas-raeli-santos-gois","11":"tag-hospital-regional-de-itabaiana","12":"tag-matou-filho","13":"tag-policia-civil"},"_links":{"self":[{"href":"https:\/\/senoticias.com.br\/se\/wp-json\/wp\/v2\/posts\/119245"}],"collection":[{"href":"https:\/\/senoticias.com.br\/se\/wp-json\/wp\/v2\/posts"}],"about":[{"href":"https:\/\/senoticias.com.br\/se\/wp-json\/wp\/v2\/types\/post"}],"author":[{"embeddable":true,"href":"https:\/\/senoticias.com.br\/se\/wp-json\/wp\/v2\/users\/6552"}],"replies":[{"embeddable":true,"href":"https:\/\/senoticias.com.br\/se\/wp-json\/wp\/v2\/comments?post=119245"}],"version-history":[{"count":0,"href":"https:\/\/senoticias.com.br\/se\/wp-json\/wp\/v2\/posts\/119245\/revisions"}],"wp:featuredmedia":[{"embeddable":true,"href":"https:\/\/senoticias.com.br\/se\/wp-json\/wp\/v2\/media\/119246"}],"wp:attachment":[{"href":"https:\/\/senoticias.com.br\/se\/wp-json\/wp\/v2\/media?parent=119245"}],"wp:term":[{"taxonomy":"category","embeddable":true,"href":"https:\/\/senoticias.com.br\/se\/wp-json\/wp\/v2\/categories?post=119245"},{"taxonomy":"post_tag","embeddable":true,"href":"https:\/\/senoticias.com.br\/se\/wp-json\/wp\/v2\/tags?post=119245"}],"curies":[{"name":"wp","href":"https:\/\/api.w.org\/{rel}","templated":true}]}}