{"id":119241,"date":"2019-07-12T09:27:54","date_gmt":"2019-07-12T12:27:54","guid":{"rendered":"https:\/\/senoticias.com.br\/se\/?p=119241"},"modified":"2019-07-12T09:27:54","modified_gmt":"2019-07-12T12:27:54","slug":"luciano-pimentel-prestigia-iv-encontro-global-de-corretoras-de-imoveis","status":"publish","type":"post","link":"https:\/\/senoticias.com.br\/se\/luciano-pimentel-prestigia-iv-encontro-global-de-corretoras-de-imoveis\/","title":{"rendered":"Luciano Pimentel prestigia IV Encontro Global de Corretoras de Im\u00f3veis"},"content":{"rendered":"<p style=\"text-align: justify;\">Na tarde desta quinta-feira, 11, o deputado estadual Luciano Pimentel prestigiou a abertura do IV Encontro Global de Corretoras de Im\u00f3veis. Promovido pelo Sistema Cofeci-Creci (Conselhos Federal e Regionais de Corretores de Im\u00f3veis) e realizado no estado com o apoio do Creci Sergipe, o evento visa proporcionar um espa\u00e7o de qualifica\u00e7\u00e3o e troca de experi\u00eancias para mulheres que atuam no mercado imobili\u00e1rio.<\/p>\n<div id=\"attachment_119243\" style=\"width: 560px\" class=\"wp-caption aligncenter\"><a href=\"https:\/\/senoticias.com.br\/se\/wp-content\/uploads\/2019\/07\/b926a722-4bfc-461d-b7ca-56efb7ea7ec5-e1562934348454.jpg\"><img loading=\"lazy\" decoding=\"async\" aria-describedby=\"caption-attachment-119243\" class=\"size-full wp-image-119243\" src=\"https:\/\/senoticias.com.br\/se\/wp-content\/uploads\/2019\/07\/b926a722-4bfc-461d-b7ca-56efb7ea7ec5-e1562934348454.jpg\" alt=\"\" width=\"550\" height=\"397\" \/><\/a><p id=\"caption-attachment-119243\" class=\"wp-caption-text\">Foto: Edu Almeida<\/p><\/div>\n<p style=\"text-align: justify;\">\u201cNa \u00faltima d\u00e9cada, houve um crescimento significativo no n\u00famero de mulheres que buscam se profissionalizar e ingressar na carreira de corretor de im\u00f3veis. Esse cen\u00e1rio \u00e9 bastante positivo tanto para economia quanto para ampliar a representatividade feminina na sociedade\u201d, destacou Luciano Pimentel.<\/p>\n<p style=\"text-align: justify;\">Representante dos corretores de im\u00f3veis no Parlamento Estadual, o deputado enalteceu a relev\u00e2ncia do trabalho desenvolvido pelo Sistema Cofeci-Creci. \u201cH\u00e1 uma preocupa\u00e7\u00e3o constante com a forma\u00e7\u00e3o e a capacita\u00e7\u00e3o desses profissionais que \u00e9 percept\u00edvel em todo pa\u00eds. Em Sergipe, temos uma prova dessa atua\u00e7\u00e3o. O Conselho Regional realiza com frequ\u00eancia cursos de especializa\u00e7\u00e3o e combate com firmeza o exerc\u00edcio ilegal da profiss\u00e3o. Todo esse cuidado se reflete no tratamento dispensado \u00e0 popula\u00e7\u00e3o na busca pelo im\u00f3vel ideal\u201d.<\/p>\n<p style=\"text-align: justify;\">A abertura do encontro contou a presen\u00e7a do presidente do Cofeci, Jo\u00e3o Teodoro da Silva, e do presidente do Creci-SE, S\u00e9rgio Sobral, deu boas-vindas aos participantes e ressaltou a import\u00e2ncia da categoria. \u201cO que ouvimos, regionalmente e nacionalmente, s\u00e3o s\u00f3 elogios ao Sistema Cofeci-Creci. Todos n\u00f3s estamos de parab\u00e9ns!\u201d, pontuou S\u00e9rgio.<\/p>\n<p style=\"text-align: justify;\">Homenagem<\/p>\n<p style=\"text-align: justify;\">Durante a solenidade, a diretora de Integra\u00e7\u00e3o Feminina do Cofeci e diretora administrativa do Creci-SE, F\u00e1tima Sobral, foi homenageada com a entrega da medalha \u201cColibri de Prata\u201d, concedida aos conselheiros que prestaram relevantes servi\u00e7os \u00e0 classe.<\/p>\n<p style=\"text-align: justify;\">\u201cEssa \u00e9 uma honraria que estimula a participa\u00e7\u00e3o feminina no mercado da corretagem. Para o Creci-SE, que representa o menor estado da Federa\u00e7\u00e3o, receber a medalha Colibri de Prata \u00e9 uma honra e por ter sido entregue a uma mulher, \u00e9 motivo de grande alegria n\u00e3o s\u00f3 para mim, mas para todas as corretoras de Sergipe\u201d, enfatizou F\u00e1tima Sobral.<\/p>\n<p style=\"text-align: justify;\">Para Luciano Pimentel, a homenagem \u00e9 mais do que justa. \u201cF\u00e1tima \u00e9 uma profissional gabaritada e um exemplo a ser seguido por todas as sergipanas que pensam em construir uma trajet\u00f3ria como corretora de im\u00f3veis\u201d.<\/p>\n<p style=\"text-align: justify;\">Evento<\/p>\n<p style=\"text-align: justify;\">O encontro acontece at\u00e9 amanh\u00e3, 12, com uma programa\u00e7\u00e3o composta por painel de debates, palestras e atividades diversas pensadas para oferecer os profissionais da \u00e1rea a atualiza\u00e7\u00e3o de conhecimentos referentes ao setor, trazendo informa\u00e7\u00f5es sobre o mercado nacional e internacional.<\/p>\n<p style=\"text-align: justify;\">Por Assessoria de Comunica\u00e7\u00e3o<\/p>\n<p>&nbsp;<\/p>\n<p><a href=\"https:\/\/senoticias.com.br\/se\/wp-content\/uploads\/2019\/07\/Logomarca-fone-SE-4-2-1-1-1-1-1-1-1-2-3-4.jpg\"><img loading=\"lazy\" decoding=\"async\" class=\"aligncenter size-full wp-image-119244\" src=\"https:\/\/senoticias.com.br\/se\/wp-content\/uploads\/2019\/07\/Logomarca-fone-SE-4-2-1-1-1-1-1-1-1-2-3-4.jpg\" alt=\"\" width=\"599\" height=\"78\" srcset=\"https:\/\/senoticias.com.br\/se\/wp-content\/uploads\/2019\/07\/Logomarca-fone-SE-4-2-1-1-1-1-1-1-1-2-3-4.jpg 599w, https:\/\/senoticias.com.br\/se\/wp-content\/uploads\/2019\/07\/Logomarca-fone-SE-4-2-1-1-1-1-1-1-1-2-3-4-300x39.jpg 300w\" sizes=\"(max-width: 599px) 100vw, 599px\" \/><\/a><\/p>\n<p>&nbsp;<\/p>\n<p><em><b>Acompanhe o SE Not\u00edcias no\u00a0<\/b><a href=\"https:\/\/twitter.com\/Senoticias\" target=\"_blank\" rel=\"noopener\"><b>Twitter<\/b><\/a><strong>,\u00a0<\/strong><a href=\"https:\/\/www.facebook.com\/senoticias1\" target=\"_blank\" rel=\"noopener\"><b>Facebook\u00a0<\/b><\/a><strong>e no\u00a0<\/strong><a href=\"https:\/\/www.instagram.com\/senoticias\/\" target=\"_blank\" rel=\"noopener\"><b>Instagram<\/b><\/a><\/em><\/p>\n","protected":false},"excerpt":{"rendered":"<p>Na tarde desta quinta-feira, 11, o deputado estadual Luciano Pimentel prestigiou a abertura do IV Encontro Global de Corretoras de Im\u00f3veis. Promovido pelo Sistema Cofeci-Creci (Conselhos Federal e Regionais de Corretores de Im\u00f3veis) e realizado no estado com o apoio do Creci Sergipe, o evento visa proporcionar um espa\u00e7o de qualifica\u00e7\u00e3o e troca de experi\u00eancias [&hellip;]<\/p>\n","protected":false},"author":6557,"featured_media":0,"comment_status":"closed","ping_status":"closed","sticky":false,"template":"","format":"standard","meta":{"footnotes":""},"categories":[15],"tags":[12574],"class_list":{"0":"post-119241","1":"post","2":"type-post","3":"status-publish","4":"format-standard","6":"category-destaques","7":"tag-luciano-pimentel-prestigia-iv-encontro-global-de-corretoras-de-imoveis"},"_links":{"self":[{"href":"https:\/\/senoticias.com.br\/se\/wp-json\/wp\/v2\/posts\/119241"}],"collection":[{"href":"https:\/\/senoticias.com.br\/se\/wp-json\/wp\/v2\/posts"}],"about":[{"href":"https:\/\/senoticias.com.br\/se\/wp-json\/wp\/v2\/types\/post"}],"author":[{"embeddable":true,"href":"https:\/\/senoticias.com.br\/se\/wp-json\/wp\/v2\/users\/6557"}],"replies":[{"embeddable":true,"href":"https:\/\/senoticias.com.br\/se\/wp-json\/wp\/v2\/comments?post=119241"}],"version-history":[{"count":0,"href":"https:\/\/senoticias.com.br\/se\/wp-json\/wp\/v2\/posts\/119241\/revisions"}],"wp:attachment":[{"href":"https:\/\/senoticias.com.br\/se\/wp-json\/wp\/v2\/media?parent=119241"}],"wp:term":[{"taxonomy":"category","embeddable":true,"href":"https:\/\/senoticias.com.br\/se\/wp-json\/wp\/v2\/categories?post=119241"},{"taxonomy":"post_tag","embeddable":true,"href":"https:\/\/senoticias.com.br\/se\/wp-json\/wp\/v2\/tags?post=119241"}],"curies":[{"name":"wp","href":"https:\/\/api.w.org\/{rel}","templated":true}]}}