{"id":119238,"date":"2019-07-12T08:31:07","date_gmt":"2019-07-12T11:31:07","guid":{"rendered":"https:\/\/senoticias.com.br\/se\/?p=119238"},"modified":"2019-07-12T12:20:46","modified_gmt":"2019-07-12T15:20:46","slug":"acusado-de-assassinar-filho-de-quatro-meses-e-preso-em-aquidaba","status":"publish","type":"post","link":"https:\/\/senoticias.com.br\/se\/acusado-de-assassinar-filho-de-quatro-meses-e-preso-em-aquidaba\/","title":{"rendered":"Acusado de assassinar filho de quatro meses \u00e9 preso em Aquidab\u00e3"},"content":{"rendered":"<p style=\"text-align: justify;\">Um homem identificado como Douglas Raeli Santos Gois, acusado de assassinar seu pr\u00f3prio filho de quatro meses ap\u00f3s arremess\u00e1-lo na parede, foi preso nesta quinta-feira, 11, no munic\u00edpio de Aquidab\u00e3.<\/p>\n<div id=\"attachment_119203\" style=\"width: 560px\" class=\"wp-caption aligncenter\"><a href=\"https:\/\/senoticias.com.br\/se\/wp-content\/uploads\/2019\/07\/douglas-suspeito-09072019.jpg\"><img loading=\"lazy\" decoding=\"async\" aria-describedby=\"caption-attachment-119203\" class=\"size-full wp-image-119203\" src=\"https:\/\/senoticias.com.br\/se\/wp-content\/uploads\/2019\/07\/douglas-suspeito-09072019.jpg\" alt=\"\" width=\"550\" height=\"330\" srcset=\"https:\/\/senoticias.com.br\/se\/wp-content\/uploads\/2019\/07\/douglas-suspeito-09072019.jpg 550w, https:\/\/senoticias.com.br\/se\/wp-content\/uploads\/2019\/07\/douglas-suspeito-09072019-300x180.jpg 300w\" sizes=\"(max-width: 550px) 100vw, 550px\" \/><\/a><p id=\"caption-attachment-119203\" class=\"wp-caption-text\">(foto: Redes Sociais)<\/p><\/div>\n<p style=\"text-align: justify;\">De acordo com informa\u00e7\u00f5es da Secretaria de Seguran\u00e7a P\u00fablica (SSP\/SE), a Pol\u00edcia Civil recebeu v\u00e1rias den\u00fancias de que Douglas estaria na casa de parentes em Aquidab\u00e3. Ao perceber a presen\u00e7a dos policiais, Douglas tentou fugir pelo telhado, mas foi detido e conduzido \u00e0 Delegacia Regional de Itabaiana, onde prestou os primeiros esclarecimentos para a Pol\u00edcia.<\/p>\n<p style=\"text-align: justify;\">A SSP informou tamb\u00e9m que nesta sexta-feira, 12, \u00e0s 8h30, o delegado Hilton Duarte trar\u00e1 mais informa\u00e7\u00f5es em entrevista coletiva.Relembre o caso<\/p>\n<p style=\"text-align: justify;\">O fato ocorreu no \u00faltimo dia 9, em Areia Branca. A m\u00e3e da crian\u00e7a teria feito a den\u00fancia contra Douglas Raeli. Ela contou que ingeriu bebida alco\u00f3lica com o pai da crian\u00e7a durante a noite e que pela manh\u00e3, encontrou a crian\u00e7a morta. De acordo com a m\u00e3e, o outro filho de quatro anos teria visto o crime.<\/p>\n<p style=\"text-align: justify;\">Por Verlane Est\u00e1cio<\/p>\n<p>&nbsp;<\/p>\n<p><em><b>Acompanhe o SE Not\u00edcias no\u00a0<\/b><a href=\"https:\/\/twitter.com\/Senoticias\" target=\"_blank\" rel=\"noopener\"><b>Twitter<\/b><\/a><strong>,\u00a0<\/strong><a href=\"https:\/\/www.facebook.com\/senoticias1\" target=\"_blank\" rel=\"noopener\"><b>Facebook\u00a0<\/b><\/a><strong>e no\u00a0<\/strong><a href=\"https:\/\/www.instagram.com\/senoticias\/\" target=\"_blank\" rel=\"noopener\"><b>Instagram<\/b><\/a><\/em><\/p>\n<p>&nbsp;<\/p>\n<p><a href=\"https:\/\/senoticias.com.br\/se\/wp-content\/uploads\/2019\/07\/logo-SE-Noticias.jpg\"><img loading=\"lazy\" decoding=\"async\" class=\"aligncenter size-full wp-image-119140\" src=\"https:\/\/senoticias.com.br\/se\/wp-content\/uploads\/2019\/07\/logo-SE-Noticias.jpg\" alt=\"\" width=\"599\" height=\"78\" srcset=\"https:\/\/senoticias.com.br\/se\/wp-content\/uploads\/2019\/07\/logo-SE-Noticias.jpg 599w, https:\/\/senoticias.com.br\/se\/wp-content\/uploads\/2019\/07\/logo-SE-Noticias-300x39.jpg 300w\" sizes=\"(max-width: 599px) 100vw, 599px\" \/><\/a><\/p>\n","protected":false},"excerpt":{"rendered":"<p>Um homem identificado como Douglas Raeli Santos Gois, acusado de assassinar seu pr\u00f3prio filho de quatro meses ap\u00f3s arremess\u00e1-lo na parede, foi preso nesta quinta-feira, 11, no munic\u00edpio de Aquidab\u00e3. De acordo com informa\u00e7\u00f5es da Secretaria de Seguran\u00e7a P\u00fablica (SSP\/SE), a Pol\u00edcia Civil recebeu v\u00e1rias den\u00fancias de que Douglas estaria na casa de parentes em [&hellip;]<\/p>\n","protected":false},"author":6557,"featured_media":0,"comment_status":"closed","ping_status":"closed","sticky":false,"template":"","format":"standard","meta":{"footnotes":""},"categories":[7],"tags":[12572],"class_list":{"0":"post-119238","1":"post","2":"type-post","3":"status-publish","4":"format-standard","6":"category-policia","7":"tag-policia-prende-douglas-bebe"},"_links":{"self":[{"href":"https:\/\/senoticias.com.br\/se\/wp-json\/wp\/v2\/posts\/119238"}],"collection":[{"href":"https:\/\/senoticias.com.br\/se\/wp-json\/wp\/v2\/posts"}],"about":[{"href":"https:\/\/senoticias.com.br\/se\/wp-json\/wp\/v2\/types\/post"}],"author":[{"embeddable":true,"href":"https:\/\/senoticias.com.br\/se\/wp-json\/wp\/v2\/users\/6557"}],"replies":[{"embeddable":true,"href":"https:\/\/senoticias.com.br\/se\/wp-json\/wp\/v2\/comments?post=119238"}],"version-history":[{"count":0,"href":"https:\/\/senoticias.com.br\/se\/wp-json\/wp\/v2\/posts\/119238\/revisions"}],"wp:attachment":[{"href":"https:\/\/senoticias.com.br\/se\/wp-json\/wp\/v2\/media?parent=119238"}],"wp:term":[{"taxonomy":"category","embeddable":true,"href":"https:\/\/senoticias.com.br\/se\/wp-json\/wp\/v2\/categories?post=119238"},{"taxonomy":"post_tag","embeddable":true,"href":"https:\/\/senoticias.com.br\/se\/wp-json\/wp\/v2\/tags?post=119238"}],"curies":[{"name":"wp","href":"https:\/\/api.w.org\/{rel}","templated":true}]}}