{"id":119228,"date":"2019-07-11T06:45:01","date_gmt":"2019-07-11T09:45:01","guid":{"rendered":"https:\/\/senoticias.com.br\/se\/?p=119228"},"modified":"2019-07-11T06:58:53","modified_gmt":"2019-07-11T09:58:53","slug":"meteorologia-de-sergipe-preve-elevacao-na-media-historica-de-chuvas","status":"publish","type":"post","link":"https:\/\/senoticias.com.br\/se\/meteorologia-de-sergipe-preve-elevacao-na-media-historica-de-chuvas\/","title":{"rendered":"Canal do Santa L\u00facia transborda e deixa popula\u00e7\u00e3o ilhada"},"content":{"rendered":"<div class=\"entry-content\">\n<p style=\"text-align: justify;\">Moradores do conjunto Santa L\u00facia, localizado no bairro Jabotiana, tiveram uma surpresa ao tentarem sair de casa na manh\u00e3 desta quinta-feira, 11, para o trabalho ou para a escola. O canal voltou a transbordar ap\u00f3s cerca de sete anos, quando aconteceu pela \u00faltima vez.<\/p>\n<p style=\"text-align: justify;\">Em v\u00e1rias casas localizadas nas proximidades do canal, as \u00e1guas j\u00e1 come\u00e7am a entrar. Al\u00e9m da Av. Canal, que d\u00e1 acesso ao Cemit\u00e9rio Colina da Saudade, as ruas 6 e 10 s\u00e3o as mais prejudicadas. No momento, apenas ve\u00edculos grandes est\u00e3o conseguindo trafegar, mas nem mesmo os motoristas de \u00f4nibus est\u00e3o querendo se arriscar.<\/p>\n<p style=\"text-align: justify;\">O rio Poxim passa no residencial e com as chuvas registradas nos \u00faltimos dias, o problema voltou a se registrar no conjunto Santa L\u00facia.<\/p>\n<div id=\"attachment_119230\" style=\"width: 609px\" class=\"wp-caption alignnone\"><a href=\"https:\/\/senoticias.com.br\/se\/wp-content\/uploads\/2019\/07\/Santa-Lucia-SE-Noticias.jpeg\"><img loading=\"lazy\" decoding=\"async\" aria-describedby=\"caption-attachment-119230\" class=\"size-full wp-image-119230\" src=\"https:\/\/senoticias.com.br\/se\/wp-content\/uploads\/2019\/07\/Santa-Lucia-SE-Noticias-e1562838772900.jpeg\" alt=\"\" width=\"599\" height=\"449\" \/><\/a><p id=\"caption-attachment-119230\" class=\"wp-caption-text\">O alerta da Defesa Civil \u00e9 de que as pessoas que puderem, que fiquem em casa at\u00e9 que as \u00e1guas baixem para evitar poss\u00edveis acidentes (foto: SE Not\u00edcias)<\/p><\/div>\n<p style=\"text-align: justify;\">A situa\u00e7\u00e3o do conjunto J.K. n\u00e3o \u00e9 diferente e na avenida que passa ao lado do manguezal, a enchente come\u00e7a a ter grandes propor\u00e7\u00f5es.<\/p>\n<p style=\"text-align: justify;\">Caso ocorra intercorr\u00eancias causadas pelas fortes chuvas, o Governo do Estado alerta para que o cidad\u00e3o entre em contato com a Defesa Civil (telefone 199) ou Corpo de Bombeiros (telefone 193).<\/p>\n<\/div>\n<p>&nbsp;<\/p>\n<p><a href=\"https:\/\/senoticias.com.br\/se\/wp-content\/uploads\/2019\/07\/logo-SE-Noticias.jpg\"><img loading=\"lazy\" decoding=\"async\" class=\"alignnone size-full wp-image-119140\" src=\"https:\/\/senoticias.com.br\/se\/wp-content\/uploads\/2019\/07\/logo-SE-Noticias.jpg\" alt=\"\" width=\"599\" height=\"78\" srcset=\"https:\/\/senoticias.com.br\/se\/wp-content\/uploads\/2019\/07\/logo-SE-Noticias.jpg 599w, https:\/\/senoticias.com.br\/se\/wp-content\/uploads\/2019\/07\/logo-SE-Noticias-300x39.jpg 300w\" sizes=\"(max-width: 599px) 100vw, 599px\" \/><\/a><\/p>\n<p>&nbsp;<\/p>\n<p><em><b>Acompanhe o SE Not\u00edcias no\u00a0<\/b><a href=\"https:\/\/twitter.com\/Senoticias\" target=\"_blank\" rel=\"noopener\"><b>Twitter<\/b><\/a><strong>,\u00a0<\/strong><a href=\"https:\/\/www.facebook.com\/senoticias1\" target=\"_blank\" rel=\"noopener\"><b>Facebook\u00a0<\/b><\/a><strong>e no\u00a0<\/strong><a href=\"https:\/\/www.instagram.com\/senoticias\/\" target=\"_blank\" rel=\"noopener\"><b>Instagram<\/b><\/a><\/em><\/p>\n<p><em>Reda\u00e7\u00e3o SE Not\u00edcias, com informa\u00e7\u00f5es da Infonet\u00a0<\/em><\/p>\n<footer>\n<div class=\"tags\"><\/div>\n<\/footer>\n","protected":false},"excerpt":{"rendered":"<p>Moradores do conjunto Santa L\u00facia, localizado no bairro Jabotiana, tiveram uma surpresa ao tentarem sair de casa na manh\u00e3 desta quinta-feira, 11, para o trabalho ou para a escola. O canal voltou a transbordar ap\u00f3s cerca de sete anos, quando aconteceu pela \u00faltima vez. Em v\u00e1rias casas localizadas nas proximidades do canal, as \u00e1guas j\u00e1 [&hellip;]<\/p>\n","protected":false},"author":6552,"featured_media":119230,"comment_status":"closed","ping_status":"closed","sticky":false,"template":"","format":"standard","meta":{"footnotes":""},"categories":[15,38,1],"tags":[5884,119,12566,692,6314,4764],"class_list":{"0":"post-119228","1":"post","2":"type-post","3":"status-publish","4":"format-standard","5":"has-post-thumbnail","7":"category-destaques","8":"category-municipios","9":"category-sem-categoria","10":"tag-bairro-jabotiana","11":"tag-chuvas","12":"tag-conjunto-j-k","13":"tag-conjunto-santa-lucia","14":"tag-defesa-civil","15":"tag-santa-lucia"},"_links":{"self":[{"href":"https:\/\/senoticias.com.br\/se\/wp-json\/wp\/v2\/posts\/119228"}],"collection":[{"href":"https:\/\/senoticias.com.br\/se\/wp-json\/wp\/v2\/posts"}],"about":[{"href":"https:\/\/senoticias.com.br\/se\/wp-json\/wp\/v2\/types\/post"}],"author":[{"embeddable":true,"href":"https:\/\/senoticias.com.br\/se\/wp-json\/wp\/v2\/users\/6552"}],"replies":[{"embeddable":true,"href":"https:\/\/senoticias.com.br\/se\/wp-json\/wp\/v2\/comments?post=119228"}],"version-history":[{"count":0,"href":"https:\/\/senoticias.com.br\/se\/wp-json\/wp\/v2\/posts\/119228\/revisions"}],"wp:featuredmedia":[{"embeddable":true,"href":"https:\/\/senoticias.com.br\/se\/wp-json\/wp\/v2\/media\/119230"}],"wp:attachment":[{"href":"https:\/\/senoticias.com.br\/se\/wp-json\/wp\/v2\/media?parent=119228"}],"wp:term":[{"taxonomy":"category","embeddable":true,"href":"https:\/\/senoticias.com.br\/se\/wp-json\/wp\/v2\/categories?post=119228"},{"taxonomy":"post_tag","embeddable":true,"href":"https:\/\/senoticias.com.br\/se\/wp-json\/wp\/v2\/tags?post=119228"}],"curies":[{"name":"wp","href":"https:\/\/api.w.org\/{rel}","templated":true}]}}