{"id":119197,"date":"2019-07-09T12:12:55","date_gmt":"2019-07-09T15:12:55","guid":{"rendered":"https:\/\/senoticias.com.br\/se\/?p=119197"},"modified":"2019-07-09T12:12:55","modified_gmt":"2019-07-09T15:12:55","slug":"cirurgioes-dentistas-tem-ate-31-de-julho-para-requerer-especialidade-em-harmonizacao-orofacial-junto-ao-cro-se","status":"publish","type":"post","link":"https:\/\/senoticias.com.br\/se\/cirurgioes-dentistas-tem-ate-31-de-julho-para-requerer-especialidade-em-harmonizacao-orofacial-junto-ao-cro-se\/","title":{"rendered":"Cirurgi\u00f5es-dentistas t\u00eam at\u00e9 31 de julho para requerer especialidade em Harmoniza\u00e7\u00e3o Orofacial junto ao CRO-SE"},"content":{"rendered":"<p style=\"text-align: justify;\">Vai at\u00e9 o dia 31 de julho o prazo que os cirurgi\u00f5es-dentistas t\u00eam para requerer o registro de especialistas em Harmoniza\u00e7\u00e3o Orofacial, junto ao Conselho Regional de Odontologia de Sergipe (CRO-SE). A especialidade foi reconhecida Conselho Federal de Odontologia (CFO) atrav\u00e9s da Resolu\u00e7\u00e3o n\u00ba 198\/2019, que especifica quais os profissionais que est\u00e3o aptos a fazer a requisi\u00e7\u00e3o da especialidade.<\/p>\n<div id=\"attachment_119198\" style=\"width: 609px\" class=\"wp-caption alignnone\"><a href=\"https:\/\/senoticias.com.br\/se\/wp-content\/uploads\/2019\/07\/aplicativo-que-conecta-cirurgioes-dentistas-e-proteticos-promete-e1562685041516.jpg\"><img loading=\"lazy\" decoding=\"async\" aria-describedby=\"caption-attachment-119198\" class=\"size-full wp-image-119198\" src=\"https:\/\/senoticias.com.br\/se\/wp-content\/uploads\/2019\/07\/aplicativo-que-conecta-cirurgioes-dentistas-e-proteticos-promete-e1562685041516.jpg\" alt=\"\" width=\"599\" height=\"399\" \/><\/a><p id=\"caption-attachment-119198\" class=\"wp-caption-text\">Cirurgi\u00f5es-dentistas t\u00eam at\u00e9 31 de julho para requerer especialidade em Harmoniza\u00e7\u00e3o Orofacial (foto: JC Online)<\/p><\/div>\n<p style=\"text-align: justify;\">S\u00e3o eles os cirurgi\u00f5es-dentistas que possuam certificado de conclus\u00e3o ou comprovem a efetiva coordena\u00e7\u00e3o de curso de especializa\u00e7\u00e3o nesta \u00e1rea, devidamente regulamentado pelo MEC; ou que j\u00e1 possuam especialidade registrada em Cirurgia e Traumatologia Bucomaxilofacial e comprovem atua\u00e7\u00e3o efetiva em harmoniza\u00e7\u00e3o orofacial nos \u00faltimos cinco anos.<\/p>\n<p style=\"text-align: justify;\">Tamb\u00e9m poder\u00e3o requerer os profissionais tenham qualquer outra especialidade registrada, e comprovem a realiza\u00e7\u00e3o de cursos e atua\u00e7\u00e3o na referida \u00e1rea nos \u00faltimos cinco anos, segundo informa o presidente do CRO-SE, Anderson Lessa Siqueira. \u201cEsses cursos devem totalizar, no m\u00ednimo, 360 horas e conter conte\u00fados pr\u00e1ticos com pacientes na \u00e1rea de preenchedores faciais e toxina botul\u00ednica, fios faciais, lipoplastia facial, agregados leuco-plaquet\u00e1rios aut\u00f3logos, mesoterapia e indutores percut\u00e2neos de col\u00e1geno e fototerapia facial\u201d, explica.<\/p>\n<p style=\"text-align: justify;\">O CFO entende Harmoniza\u00e7\u00e3o Orofacial como um conjunto de procedimentos realizados pelo cirurgi\u00e3o-dentista em sua \u00e1rea de atua\u00e7\u00e3o, respons\u00e1veis pelo equil\u00edbrio est\u00e9tico e funcional da face. O cirurgi\u00e3o-dentista especialista em Harmoniza\u00e7\u00e3o Orofacial pode fazer uso da toxina botul\u00ednica, preenchedores faciais e agregados leucoplaquet\u00e1rios aut\u00f3logos na regi\u00e3o orofacial e em estruturas anexas e afins. Pode, ainda, fazer a intradermoterapia e o uso de biomateriais indutores percut\u00e2neos de col\u00e1geno, com o objetivo de harmonizar os ter\u00e7os superior, m\u00e9dio e inferior da face, na regi\u00e3o orofacial e estruturas relacionadas.<\/p>\n<p style=\"text-align: justify;\">Est\u00e1 entre as compet\u00eancias do especialista em HOF, tamb\u00e9m, a realiza\u00e7\u00e3o de procedimentos biofot\u00f4nicos e laserterapia; e de tratamento de lipoplastia facial, atrav\u00e9s de t\u00e9cnicas qu\u00edmicas, f\u00edsicas ou mec\u00e2nicas na regi\u00e3o orofacial, t\u00e9cnica cir\u00fargica de remo\u00e7\u00e3o do corpo adiposo de Bichat (t\u00e9cnica de Bichectomia) e corre\u00e7\u00e3o dos l\u00e1bios (liplifting), dentro da sua \u00e1rea de atua\u00e7\u00e3o.<\/p>\n<p>&nbsp;<\/p>\n<p><a href=\"https:\/\/senoticias.com.br\/se\/wp-content\/uploads\/2019\/07\/logo-SE-Noticias.jpg\"><img loading=\"lazy\" decoding=\"async\" class=\"alignnone size-full wp-image-119140\" src=\"https:\/\/senoticias.com.br\/se\/wp-content\/uploads\/2019\/07\/logo-SE-Noticias.jpg\" alt=\"\" width=\"599\" height=\"78\" srcset=\"https:\/\/senoticias.com.br\/se\/wp-content\/uploads\/2019\/07\/logo-SE-Noticias.jpg 599w, https:\/\/senoticias.com.br\/se\/wp-content\/uploads\/2019\/07\/logo-SE-Noticias-300x39.jpg 300w\" sizes=\"(max-width: 599px) 100vw, 599px\" \/><\/a><\/p>\n<p>&nbsp;<\/p>\n<p>&nbsp;<\/p>\n<p><em><b>Acompanhe o SE Not\u00edcias no\u00a0<\/b><a href=\"https:\/\/twitter.com\/Senoticias\" target=\"_blank\" rel=\"noopener\"><b>Twitter<\/b><\/a><strong>,\u00a0<\/strong><a href=\"https:\/\/www.facebook.com\/senoticias1\" target=\"_blank\" rel=\"noopener\"><b>Facebook\u00a0<\/b><\/a><strong>e no\u00a0<\/strong><a href=\"https:\/\/www.instagram.com\/senoticias\/\" target=\"_blank\" rel=\"noopener\"><b>Instagram<\/b><\/a><\/em><\/p>\n<p>&nbsp;<\/p>\n<h3 class=\"iw\"><em><span class=\"qu\" tabindex=\"-1\" role=\"gridcell\"><span class=\"gD\" data-hovercard-id=\"melo2.rebecca@gmail.com\" data-hovercard-owner-id=\"138\">Por Rebecca Melo<\/span><\/span><\/em><\/h3>\n","protected":false},"excerpt":{"rendered":"<p>Vai at\u00e9 o dia 31 de julho o prazo que os cirurgi\u00f5es-dentistas t\u00eam para requerer o registro de especialistas em Harmoniza\u00e7\u00e3o Orofacial, junto ao Conselho Regional de Odontologia de Sergipe (CRO-SE). A especialidade foi reconhecida Conselho Federal de Odontologia (CFO) atrav\u00e9s da Resolu\u00e7\u00e3o n\u00ba 198\/2019, que especifica quais os profissionais que est\u00e3o aptos a fazer [&hellip;]<\/p>\n","protected":false},"author":6552,"featured_media":119198,"comment_status":"closed","ping_status":"closed","sticky":false,"template":"","format":"standard","meta":{"footnotes":""},"categories":[15],"tags":[12549,12551,12553,12552,12548,12550],"class_list":{"0":"post-119197","1":"post","2":"type-post","3":"status-publish","4":"format-standard","5":"has-post-thumbnail","7":"category-destaques","8":"tag-bucomaxilofacial","9":"tag-cfo","10":"tag-cirurgioes","11":"tag-cirurgioes-dentistas","12":"tag-conselho-federal-de-odontologia","13":"tag-conselho-regional-de-odontologia-de-sergipe"},"_links":{"self":[{"href":"https:\/\/senoticias.com.br\/se\/wp-json\/wp\/v2\/posts\/119197"}],"collection":[{"href":"https:\/\/senoticias.com.br\/se\/wp-json\/wp\/v2\/posts"}],"about":[{"href":"https:\/\/senoticias.com.br\/se\/wp-json\/wp\/v2\/types\/post"}],"author":[{"embeddable":true,"href":"https:\/\/senoticias.com.br\/se\/wp-json\/wp\/v2\/users\/6552"}],"replies":[{"embeddable":true,"href":"https:\/\/senoticias.com.br\/se\/wp-json\/wp\/v2\/comments?post=119197"}],"version-history":[{"count":0,"href":"https:\/\/senoticias.com.br\/se\/wp-json\/wp\/v2\/posts\/119197\/revisions"}],"wp:featuredmedia":[{"embeddable":true,"href":"https:\/\/senoticias.com.br\/se\/wp-json\/wp\/v2\/media\/119198"}],"wp:attachment":[{"href":"https:\/\/senoticias.com.br\/se\/wp-json\/wp\/v2\/media?parent=119197"}],"wp:term":[{"taxonomy":"category","embeddable":true,"href":"https:\/\/senoticias.com.br\/se\/wp-json\/wp\/v2\/categories?post=119197"},{"taxonomy":"post_tag","embeddable":true,"href":"https:\/\/senoticias.com.br\/se\/wp-json\/wp\/v2\/tags?post=119197"}],"curies":[{"name":"wp","href":"https:\/\/api.w.org\/{rel}","templated":true}]}}