{"id":119193,"date":"2019-07-09T09:59:04","date_gmt":"2019-07-09T12:59:04","guid":{"rendered":"https:\/\/senoticias.com.br\/se\/?p=119193"},"modified":"2019-07-09T09:59:04","modified_gmt":"2019-07-09T12:59:04","slug":"ex-prefeito-sukita-acusa-andre-moura-de-armar-prisao-e-traicao-conjugal-e-ameaca-publicar-mensagens-reveladoras","status":"publish","type":"post","link":"https:\/\/senoticias.com.br\/se\/ex-prefeito-sukita-acusa-andre-moura-de-armar-prisao-e-traicao-conjugal-e-ameaca-publicar-mensagens-reveladoras\/","title":{"rendered":"Ex-prefeito Sukita acusa Andr\u00e9 Moura de armar pris\u00e3o e trai\u00e7\u00e3o conjugal e amea\u00e7a publicar mensagens reveladoras"},"content":{"rendered":"<p style=\"text-align: justify;\">O ex-prefeito de Capela, Manoel Sukita, que est\u00e1 preso na penitenci\u00e1ria estadual de Nossa Senhora da Gl\u00f3ria, acusado de desviar dinheiro p\u00fablico da Prefeitura de Capela quando administrava o munic\u00edpio, acusou o ex-deputado federal e atual assessor especial do Governo do Estado do Rio de Janeiro, Andr\u00e9 Moura (PSC), de ter planejado sua pris\u00e3o.<\/p>\n<div id=\"attachment_119194\" style=\"width: 550px\" class=\"wp-caption alignnone\"><a href=\"https:\/\/senoticias.com.br\/se\/wp-content\/uploads\/2019\/07\/foto-politicos-juntos-e1562530978333.jpg\"><img loading=\"lazy\" decoding=\"async\" aria-describedby=\"caption-attachment-119194\" class=\"size-full wp-image-119194\" src=\"https:\/\/senoticias.com.br\/se\/wp-content\/uploads\/2019\/07\/foto-politicos-juntos-e1562530978333.jpg\" alt=\"\" width=\"540\" height=\"540\" srcset=\"https:\/\/senoticias.com.br\/se\/wp-content\/uploads\/2019\/07\/foto-politicos-juntos-e1562530978333.jpg 540w, https:\/\/senoticias.com.br\/se\/wp-content\/uploads\/2019\/07\/foto-politicos-juntos-e1562530978333-150x150.jpg 150w, https:\/\/senoticias.com.br\/se\/wp-content\/uploads\/2019\/07\/foto-politicos-juntos-e1562530978333-300x300.jpg 300w\" sizes=\"(max-width: 540px) 100vw, 540px\" \/><\/a><p id=\"caption-attachment-119194\" class=\"wp-caption-text\">Na foto, os tr\u00eas pol\u00edticos aparecem juntos em um trio el\u00e9trico (foto: redes sociais)<\/p><\/div>\n<p style=\"text-align: justify;\">A conclus\u00e3o do ex-prefeito capelense se deu ap\u00f3s fotos circularem em redes sociais com Andr\u00e9 Moura, Silvany Mamlak \u2013 prefeita de Capela; e Cristiano Beltr\u00e3o, prefeito de Ilha das Flores e presidente da Associa\u00e7\u00e3o dos Munic\u00edpios do Estado de Sergipe (FAMES). Na foto, os tr\u00eas pol\u00edticos aparecem juntos fazendo campanha em um trio el\u00e9trico.\u00a0A not\u00edcia foi publicada na manh\u00e3 desta ter\u00e7a-feira, 9, pelo jornalista Paulo Sousa, no portal Hora News.<\/p>\n<p style=\"text-align: justify;\">\u201cHoje o povo sergipano est\u00e1 vendo e entendendo por que estou preso, foi voc\u00ea quem planejou tudo para me colocar na pris\u00e3o e, n\u00e3o deixou que eu ganhasse a minha elei\u00e7\u00e3o para deputado federal\u201d, desabafa Sukita, que chama Andr\u00e9 Moura de covarde e traidor.<\/p>\n<p style=\"text-align: justify;\">\u201cVoc\u00ea tinha acesso a todas as pesquisas e sabia que eu estava em primeiro lugar e, a\u00ed, ao inv\u00e9s de cumprir o acordo pol\u00edtico que fui obrigado a fazer em benef\u00edcio de nossa regi\u00e3o, onde a l\u00f3gica mandava voc\u00ea me apoiar para federal e eu lhe apoiar para senador, de forma covarde, voc\u00ea, Andr\u00e9 Moura, preferiu me trair. Deus lhe castigou e voc\u00ea perdeu a sua elei\u00e7\u00e3o, mesmo com todo dinheiro e poder que voc\u00ea dizia ter\u201d, acusa Sukita, que faz uma observa\u00e7\u00e3o: \u201cEm elei\u00e7\u00e3o, todo traidor \u00e9 perdedor\u201d.<\/p>\n<p style=\"text-align: justify;\">Aproveitando a onda de Vaza Jato, Manoel Sukita amea\u00e7a publicar mensagens contra Andr\u00e9 Moura, Silvany e Cristiano, que revelariam uma poss\u00edvel arma\u00e7\u00e3o dos tr\u00eas pol\u00edticos para mant\u00ea-lo na cadeia.<\/p>\n<p style=\"text-align: justify;\">\u201cOlha Andr\u00e9, espero que voc\u00ea, Silvany e Cristiano n\u00e3o me obriguem a publicar o que voc\u00eas fizeram para me prender e, principalmente, o que voc\u00eas continuam fazendo para me manter preso e o quanto isso est\u00e1 custando ao cofre da Prefeitura de Capela, porque tenho vergonha de tocar neste assunto, acho impublic\u00e1vel\u201d, diz Sukita, que ainda revela ter sido tra\u00eddo, amorosamente, por arma\u00e7\u00e3o de Andr\u00e9 Moura.<\/p>\n<p style=\"text-align: justify;\">\u201cPenso que voc\u00ea deve se respeitar e parar de destruir as fam\u00edlias dos outros. Por exemplo, voc\u00ea destruiu a fam\u00edlia de Cristiano quando mandou ele cantar e conquistar a minha mulher Silvany. Isso foi um golpe muito duro na minha vida, voc\u00eas mudaram a minha hist\u00f3ria. Mas n\u00e3o destru\u00edram a minha fam\u00edlia, pois as minhas filhas Manuelle Sukita e Vit\u00f3ria Sukita est\u00e3o comigo, a popula\u00e7\u00e3o capelense est\u00e1 comigo, os meus amigos e todo nosso agrupamento pol\u00edtico est\u00e3o firmes e fortes comigo\u201d, salienta o ex-prefeito, que ainda se queixa da fraqueza espiritual da ex-mulher e atual prefeita de Capela.<\/p>\n<p style=\"text-align: justify;\">\u201cPortanto, voc\u00eas s\u00f3 conseguiram desviar a Silvany devido ao car\u00e1ter dela que \u00e9 igual ao de voc\u00eas dois. Ela traiu a nossa confian\u00e7a e o projeto vitorioso que a fez prefeita, para servir ao seu esquema derrotado e odiado pelo povo. O que voc\u00eas est\u00e3o fazendo comigo e com o povo da Capela \u00e9 um desaforo, isso n\u00e3o se faz com ningu\u00e9m\u201d, conclui o ex-prefeito, que diz ter chorado muito ao ver as fotos dos tr\u00eas pol\u00edticos fazendo campanha juntos.<\/p>\n<p>&nbsp;<\/p>\n<p><a href=\"https:\/\/senoticias.com.br\/se\/wp-content\/uploads\/2019\/07\/logo-SE-Noticias.jpg\"><img loading=\"lazy\" decoding=\"async\" class=\"alignnone size-full wp-image-119140\" src=\"https:\/\/senoticias.com.br\/se\/wp-content\/uploads\/2019\/07\/logo-SE-Noticias.jpg\" alt=\"\" width=\"599\" height=\"78\" srcset=\"https:\/\/senoticias.com.br\/se\/wp-content\/uploads\/2019\/07\/logo-SE-Noticias.jpg 599w, https:\/\/senoticias.com.br\/se\/wp-content\/uploads\/2019\/07\/logo-SE-Noticias-300x39.jpg 300w\" sizes=\"(max-width: 599px) 100vw, 599px\" \/><\/a><\/p>\n<p>&nbsp;<\/p>\n<p>&nbsp;<\/p>\n<p><em><b>Acompanhe o SE Not\u00edcias no\u00a0<\/b><a href=\"https:\/\/twitter.com\/Senoticias\" target=\"_blank\" rel=\"noopener\"><b>Twitter<\/b><\/a><strong>,\u00a0<\/strong><a href=\"https:\/\/www.facebook.com\/senoticias1\" target=\"_blank\" rel=\"noopener\"><b>Facebook\u00a0<\/b><\/a><strong>e no\u00a0<\/strong><a href=\"https:\/\/www.instagram.com\/senoticias\/\" target=\"_blank\" rel=\"noopener\"><b>Instagram<\/b><\/a><\/em><\/p>\n","protected":false},"excerpt":{"rendered":"<p>O ex-prefeito de Capela, Manoel Sukita, que est\u00e1 preso na penitenci\u00e1ria estadual de Nossa Senhora da Gl\u00f3ria, acusado de desviar dinheiro p\u00fablico da Prefeitura de Capela quando administrava o munic\u00edpio, acusou o ex-deputado federal e atual assessor especial do Governo do Estado do Rio de Janeiro, Andr\u00e9 Moura (PSC), de ter planejado sua pris\u00e3o. A [&hellip;]<\/p>\n","protected":false},"author":6552,"featured_media":119194,"comment_status":"closed","ping_status":"closed","sticky":false,"template":"","format":"standard","meta":{"footnotes":""},"categories":[15,6],"tags":[772,978,12542,12544,9112,3558,12543,11648],"class_list":{"0":"post-119193","1":"post","2":"type-post","3":"status-publish","4":"format-standard","5":"has-post-thumbnail","7":"category-destaques","8":"category-politica","9":"tag-andre-moura","10":"tag-capela","11":"tag-cristiano-beltra","12":"tag-exprefeito-sukita","13":"tag-manoel-sukita","14":"tag-prefeita-de-capela","15":"tag-prefeito-de-ilha-das-flores","16":"tag-silvany-mamlak"},"_links":{"self":[{"href":"https:\/\/senoticias.com.br\/se\/wp-json\/wp\/v2\/posts\/119193"}],"collection":[{"href":"https:\/\/senoticias.com.br\/se\/wp-json\/wp\/v2\/posts"}],"about":[{"href":"https:\/\/senoticias.com.br\/se\/wp-json\/wp\/v2\/types\/post"}],"author":[{"embeddable":true,"href":"https:\/\/senoticias.com.br\/se\/wp-json\/wp\/v2\/users\/6552"}],"replies":[{"embeddable":true,"href":"https:\/\/senoticias.com.br\/se\/wp-json\/wp\/v2\/comments?post=119193"}],"version-history":[{"count":0,"href":"https:\/\/senoticias.com.br\/se\/wp-json\/wp\/v2\/posts\/119193\/revisions"}],"wp:featuredmedia":[{"embeddable":true,"href":"https:\/\/senoticias.com.br\/se\/wp-json\/wp\/v2\/media\/119194"}],"wp:attachment":[{"href":"https:\/\/senoticias.com.br\/se\/wp-json\/wp\/v2\/media?parent=119193"}],"wp:term":[{"taxonomy":"category","embeddable":true,"href":"https:\/\/senoticias.com.br\/se\/wp-json\/wp\/v2\/categories?post=119193"},{"taxonomy":"post_tag","embeddable":true,"href":"https:\/\/senoticias.com.br\/se\/wp-json\/wp\/v2\/tags?post=119193"}],"curies":[{"name":"wp","href":"https:\/\/api.w.org\/{rel}","templated":true}]}}