{"id":119181,"date":"2019-07-08T18:26:05","date_gmt":"2019-07-08T21:26:05","guid":{"rendered":"https:\/\/senoticias.com.br\/se\/?p=119181"},"modified":"2019-07-08T18:26:05","modified_gmt":"2019-07-08T21:26:05","slug":"caminhao-de-negociacao-da-caixa-realiza-atendimento-em-aracaju","status":"publish","type":"post","link":"https:\/\/senoticias.com.br\/se\/caminhao-de-negociacao-da-caixa-realiza-atendimento-em-aracaju\/","title":{"rendered":"Caminh\u00e3o de negocia\u00e7\u00e3o da Caixa realiza atendimento em Aracaju"},"content":{"rendered":"<p style=\"text-align: justify;\">A partir da ter\u00e7a-feira, 9, os clientes da Caixa de Aracaju ter\u00e3o a oportunidade de liquidar suas d\u00edvidas, com descontos especiais, diretamente no Caminh\u00e3o Voc\u00ea no Azul. A unidade m\u00f3vel de atendimento estar\u00e1 no munic\u00edpio de 09 a 12 de julho, estacionado na Pra\u00e7a General Valad\u00e3o, no centro da cidade, de ter\u00e7a \u00e0 sexta, das 10h \u00e0s 16h.<\/p>\n<div id=\"attachment_119182\" style=\"width: 560px\" class=\"wp-caption aligncenter\"><a href=\"https:\/\/senoticias.com.br\/se\/wp-content\/uploads\/2019\/07\/caminhao-adimplencia-caixa_20112018-e1562621037754.jpg\"><img loading=\"lazy\" decoding=\"async\" aria-describedby=\"caption-attachment-119182\" class=\"size-full wp-image-119182\" src=\"https:\/\/senoticias.com.br\/se\/wp-content\/uploads\/2019\/07\/caminhao-adimplencia-caixa_20112018-e1562621037754.jpg\" alt=\"\" width=\"550\" height=\"308\" \/><\/a><p id=\"caption-attachment-119182\" class=\"wp-caption-text\">A unidade m\u00f3vel de atendimento estar\u00e1 em Aracaju de 09 a 12 de julho (Foto: Arquivo Portal Infonet)<\/p><\/div>\n<p style=\"text-align: justify;\">Clientes do banco, pessoas f\u00edsicas e jur\u00eddicas com d\u00edvidas em atraso encontrar\u00e3o no atendimento uma forma de regularizar os valores em aberto com condi\u00e7\u00f5es especiais de pagamento que variam conforme o tipo de opera\u00e7\u00e3o, quantidade de dias em atraso e garantias dos contratos.<\/p>\n<p style=\"text-align: justify;\">O caminh\u00e3o Voc\u00ea no Azul faz parte da campanha de mesmo nome que disponibiliza aos clientes que possuem cr\u00e9ditos em atraso, com solu\u00e7\u00f5es personalizadas, atendimento \u00e1gil em um local diferenciado. A campanha tem vig\u00eancia at\u00e9 22 de agosto e os interessados tamb\u00e9m podem buscar atendimento por meio do site da Caixa (www.caixa.gov.br\/vocenoazul), pelo telefone 0800 726 8068 via WhatsApp ou ligar e escolher a op\u00e7\u00e3o 8 ou ainda nas Redes Sociais da CAIXA. A expectativa do banco \u00e9 de receber R$ 1 bilh\u00e3o.<\/p>\n<p style=\"text-align: justify;\">Campanha Voc\u00ea no Azul<\/p>\n<p style=\"text-align: justify;\">A Voc\u00ea no Azul \u00e9 a campanha para renegocia\u00e7\u00e3o de d\u00edvidas de cr\u00e9ditos comercias para pessoas f\u00edsicas e empresas. Engloba cerca de tr\u00eas milh\u00f5es de clientes, proporcionando facilidades para regulariza\u00e7\u00e3o de d\u00e9bitos com atraso superior a 360 dias com descontos que variam entre 40% e 90% para liquida\u00e7\u00e3o \u00e0 vista, conforme a situa\u00e7\u00e3o dos contratos e o tipo de opera\u00e7\u00e3o de cr\u00e9dito. Abrange cerca de 2,6 milh\u00f5es de clientes pessoa f\u00edsica, dos quais 92% poder\u00e3o quitar suas d\u00edvidas \u00e0 vista por valores inferiores a R$ 2.000,00, e 320 mil pessoas jur\u00eddicas, em que 65% tem possibilidade de quitar \u00e0 vista com valores inferiores a R$ 5.000,00.<\/p>\n<p style=\"text-align: justify;\">Para ampliar os canais de atendimento e proporcionar mais conveni\u00eancia, algumas cidades receber\u00e3o os Caminh\u00f5es Voc\u00ea no Azul, que s\u00e3o ag\u00eancias m\u00f3veis instaladas em 5 caminh\u00f5es, que realizar\u00e3o atendimento em grandes cidades.<\/p>\n<p style=\"text-align: justify;\">Os clientes tamb\u00e9m poder\u00e3o ser contatados por empresas de recupera\u00e7\u00e3o de cr\u00e9dito, contratadas pela CAIXA, al\u00e9m de SMS e outras formas de comunica\u00e7\u00e3o, que t\u00eam como objetivo divulgar as alternativas negociais dispon\u00edveis.<\/p>\n<p style=\"text-align: justify;\">Fonte: Assessoria de Imprensa da Caixa<\/p>\n<p>&nbsp;<\/p>\n<p><a href=\"https:\/\/senoticias.com.br\/se\/wp-content\/uploads\/2019\/07\/logo-SE-Noticias.jpg\"><img loading=\"lazy\" decoding=\"async\" class=\"aligncenter size-full wp-image-119140\" src=\"https:\/\/senoticias.com.br\/se\/wp-content\/uploads\/2019\/07\/logo-SE-Noticias.jpg\" alt=\"\" width=\"599\" height=\"78\" srcset=\"https:\/\/senoticias.com.br\/se\/wp-content\/uploads\/2019\/07\/logo-SE-Noticias.jpg 599w, https:\/\/senoticias.com.br\/se\/wp-content\/uploads\/2019\/07\/logo-SE-Noticias-300x39.jpg 300w\" sizes=\"(max-width: 599px) 100vw, 599px\" \/><\/a><\/p>\n<p>&nbsp;<\/p>\n<p><em><b>Acompanhe o SE Not\u00edcias no\u00a0<\/b><a href=\"https:\/\/twitter.com\/Senoticias\" target=\"_blank\" rel=\"noopener\"><b>Twitter<\/b><\/a><strong>,\u00a0<\/strong><a href=\"https:\/\/www.facebook.com\/senoticias1\" target=\"_blank\" rel=\"noopener\"><b>Facebook\u00a0<\/b><\/a><strong>e no\u00a0<\/strong><a href=\"https:\/\/www.instagram.com\/senoticias\/\" target=\"_blank\" rel=\"noopener\"><b>Instagram<\/b><\/a><\/em><\/p>\n","protected":false},"excerpt":{"rendered":"<p>A partir da ter\u00e7a-feira, 9, os clientes da Caixa de Aracaju ter\u00e3o a oportunidade de liquidar suas d\u00edvidas, com descontos especiais, diretamente no Caminh\u00e3o Voc\u00ea no Azul. A unidade m\u00f3vel de atendimento estar\u00e1 no munic\u00edpio de 09 a 12 de julho, estacionado na Pra\u00e7a General Valad\u00e3o, no centro da cidade, de ter\u00e7a \u00e0 sexta, das [&hellip;]<\/p>\n","protected":false},"author":6557,"featured_media":0,"comment_status":"closed","ping_status":"closed","sticky":false,"template":"","format":"standard","meta":{"footnotes":""},"categories":[15],"tags":[12537],"class_list":{"0":"post-119181","1":"post","2":"type-post","3":"status-publish","4":"format-standard","6":"category-destaques","7":"tag-negociacao-caixa"},"_links":{"self":[{"href":"https:\/\/senoticias.com.br\/se\/wp-json\/wp\/v2\/posts\/119181"}],"collection":[{"href":"https:\/\/senoticias.com.br\/se\/wp-json\/wp\/v2\/posts"}],"about":[{"href":"https:\/\/senoticias.com.br\/se\/wp-json\/wp\/v2\/types\/post"}],"author":[{"embeddable":true,"href":"https:\/\/senoticias.com.br\/se\/wp-json\/wp\/v2\/users\/6557"}],"replies":[{"embeddable":true,"href":"https:\/\/senoticias.com.br\/se\/wp-json\/wp\/v2\/comments?post=119181"}],"version-history":[{"count":0,"href":"https:\/\/senoticias.com.br\/se\/wp-json\/wp\/v2\/posts\/119181\/revisions"}],"wp:attachment":[{"href":"https:\/\/senoticias.com.br\/se\/wp-json\/wp\/v2\/media?parent=119181"}],"wp:term":[{"taxonomy":"category","embeddable":true,"href":"https:\/\/senoticias.com.br\/se\/wp-json\/wp\/v2\/categories?post=119181"},{"taxonomy":"post_tag","embeddable":true,"href":"https:\/\/senoticias.com.br\/se\/wp-json\/wp\/v2\/tags?post=119181"}],"curies":[{"name":"wp","href":"https:\/\/api.w.org\/{rel}","templated":true}]}}