{"id":119179,"date":"2019-07-08T09:11:06","date_gmt":"2019-07-08T12:11:06","guid":{"rendered":"https:\/\/senoticias.com.br\/se\/?p=119179"},"modified":"2019-07-09T06:34:23","modified_gmt":"2019-07-09T09:34:23","slug":"sergipe-completa-199-anos-e-festeja-com-shows-de-mingo-santana-erivaldo-de-carira-e-luis-fontinele","status":"publish","type":"post","link":"https:\/\/senoticias.com.br\/se\/sergipe-completa-199-anos-e-festeja-com-shows-de-mingo-santana-erivaldo-de-carira-e-luis-fontinele\/","title":{"rendered":"Sergipe completa 199 anos e festeja com shows de Mingo Santana, Erivaldo de Carira e Lu\u00eds Fontinele"},"content":{"rendered":"<p style=\"text-align: justify;\">Nesta segunda-feira, 8, \u00e9 comemorado os 199 anos de emancipa\u00e7\u00e3o pol\u00edtica de Sergipe, e a data ser\u00e1 celebrada com a assinatura de um decreto e apresenta\u00e7\u00f5es culturais.<\/p>\n<div id=\"attachment_107796\" style=\"width: 609px\" class=\"wp-caption alignnone\"><a href=\"https:\/\/senoticias.com.br\/se\/wp-content\/uploads\/2017\/10\/WhatsApp-Image-2017-10-29-at-12.33.11-e1509289307888.jpeg\"><img loading=\"lazy\" decoding=\"async\" aria-describedby=\"caption-attachment-107796\" class=\"size-full wp-image-107796\" src=\"https:\/\/senoticias.com.br\/se\/wp-content\/uploads\/2017\/10\/WhatsApp-Image-2017-10-29-at-12.33.11-e1509289307888.jpeg\" alt=\"\" width=\"599\" height=\"306\" \/><\/a><p id=\"caption-attachment-107796\" class=\"wp-caption-text\">Emancipa\u00e7\u00e3o pol\u00edtica de Sergipe tem programa\u00e7\u00e3o especial na cidade de S\u00e3o Crist\u00f3v\u00e3o (foto: arquivo\/SE Not\u00edcias)<\/p><\/div>\n<p style=\"text-align: justify;\">O evento ser\u00e1 iniciado a partir das 16 horas, no Museu Hist\u00f3rico de Sergipe, na cidade de S\u00e3o Crist\u00f3v\u00e3o, com o hasteamento das bandeiras ao som da Banda do Corpo de Bombeiros Militar de Sergipe, seguido da assinatura do decreto para constitui\u00e7\u00e3o da Comiss\u00e3o do Bicenten\u00e1rio de Sergipe.<\/p>\n<p style=\"text-align: justify;\">As 16h30 se apresentam na Igreja S\u00e3o Francisco a Orquestra Sinf\u00f4nica de Sergipe e o coro da Universidade Federal de Sergipe (UFS). A partir das 17h30 ser\u00e3o realizados <strong>shows com Mingo Santana<\/strong>, <strong>Erivaldo de Carira e Lu\u00eds Fontinele<\/strong>. O evento ser\u00e1 encerrado com o grupo chorinho Brasileir\u00edssimo.<\/p>\n<p>&nbsp;<\/p>\n<p><em><b>Acompanhe o SE Not\u00edcias no\u00a0<\/b><a href=\"https:\/\/twitter.com\/Senoticias\" target=\"_blank\" rel=\"noopener\"><b>Twitter<\/b><\/a><strong>,\u00a0<\/strong><a href=\"https:\/\/www.facebook.com\/senoticias1\" target=\"_blank\" rel=\"noopener\"><b>Facebook\u00a0<\/b><\/a><strong>e no\u00a0<\/strong><a href=\"https:\/\/www.instagram.com\/senoticias\/\" target=\"_blank\" rel=\"noopener\"><b>Instagram<\/b><\/a><\/em><\/p>\n<p>&nbsp;<\/p>\n<p>&nbsp;<\/p>\n<p><a href=\"https:\/\/senoticias.com.br\/se\/wp-content\/uploads\/2019\/07\/logo-SE-Noticias.jpg\"><img loading=\"lazy\" decoding=\"async\" class=\"alignnone size-full wp-image-119140\" src=\"https:\/\/senoticias.com.br\/se\/wp-content\/uploads\/2019\/07\/logo-SE-Noticias.jpg\" alt=\"\" width=\"599\" height=\"78\" srcset=\"https:\/\/senoticias.com.br\/se\/wp-content\/uploads\/2019\/07\/logo-SE-Noticias.jpg 599w, https:\/\/senoticias.com.br\/se\/wp-content\/uploads\/2019\/07\/logo-SE-Noticias-300x39.jpg 300w\" sizes=\"(max-width: 599px) 100vw, 599px\" \/><\/a><\/p>\n<p>&nbsp;<\/p>\n<p>&nbsp;<\/p>\n<p><em>Com informa\u00e7\u00f5es do G1 Se<\/em><\/p>\n","protected":false},"excerpt":{"rendered":"<p>Nesta segunda-feira, 8, \u00e9 comemorado os 199 anos de emancipa\u00e7\u00e3o pol\u00edtica de Sergipe, e a data ser\u00e1 celebrada com a assinatura de um decreto e apresenta\u00e7\u00f5es culturais. O evento ser\u00e1 iniciado a partir das 16 horas, no Museu Hist\u00f3rico de Sergipe, na cidade de S\u00e3o Crist\u00f3v\u00e3o, com o hasteamento das bandeiras ao som da Banda [&hellip;]<\/p>\n","protected":false},"author":6552,"featured_media":107796,"comment_status":"closed","ping_status":"closed","sticky":false,"template":"","format":"standard","meta":{"footnotes":""},"categories":[38,6],"tags":[12536,4492,5694,12535,81],"class_list":{"0":"post-119179","1":"post","2":"type-post","3":"status-publish","4":"format-standard","5":"has-post-thumbnail","7":"category-municipios","8":"category-politica","9":"tag-199-anos-de-emancipacao-politica-de-sergipe","10":"tag-emancipacao-politica-de-sergipe","11":"tag-museu-historico-de-sergipe","12":"tag-orquestra-sinfonica-de-sergipe","13":"tag-prefeitura-de-sao-cristovao"},"_links":{"self":[{"href":"https:\/\/senoticias.com.br\/se\/wp-json\/wp\/v2\/posts\/119179"}],"collection":[{"href":"https:\/\/senoticias.com.br\/se\/wp-json\/wp\/v2\/posts"}],"about":[{"href":"https:\/\/senoticias.com.br\/se\/wp-json\/wp\/v2\/types\/post"}],"author":[{"embeddable":true,"href":"https:\/\/senoticias.com.br\/se\/wp-json\/wp\/v2\/users\/6552"}],"replies":[{"embeddable":true,"href":"https:\/\/senoticias.com.br\/se\/wp-json\/wp\/v2\/comments?post=119179"}],"version-history":[{"count":0,"href":"https:\/\/senoticias.com.br\/se\/wp-json\/wp\/v2\/posts\/119179\/revisions"}],"wp:featuredmedia":[{"embeddable":true,"href":"https:\/\/senoticias.com.br\/se\/wp-json\/wp\/v2\/media\/107796"}],"wp:attachment":[{"href":"https:\/\/senoticias.com.br\/se\/wp-json\/wp\/v2\/media?parent=119179"}],"wp:term":[{"taxonomy":"category","embeddable":true,"href":"https:\/\/senoticias.com.br\/se\/wp-json\/wp\/v2\/categories?post=119179"},{"taxonomy":"post_tag","embeddable":true,"href":"https:\/\/senoticias.com.br\/se\/wp-json\/wp\/v2\/tags?post=119179"}],"curies":[{"name":"wp","href":"https:\/\/api.w.org\/{rel}","templated":true}]}}