{"id":119176,"date":"2019-07-08T08:03:09","date_gmt":"2019-07-08T11:03:09","guid":{"rendered":"https:\/\/senoticias.com.br\/se\/?p=119176"},"modified":"2019-07-08T08:03:09","modified_gmt":"2019-07-08T11:03:09","slug":"defesa-civil-emite-alerta-para-chuva-forte-nesta-segunda-feira-em-sergipe","status":"publish","type":"post","link":"https:\/\/senoticias.com.br\/se\/defesa-civil-emite-alerta-para-chuva-forte-nesta-segunda-feira-em-sergipe\/","title":{"rendered":"Defesa Civil emite alerta para chuva forte nesta segunda-feira em Sergipe"},"content":{"rendered":"<p style=\"text-align: justify;\">A Defesa Civil Estadual emitiu um alerta, no final da tarde de domingo (7), para chuva de moderada a forte intensidade podendo gerar ac\u00famulos expressivos em alguns pontos do estado, em virtude de uma frente fria no oceano.<\/p>\n<div id=\"attachment_119177\" style=\"width: 609px\" class=\"wp-caption alignnone\"><a href=\"https:\/\/senoticias.com.br\/se\/wp-content\/uploads\/2019\/07\/Chuvas-SE-Noticias-e1562583536855.jpeg\"><img loading=\"lazy\" decoding=\"async\" aria-describedby=\"caption-attachment-119177\" class=\"size-full wp-image-119177\" src=\"https:\/\/senoticias.com.br\/se\/wp-content\/uploads\/2019\/07\/Chuvas-SE-Noticias-e1562583536855.jpeg\" alt=\"\" width=\"599\" height=\"799\" \/><\/a><p id=\"caption-attachment-119177\" class=\"wp-caption-text\">Alerta \u00e9 v\u00e1lido para esta segunda-feira (foto: SE Not\u00edcias)<\/p><\/div>\n<p style=\"text-align: justify;\">Ainda de acordo com o boletim, o alerta \u00e9 v\u00e1lido para as pr\u00f3ximas 24 horas. Existindo ainda a possibilidade de raios e rajadas de ventos de at\u00e9 60km\/h.<\/p>\n<p style=\"text-align: justify;\">A Defesa Civil Estadual recomenda que a popula\u00e7\u00e3o se mantenha atenta e evite enfrentar o mau tempo. \u00c9 preciso redobrar a aten\u00e7\u00e3o \u00e0s altera\u00e7\u00f5es nas encostas e evitar usar aparelhos eletr\u00f4nicos ligados \u00e0 tomada.<\/p>\n<p style=\"text-align: justify;\"><strong>Servi\u00e7o<\/strong><\/p>\n<p>Quem desejar receber os alertas da Defesa Civil via SMS, deve enviar mensagem para o n\u00famero 40199, informando o CEP da localidade. Situa\u00e7\u00f5es de emerg\u00eancia devem ser informadas pelo telefone 193. Na capital, intercorr\u00eancias tamb\u00e9m podem ser informadas pelo n\u00famero 199.<\/p>\n<p>&nbsp;<\/p>\n<p>&nbsp;<\/p>\n<p><a href=\"https:\/\/senoticias.com.br\/se\/wp-content\/uploads\/2019\/07\/logo-SE-Noticias.jpg\"><img loading=\"lazy\" decoding=\"async\" class=\"alignnone size-full wp-image-119140\" src=\"https:\/\/senoticias.com.br\/se\/wp-content\/uploads\/2019\/07\/logo-SE-Noticias.jpg\" alt=\"\" width=\"599\" height=\"78\" srcset=\"https:\/\/senoticias.com.br\/se\/wp-content\/uploads\/2019\/07\/logo-SE-Noticias.jpg 599w, https:\/\/senoticias.com.br\/se\/wp-content\/uploads\/2019\/07\/logo-SE-Noticias-300x39.jpg 300w\" sizes=\"(max-width: 599px) 100vw, 599px\" \/><\/a><\/p>\n<p>&nbsp;<\/p>\n<p>&nbsp;<\/p>\n<p><em><b>Acompanhe o SE Not\u00edcias no\u00a0<\/b><a href=\"https:\/\/twitter.com\/Senoticias\" target=\"_blank\" rel=\"noopener\"><b>Twitter<\/b><\/a><strong>,\u00a0<\/strong><a href=\"https:\/\/www.facebook.com\/senoticias1\" target=\"_blank\" rel=\"noopener\"><b>Facebook\u00a0<\/b><\/a><strong>e no\u00a0<\/strong><a href=\"https:\/\/www.instagram.com\/senoticias\/\" target=\"_blank\" rel=\"noopener\"><b>Instagram<\/b><\/a><\/em><\/p>\n<p>&nbsp;<\/p>\n<p>&nbsp;<\/p>\n<p><em>Com informa\u00e7\u00f5es do G1 SE<\/em><\/p>\n","protected":false},"excerpt":{"rendered":"<p>A Defesa Civil Estadual emitiu um alerta, no final da tarde de domingo (7), para chuva de moderada a forte intensidade podendo gerar ac\u00famulos expressivos em alguns pontos do estado, em virtude de uma frente fria no oceano. Ainda de acordo com o boletim, o alerta \u00e9 v\u00e1lido para as pr\u00f3ximas 24 horas. Existindo ainda [&hellip;]<\/p>\n","protected":false},"author":6552,"featured_media":119177,"comment_status":"closed","ping_status":"closed","sticky":false,"template":"","format":"standard","meta":{"footnotes":""},"categories":[15,6],"tags":[12534,119,12533,11172],"class_list":{"0":"post-119176","1":"post","2":"type-post","3":"status-publish","4":"format-standard","5":"has-post-thumbnail","7":"category-destaques","8":"category-politica","9":"tag-chuva-forte","10":"tag-chuvas","11":"tag-defesa-civil-estadual","12":"tag-previsao-de-chuvas"},"_links":{"self":[{"href":"https:\/\/senoticias.com.br\/se\/wp-json\/wp\/v2\/posts\/119176"}],"collection":[{"href":"https:\/\/senoticias.com.br\/se\/wp-json\/wp\/v2\/posts"}],"about":[{"href":"https:\/\/senoticias.com.br\/se\/wp-json\/wp\/v2\/types\/post"}],"author":[{"embeddable":true,"href":"https:\/\/senoticias.com.br\/se\/wp-json\/wp\/v2\/users\/6552"}],"replies":[{"embeddable":true,"href":"https:\/\/senoticias.com.br\/se\/wp-json\/wp\/v2\/comments?post=119176"}],"version-history":[{"count":0,"href":"https:\/\/senoticias.com.br\/se\/wp-json\/wp\/v2\/posts\/119176\/revisions"}],"wp:featuredmedia":[{"embeddable":true,"href":"https:\/\/senoticias.com.br\/se\/wp-json\/wp\/v2\/media\/119177"}],"wp:attachment":[{"href":"https:\/\/senoticias.com.br\/se\/wp-json\/wp\/v2\/media?parent=119176"}],"wp:term":[{"taxonomy":"category","embeddable":true,"href":"https:\/\/senoticias.com.br\/se\/wp-json\/wp\/v2\/categories?post=119176"},{"taxonomy":"post_tag","embeddable":true,"href":"https:\/\/senoticias.com.br\/se\/wp-json\/wp\/v2\/tags?post=119176"}],"curies":[{"name":"wp","href":"https:\/\/api.w.org\/{rel}","templated":true}]}}