{"id":119169,"date":"2019-07-07T20:09:04","date_gmt":"2019-07-07T23:09:04","guid":{"rendered":"https:\/\/senoticias.com.br\/se\/?p=119169"},"modified":"2019-07-07T20:09:04","modified_gmt":"2019-07-07T23:09:04","slug":"brasil-vence-peru-no-maracana-e-conquista-a-copa-america","status":"publish","type":"post","link":"https:\/\/senoticias.com.br\/se\/brasil-vence-peru-no-maracana-e-conquista-a-copa-america\/","title":{"rendered":"Brasil vence Peru no Maracan\u00e3 e conquista a Copa Am\u00e9rica"},"content":{"rendered":"<div class=\"texto\" style=\"text-align: justify;\">O Maracan\u00e3 mais uma vez voltou a ser o palco de uma conquista da sele\u00e7\u00e3o brasileira. Ap\u00f3s Copa das Confedera\u00e7\u00f5es e o ouro ol\u00edmpico, os comandados de Tite repetiram 1989 e sagraram-se campe\u00f5es da Copa Am\u00e9rica em casa. Mesmo sem ser brilhante no reencontro com o est\u00e1dio ap\u00f3s seis anos, a Sele\u00e7\u00e3o derrotou o Peru por\u00a03 a 1, gols de Everton, Gabriel Jesus e Richarlison &#8211; Guerrero descontou -, e levantou o trof\u00e9u continental pela nona vez (a \u00faltima havia sido em 2007, na Venezuela).<\/p>\n<div id=\"attachment_119170\" style=\"width: 609px\" class=\"wp-caption alignnone\"><a href=\"https:\/\/senoticias.com.br\/se\/wp-content\/uploads\/2019\/07\/1_dani8823-11937801.jpg\"><img loading=\"lazy\" decoding=\"async\" aria-describedby=\"caption-attachment-119170\" class=\"size-full wp-image-119170\" src=\"https:\/\/senoticias.com.br\/se\/wp-content\/uploads\/2019\/07\/1_dani8823-11937801-e1562540763760.jpg\" alt=\"\" width=\"599\" height=\"402\" \/><\/a><p id=\"caption-attachment-119170\" class=\"wp-caption-text\">Final da Copa America no Estadio Maracana, Rio de Janeiro. (Foto: Daniel Castelo Branco \/ Ag\u00eancia O Dia)<\/p><\/div>\n<\/div>\n<div class=\"texto\" style=\"text-align: justify;\">A conquista foi sofrida, apesar do placar. Diante de 69.986 torcedores, a Sele\u00e7\u00e3o n\u00e3o teve boa atua\u00e7\u00e3o apesar da enorme diferen\u00e7a t\u00e9cnica entre as duas equipes\u00a0e o fim de jogo ainda foi dram\u00e1tico gra\u00e7as \u00e0 expuls\u00e3o de Gabriel Jesus aos 24.\u00a0A torcida s\u00f3 conseguiu comemorar ao som de &#8220;o campe\u00e3o voltou&#8221; quando Richarlison marcou o terceiro aos 44.<\/p>\n<p>Assim como no encontro entre as duas equipes na fase de grupos, o Peru come\u00e7ou melhor: Pressionou em seu ataque contra uma Sele\u00e7\u00e3o fria, que n\u00e3o parecia disputar uma final no Maracan\u00e3. E novamente os brasileiros, mesmo mal, s\u00f3 precisaram de um ataque para abrir o placar, aos 14 minutos, mais uma vez em jogada individual, assim como na goleada por 5 a 0 em S\u00e3o Paulo.<\/p><\/div>\n<div class=\"texto\" style=\"text-align: justify;\">Gabriel Jesus fez um carnaval em cima de Trauco e cruzou para Everton, sozinho, fazer 1 a 0 e se isolar na artilharia da Copa Am\u00e9rica, com tr\u00eas gols. Um gol para animar os torcedores, mas n\u00e3o a Sele\u00e7\u00e3o, que continuou no seu ritmo lento. Fora dois lances isolados, em chute de Coutinho rente \u00e0 trave, e cabe\u00e7ada de Firmino, para fora, o que se viu foi um Peru tentando atacar sem qualidade e um Brasil administrando o resultado numa atua\u00e7\u00e3o burocr\u00e1tica.<\/div>\n<div style=\"text-align: justify;\"><\/div>\n<div style=\"text-align: justify;\">\n<div class=\"texto\">At\u00e9 que numa boa tabela entre Cueva e Flores, a bola bateu no bra\u00e7o de Thiago Silva dentro da \u00e1rea. P\u00eanalti para o Peru, confirmado ap\u00f3s revis\u00e3o do VAR. Guerrero cobrou bem e empatou, aos 43, tamb\u00e9m alcan\u00e7ando a artilharia. Foi o primeiro gol do Brasil sofrido nesta Copa Am\u00e9rica. A defesa n\u00e3o era vazada h\u00e1 sete jogos e Alisson h\u00e1 nove, contando Liverpool tamb\u00e9m.<\/p>\n<\/div>\n<div class=\"texto\">O empate era um castigo pela postura brasileira, mas a preocupa\u00e7\u00e3o durou apenas quatro minutos. J\u00e1 nos acr\u00e9scimos, Firmino recuperou a bola no ataque, tocou para Arthur, que passou para Gabriel Jesus, na entrada da \u00e1rea, fazer o segundo aproveitando escorreg\u00e3o do defensor peruano. A rea\u00e7\u00e3o de Guerrero, distante dos companheiros e sem acreditar foi um aviso do que estava por vir.<\/p>\n<\/div>\n<div class=\"texto\">Na volta do intervalo, o Brasil resolveu jogar um pouco bola. Sem ser brilhante, passou a criar chances at\u00e9 com certa facilidade nos primeiros minutos, pecando ou na conclus\u00e3o ou no \u00faltimo passe: Coutinho chutou para fora e deixou de dar dois passes para companheiros, enquanto Firmino finalizou mal. Mas novamente a equipe parou ap\u00f3s os 15, deixando o Peru gostar do jogo, cruzando bolas perigosas em sequ\u00eancia para a \u00e1rea brasileira.<\/p>\n<\/div>\n<div class=\"texto\">E Gabriel Jesus ainda dificultou as coisas ao ser expulso de maneira infantil, aos 24, fazendo falta sem bola em Tapia. O atacante caiu na pilha peruana, ap\u00f3s levar entrada dura minutos antes e ficou chorando na entrada para o vesti\u00e1rio. A press\u00e3o ent\u00e3o aumentou.<\/p>\n<\/div>\n<div class=\"texto\">Alisson precisou salvar em chute de Trauco e Flores soltou uma bomba para fora. Ent\u00e3o Tite colocou Richarlison no lugar de Firmino e Milit\u00e3o no de Coutinho, avan\u00e7ando Daniel Alves para o meio e apostando num contra-ataque. O jogo ent\u00e3o ficou tenso, com entradas duras dos peruanos e brasileiros tentando for\u00e7ar uma expuls\u00e3o.<\/p>\n<\/div>\n<div class=\"texto\">At\u00e9 que, aos 42, Everton arrancou da esquerda, foi para o meio e entrou na \u00e1rea. O atacante adiantou muito e levou\u00a0ombro a ombro de Zambrano. P\u00eanalti\u00a0 inexistente que a arbitragem marcou mesmo com o aux\u00edlio do VAR. Richarlison, ovacionado pela torcida ao entrar, cobrou e marcou aos 44, garantindo a vit\u00f3ria e o t\u00edtulo da Sele\u00e7\u00e3o no Maracan\u00e3, a sua casa.<\/div>\n<\/div>\n<div><\/div>\n<div><a href=\"https:\/\/senoticias.com.br\/se\/wp-content\/uploads\/2019\/07\/logo-SE-Noticias.jpg\"><img loading=\"lazy\" decoding=\"async\" class=\"alignnone size-full wp-image-119140\" src=\"https:\/\/senoticias.com.br\/se\/wp-content\/uploads\/2019\/07\/logo-SE-Noticias.jpg\" alt=\"\" width=\"599\" height=\"78\" srcset=\"https:\/\/senoticias.com.br\/se\/wp-content\/uploads\/2019\/07\/logo-SE-Noticias.jpg 599w, https:\/\/senoticias.com.br\/se\/wp-content\/uploads\/2019\/07\/logo-SE-Noticias-300x39.jpg 300w\" sizes=\"(max-width: 599px) 100vw, 599px\" \/><\/a><\/div>\n<div><\/div>\n<div><b><i>Acompanhe o SE Not\u00edcias no\u00a0<\/i><\/b><a href=\"https:\/\/twitter.com\/Senoticias\" target=\"_blank\" rel=\"noopener\"><b>Twitter<\/b><\/a><strong>,\u00a0<\/strong><a href=\"https:\/\/www.facebook.com\/senoticias1\" target=\"_blank\" rel=\"noopener\"><b>Facebook\u00a0<\/b><\/a><strong>e no\u00a0<\/strong><a href=\"https:\/\/www.instagram.com\/senoticias\/\" target=\"_blank\" rel=\"noopener\"><b>Instagram<\/b><\/a><\/div>\n<div><\/div>\n<div>\nPor Hugo Perruso e Marcelo Bertoldo, Ag\u00eancia O Dia<\/div>\n<div style=\"text-align: justify;\"><\/div>\n","protected":false},"excerpt":{"rendered":"<p>O Maracan\u00e3 mais uma vez voltou a ser o palco de uma conquista da sele\u00e7\u00e3o brasileira. Ap\u00f3s Copa das Confedera\u00e7\u00f5es e o ouro ol\u00edmpico, os comandados de Tite repetiram 1989 e sagraram-se campe\u00f5es da Copa Am\u00e9rica em casa. Mesmo sem ser brilhante no reencontro com o est\u00e1dio ap\u00f3s seis anos, a Sele\u00e7\u00e3o derrotou o Peru [&hellip;]<\/p>\n","protected":false},"author":6552,"featured_media":119170,"comment_status":"closed","ping_status":"closed","sticky":false,"template":"","format":"standard","meta":{"footnotes":""},"categories":[15,26],"tags":[12526,12525,12527,12524],"class_list":{"0":"post-119169","1":"post","2":"type-post","3":"status-publish","4":"format-standard","5":"has-post-thumbnail","7":"category-destaques","8":"category-esportes","9":"tag-brasil-vence-o-peru","10":"tag-brasil-x-peru","11":"tag-estadio-maracana","12":"tag-final-da-copa-america"},"_links":{"self":[{"href":"https:\/\/senoticias.com.br\/se\/wp-json\/wp\/v2\/posts\/119169"}],"collection":[{"href":"https:\/\/senoticias.com.br\/se\/wp-json\/wp\/v2\/posts"}],"about":[{"href":"https:\/\/senoticias.com.br\/se\/wp-json\/wp\/v2\/types\/post"}],"author":[{"embeddable":true,"href":"https:\/\/senoticias.com.br\/se\/wp-json\/wp\/v2\/users\/6552"}],"replies":[{"embeddable":true,"href":"https:\/\/senoticias.com.br\/se\/wp-json\/wp\/v2\/comments?post=119169"}],"version-history":[{"count":0,"href":"https:\/\/senoticias.com.br\/se\/wp-json\/wp\/v2\/posts\/119169\/revisions"}],"wp:featuredmedia":[{"embeddable":true,"href":"https:\/\/senoticias.com.br\/se\/wp-json\/wp\/v2\/media\/119170"}],"wp:attachment":[{"href":"https:\/\/senoticias.com.br\/se\/wp-json\/wp\/v2\/media?parent=119169"}],"wp:term":[{"taxonomy":"category","embeddable":true,"href":"https:\/\/senoticias.com.br\/se\/wp-json\/wp\/v2\/categories?post=119169"},{"taxonomy":"post_tag","embeddable":true,"href":"https:\/\/senoticias.com.br\/se\/wp-json\/wp\/v2\/tags?post=119169"}],"curies":[{"name":"wp","href":"https:\/\/api.w.org\/{rel}","templated":true}]}}