{"id":119167,"date":"2019-07-07T10:02:28","date_gmt":"2019-07-07T13:02:28","guid":{"rendered":"https:\/\/senoticias.com.br\/se\/?p=119167"},"modified":"2019-07-07T10:06:08","modified_gmt":"2019-07-07T13:06:08","slug":"governo-adota-medidas-para-diminuir-preco-do-gas-natural-em-sergipe","status":"publish","type":"post","link":"https:\/\/senoticias.com.br\/se\/governo-adota-medidas-para-diminuir-preco-do-gas-natural-em-sergipe\/","title":{"rendered":"Governo adota medidas para diminuir pre\u00e7o do g\u00e1s natural em Sergipe"},"content":{"rendered":"<p style=\"text-align: justify;\">Foi publicado na \u00faltima sexta-feira (05), no Di\u00e1rio Oficial de Sergipe, decreto que reduz a carga tribut\u00e1ria do Imposto Sobre Circula\u00e7\u00e3o de Mercadorias e Servi\u00e7os (ICMS) no que se refere ao g\u00e1s natural, para as opera\u00e7\u00f5es que destinem esse produto a empresas localizadas em Sergipe.<\/p>\n<div id=\"attachment_119168\" style=\"width: 560px\" class=\"wp-caption aligncenter\"><a href=\"https:\/\/senoticias.com.br\/se\/wp-content\/uploads\/2019\/07\/67201914233010804_miuiq-e1562504463598.jpeg\"><img loading=\"lazy\" decoding=\"async\" aria-describedby=\"caption-attachment-119168\" class=\"size-full wp-image-119168\" src=\"https:\/\/senoticias.com.br\/se\/wp-content\/uploads\/2019\/07\/67201914233010804_miuiq-e1562504463598.jpeg\" alt=\"\" width=\"550\" height=\"351\" \/><\/a><p id=\"caption-attachment-119168\" class=\"wp-caption-text\">Foto: Ag\u00eancia Sergipe<\/p><\/div>\n<p style=\"text-align: justify;\">\u201cN\u00f3s do governo do estado vamos modificar toda a regulamenta\u00e7\u00e3o do g\u00e1s, para atrair mais empreendimentos para que possamos criar a nossa regi\u00e3o portu\u00e1ria, na Barra dos Coqueiros. Toda essa regi\u00e3o estar\u00e1 sendo preparada como a sua infraestrutura, para receber novos empreendimentos. At\u00e9 l\u00e1, vamos atrair empreendimentos para que, quando efetivamente tivermos a explora\u00e7\u00e3o do g\u00e1s, em fun\u00e7\u00e3o do que est\u00e1 sendo descoberto em nossa bacia, n\u00f3s j\u00e1 estaremos com ambiente todo preparado para que o desenvolvimento aconte\u00e7a a partir dessa nova era do g\u00e1s em Sergipe\u201d, destacou o governador.<\/p>\n<p style=\"text-align: justify;\">A iniciativa integra um conjunto de a\u00e7\u00f5es direcionadas ao desenvolvimento econ\u00f4mico do estado ligado ao setor do g\u00e1s natural, especificamente quando o produto for destinado a ind\u00fastrias integrantes do Programa Sergipano de Desenvolvimento Industrial (PSDI), bem como para as ind\u00fastrias que venham se instalar em Sergipe.Em sua primeira medida, o governo oferecer\u00e1 a redu\u00e7\u00e3o na base de c\u00e1lculo do ICMS nas opera\u00e7\u00f5es da empresa produtora (Petrobras) para a Serg\u00e1s, resultando em uma diminui\u00e7\u00e3o da carga tribut\u00e1ria de 18% para 12%, al\u00e9m do diferimento do ICMS, com dispensa de pagamento sobre as opera\u00e7\u00f5es da Serg\u00e1s destinadas \u00e0s ind\u00fastrias do PSDI.<\/p>\n<p style=\"text-align: justify;\">O governo de Sergipe promover\u00e1 a isen\u00e7\u00e3o nas opera\u00e7\u00f5es da Petrobras para a Serg\u00e1s com as empresas que desenvolvam atividades definidas pela Classifica\u00e7\u00e3o Nacional de Atividades Econ\u00f4micas, assim como conceder\u00e1 o diferimento com dispensa de pagamento nas opera\u00e7\u00f5es da Serg\u00e1s com essas ind\u00fastrias.<\/p>\n<p style=\"text-align: justify;\">Tamb\u00e9m haver\u00e1 redu\u00e7\u00e3o na base de c\u00e1lculo do ICMS nas opera\u00e7\u00f5es da empresa produtora (Petrobras) para a Serg\u00e1s, de 18% para 12% e a isen\u00e7\u00e3o das sa\u00eddas desse produto da Serg\u00e1s com destino a ind\u00fastrias de fabrica\u00e7\u00e3o de vidros planos. Da mesma forma, o governo do Estado promover\u00e1 a redu\u00e7\u00e3o na base de c\u00e1lculo de ICMS nas opera\u00e7\u00f5es da Petrobras para a Serg\u00e1s, estendendo a redu\u00e7\u00e3o da carga tribut\u00e1ria de 18% para 12% a qualquer segmento industrial.<\/p>\n<p style=\"text-align: justify;\">Como resultado da s\u00e9rie de medidas adotadas pelo governo de Sergipe, h\u00e1 uma perspectiva de poss\u00edvel redu\u00e7\u00e3o no pre\u00e7o final do metro c\u00fabico do g\u00e1s natural numa margem entre 14% e 20%.<\/p>\n<p style=\"text-align: justify;\">\u201cPrimeiro quebra-se o monop\u00f3lio do g\u00e1s pela Petrobras. Al\u00e9m disso, n\u00f3s vamos tratar do nosso marco regulat\u00f3rio e buscar as sa\u00eddas via legisla\u00e7\u00e3o. Anunciamos a redu\u00e7\u00e3o do pre\u00e7o do g\u00e1s com rela\u00e7\u00e3o ao ICMS. Com isso, teremos um g\u00e1s mais barato a partir da redu\u00e7\u00e3o da al\u00edquota do ICMS. Vamos preparar o ambiente em termo de legisla\u00e7\u00e3o e infraestrutura para redu\u00e7\u00e3o do pre\u00e7o do g\u00e1s\u201d, completou Belivaldo.<\/p>\n<p style=\"text-align: justify;\">Ainda no decorrer do an\u00fancio das medidas, o governador tamb\u00e9m assinou o encaminhamento \u00e0 Assembleia Legislativa de Sergipe do Projeto de Lei que cria a Regi\u00e3o Industrial Portu\u00e1ria com os munic\u00edpios de Barra dos Coqueiros, Santo Amaro das Brotas, Maruim e Laranjeiras. O objetivo \u00e9 facilitar a implanta\u00e7\u00e3o de ind\u00fastrias com foco no g\u00e1s.<\/p>\n<p style=\"text-align: justify;\">\u201cO que n\u00e3o falta \u00e9 boa not\u00edcia para Sergipe, o que n\u00e3o falta \u00e9 boa not\u00edcia para Aracaju e para o restante do pa\u00eds \u00e9 um grande exemplo. O g\u00e1s natural tem que ser uma solu\u00e7\u00e3o e \u00e9 nesse sentido que n\u00f3s estamos caminhando e Sergipe a meu ver est\u00e1 na dianteira. No in\u00edcio de 2020 teremos em funcionamento a maior termoel\u00e9trica da Am\u00e9rica Latina aqui em Aracaju 1,5 giga watts, \u00e9 realmente um empreendimento fabuloso e agora que o pa\u00eds est\u00e1 propondo um novo mercado de g\u00e1s, Sergipe certamente ser\u00e1 um grande exemplo para os outros estados da federa\u00e7\u00e3o\u201d, destacou o ministro de Minas e Energia, Bento Albuquerque.<\/p>\n<p style=\"text-align: justify;\">O secret\u00e1rio de Desenvolvimento Econ\u00f4mico, Jos\u00e9 Augusto de Carvalho, ressaltou o potencial de crescimento de Sergipe. \u201cV\u00e1rias possibilidades se abrem no estado com a chegada de um grande volume de g\u00e1s natural, seja ele liquefeito ou oriundos de campos de \u00e1guas profundas, mas para transformar esse g\u00e1s em progresso e desenvolvimento temos muita coisa para fazer. O diferencial de Sergipe \u00e9 que Sergipe quer fazer e vai fazer acontecer\u201d.<\/p>\n<p style=\"text-align: justify;\">Foto: Governo de Sergipe<\/p>\n<p>&nbsp;<\/p>\n<p><a href=\"https:\/\/senoticias.com.br\/se\/wp-content\/uploads\/2019\/07\/logo-SE-Noticias.jpg\"><img loading=\"lazy\" decoding=\"async\" class=\"aligncenter size-full wp-image-119140\" src=\"https:\/\/senoticias.com.br\/se\/wp-content\/uploads\/2019\/07\/logo-SE-Noticias.jpg\" alt=\"\" width=\"599\" height=\"78\" srcset=\"https:\/\/senoticias.com.br\/se\/wp-content\/uploads\/2019\/07\/logo-SE-Noticias.jpg 599w, https:\/\/senoticias.com.br\/se\/wp-content\/uploads\/2019\/07\/logo-SE-Noticias-300x39.jpg 300w\" sizes=\"(max-width: 599px) 100vw, 599px\" \/><\/a><\/p>\n<p>&nbsp;<\/p>\n<p><b><i>Acompanhe o SE Not\u00edcias no\u00a0<\/i><\/b><a href=\"https:\/\/twitter.com\/Senoticias\" target=\"_blank\" rel=\"noopener\"><b>Twitter<\/b><\/a><strong>,\u00a0<\/strong><a href=\"https:\/\/www.facebook.com\/senoticias1\" target=\"_blank\" rel=\"noopener\"><b>Facebook\u00a0<\/b><\/a><strong>e no\u00a0<\/strong><a href=\"https:\/\/www.instagram.com\/senoticias\/\" target=\"_blank\" rel=\"noopener\"><b>Instagram<\/b><\/a><\/p>\n","protected":false},"excerpt":{"rendered":"<p>Foi publicado na \u00faltima sexta-feira (05), no Di\u00e1rio Oficial de Sergipe, decreto que reduz a carga tribut\u00e1ria do Imposto Sobre Circula\u00e7\u00e3o de Mercadorias e Servi\u00e7os (ICMS) no que se refere ao g\u00e1s natural, para as opera\u00e7\u00f5es que destinem esse produto a empresas localizadas em Sergipe. \u201cN\u00f3s do governo do estado vamos modificar toda a regulamenta\u00e7\u00e3o [&hellip;]<\/p>\n","protected":false},"author":6557,"featured_media":0,"comment_status":"closed","ping_status":"closed","sticky":false,"template":"","format":"standard","meta":{"footnotes":""},"categories":[15],"tags":[12523],"class_list":{"0":"post-119167","1":"post","2":"type-post","3":"status-publish","4":"format-standard","6":"category-destaques","7":"tag-gas-natural-preco"},"_links":{"self":[{"href":"https:\/\/senoticias.com.br\/se\/wp-json\/wp\/v2\/posts\/119167"}],"collection":[{"href":"https:\/\/senoticias.com.br\/se\/wp-json\/wp\/v2\/posts"}],"about":[{"href":"https:\/\/senoticias.com.br\/se\/wp-json\/wp\/v2\/types\/post"}],"author":[{"embeddable":true,"href":"https:\/\/senoticias.com.br\/se\/wp-json\/wp\/v2\/users\/6557"}],"replies":[{"embeddable":true,"href":"https:\/\/senoticias.com.br\/se\/wp-json\/wp\/v2\/comments?post=119167"}],"version-history":[{"count":0,"href":"https:\/\/senoticias.com.br\/se\/wp-json\/wp\/v2\/posts\/119167\/revisions"}],"wp:attachment":[{"href":"https:\/\/senoticias.com.br\/se\/wp-json\/wp\/v2\/media?parent=119167"}],"wp:term":[{"taxonomy":"category","embeddable":true,"href":"https:\/\/senoticias.com.br\/se\/wp-json\/wp\/v2\/categories?post=119167"},{"taxonomy":"post_tag","embeddable":true,"href":"https:\/\/senoticias.com.br\/se\/wp-json\/wp\/v2\/tags?post=119167"}],"curies":[{"name":"wp","href":"https:\/\/api.w.org\/{rel}","templated":true}]}}